{"id":81066,"date":"2018-03-10T00:04:53","date_gmt":"2018-03-10T00:04:53","guid":{"rendered":"https:\/\/www.deberes.net\/tesis\/sin-categoria\/la-figura-humana-y-pola%c2%adtica-de-luis-lucia-lucia1888-1943\/"},"modified":"2018-03-10T00:04:53","modified_gmt":"2018-03-10T00:04:53","slug":"la-figura-humana-y-pola%c2%adtica-de-luis-lucia-lucia1888-1943","status":"publish","type":"post","link":"https:\/\/www.deberes.net\/tesis\/historia\/la-figura-humana-y-pola%c2%adtica-de-luis-lucia-lucia1888-1943\/","title":{"rendered":"\u00abla figura humana y pol\u00edtica de luis lucia lucia(1888-1943)\u00bb"},"content":{"rendered":"<h2>Tesis doctoral de <strong>  Comes Iglesia Vicente Manuel <\/strong><\/h2>\n<p>El trabajo sobre \u00abla figura humana y pol\u00edtica de luis lucia lucia(1888-1943)\u00bb quiere insertarse en el esfuerzo de una serie de historiadores por recuperar la memoria de quienes fueron lideres destacados en los a\u00f1os de la restauraci\u00f3n y de la rep\u00fablica, de aquellos que marcaron con su impronta personal una parte de nuestra historia contempor\u00e1nea. El estudio biogr\u00e1fico de luis lucia muestra el perfil de un pol\u00edtico que supo evolucionar ideol\u00f3gicamente desde planteamientos contramodernizadores hasta la aceptaci\u00f3n cr\u00edtica del fen\u00f3meno de la modernizaci\u00f3n producido en la sociedad espa\u00f1ola. Fue esa evoluci\u00f3n la que, en definitiva, le permiti\u00f3 adaptar a la realidad pol\u00edtica de las \u00faltimas d\u00e9cadas de la restauraci\u00f3n y al periodo republicano la defensa de una concepci\u00f3n social derechista, concepci\u00f3n marcada por el denominado \u00abfactor cat\u00f3lico\u00bb. En esta evoluci\u00f3n ideol\u00f3gica, luis lucia estuvo acompa\u00f1ado de importantes sectores cat\u00f3licos y derechistas de valdencia, a los que consigui\u00f3 liderar y organizar en los a\u00f1os veinte y sobre todo, en los treinta mediante el partido derecha regional Valenciana. Vicepresidente de la ceda, diputado a cortes y ministro en 1935 en dos gobiernos de la rep\u00fablica, manifest\u00f3 p\u00fablicamente su lealtad al poder establecido en las cruciales horas del 18 de julio. Esta toma de posici\u00f3n p\u00fablica no le evit\u00f3 ser procesado por la justivia republicana y, posteriormente, ser condenado a muerte por un tribunal militar franquista. Encarcelado en la modelo de barcelona entre 1939 y 1941, se la conmut\u00f3 la pena de c\u00e1rcel por la de destierro en palma de mallorca, falleciendo en los primeros d\u00edas de 1943.  por su actitud pol\u00edtica y por la persecuci\u00f3n de que fue objeto en los \u00faltimos a\u00f1os de su vida, luis lucia se enmarca en el grupo de hombres caracterizados como \u00abtercera espa\u00f1a\u00bb, que no fueron aceptados ni por los vencedores ni por los vencidos de la guerra civil,y sobre quieres recay\u00f3 durante a\u00f1<\/p>\n<p>&nbsp;<\/p>\n<h3>Datos acad\u00e9micos de la tesis doctoral \u00ab<strong>\u00abla figura humana y pol\u00edtica de luis lucia lucia(1888-1943)\u00bb<\/strong>\u00ab<\/h3>\n<ul>\n<li><strong>T\u00edtulo de la tesis:<\/strong>\u00a0 \u00abla figura humana y pol\u00edtica de luis lucia lucia(1888-1943)\u00bb <\/li>\n<li><strong>Autor:<\/strong>\u00a0  Comes Iglesia Vicente Manuel <\/li>\n<li><strong>Universidad:<\/strong>\u00a0 Universitat de val\u00e9ncia (estudi general)<\/li>\n<li><strong>Fecha de lectura de la tesis:<\/strong>\u00a0 29\/10\/1999<\/li>\n<\/ul>\n<p>&nbsp;<\/p>\n<h3>Direcci\u00f3n y tribunal<\/h3>\n<ul>\n<li><strong>Director de la tesis<\/strong>\n<ul>\n<li>Aurora Bosch Sanchez<\/li>\n<\/ul>\n<\/li>\n<li><strong>Tribunal<\/strong>\n<ul>\n<li>Presidente del tribunal: javier Tusell g\u00f3mez <\/li>\n<li> De la granja satin Jos\u00e9 l. (vocal)<\/li>\n<li> Raguer i su\u00f1er hilari (vocal)<\/li>\n<li> Franch i ferrer vicent (vocal)<\/li>\n<\/ul>\n<\/li>\n<\/ul>\n<p>&nbsp;<\/p>\n","protected":false},"excerpt":{"rendered":"<p>Tesis doctoral de Comes Iglesia Vicente Manuel El trabajo sobre \u00abla figura humana y pol\u00edtica de luis lucia lucia(1888-1943)\u00bb quiere [&hellip;]<\/p>\n","protected":false},"author":1,"featured_media":0,"comment_status":"open","ping_status":"open","sticky":false,"template":"","format":"standard","meta":{"site-sidebar-layout":"default","site-content-layout":"","ast-site-content-layout":"","site-content-style":"default","site-sidebar-style":"default","ast-global-header-display":"","ast-banner-title-visibility":"","ast-main-header-display":"","ast-hfb-above-header-display":"","ast-hfb-below-header-display":"","ast-hfb-mobile-header-display":"","site-post-title":"","ast-breadcrumbs-content":"","ast-featured-img":"","footer-sml-layout":"","theme-transparent-header-meta":"","adv-header-id-meta":"","stick-header-meta":"","header-above-stick-meta":"","header-main-stick-meta":"","header-below-stick-meta":"","astra-migrate-meta-layouts":"default","ast-page-background-enabled":"default","ast-page-background-meta":{"desktop":{"background-color":"var(--ast-global-color-4)","background-image":"","background-repeat":"repeat","background-position":"center center","background-size":"auto","background-attachment":"scroll","background-type":"","background-media":"","overlay-type":"","overlay-color":"","overlay-gradient":""},"tablet":{"background-color":"","background-image":"","background-repeat":"repeat","background-position":"center center","background-size":"auto","background-attachment":"scroll","background-type":"","background-media":"","overlay-type":"","overlay-color":"","overlay-gradient":""},"mobile":{"background-color":"","background-image":"","background-repeat":"repeat","background-position":"center center","background-size":"auto","background-attachment":"scroll","background-type":"","background-media":"","overlay-type":"","overlay-color":"","overlay-gradient":""}},"ast-content-background-meta":{"desktop":{"background-color":"var(--ast-global-color-5)","background-image":"","background-repeat":"repeat","background-position":"center center","background-size":"auto","background-attachment":"scroll","background-type":"","background-media":"","overlay-type":"","overlay-color":"","overlay-gradient":""},"tablet":{"background-color":"var(--ast-global-color-5)","background-image":"","background-repeat":"repeat","background-position":"center center","background-size":"auto","background-attachment":"scroll","background-type":"","background-media":"","overlay-type":"","overlay-color":"","overlay-gradient":""},"mobile":{"background-color":"var(--ast-global-color-5)","background-image":"","background-repeat":"repeat","background-position":"center center","background-size":"auto","background-attachment":"scroll","background-type":"","background-media":"","overlay-type":"","overlay-color":"","overlay-gradient":""}},"footnotes":""},"categories":[954,104,1816,220],"tags":[39525,173194,173195,104211,15559,173196],"class_list":["post-81066","post","type-post","status-publish","format-standard","hentry","category-biografias","category-historia","category-historia-contemporanea","category-historia-por-epocas","tag-aurora-bosch-sanchez","tag-comes-iglesia-vicente-manuel","tag-de-la-granja-satin-jose-l","tag-franch-i-ferrer-vicent","tag-javier-tusell-gomez","tag-raguer-i-suner-hilari"],"_links":{"self":[{"href":"https:\/\/www.deberes.net\/tesis\/wp-json\/wp\/v2\/posts\/81066","targetHints":{"allow":["GET"]}}],"collection":[{"href":"https:\/\/www.deberes.net\/tesis\/wp-json\/wp\/v2\/posts"}],"about":[{"href":"https:\/\/www.deberes.net\/tesis\/wp-json\/wp\/v2\/types\/post"}],"author":[{"embeddable":true,"href":"https:\/\/www.deberes.net\/tesis\/wp-json\/wp\/v2\/users\/1"}],"replies":[{"embeddable":true,"href":"https:\/\/www.deberes.net\/tesis\/wp-json\/wp\/v2\/comments?post=81066"}],"version-history":[{"count":0,"href":"https:\/\/www.deberes.net\/tesis\/wp-json\/wp\/v2\/posts\/81066\/revisions"}],"wp:attachment":[{"href":"https:\/\/www.deberes.net\/tesis\/wp-json\/wp\/v2\/media?parent=81066"}],"wp:term":[{"taxonomy":"category","embeddable":true,"href":"https:\/\/www.deberes.net\/tesis\/wp-json\/wp\/v2\/categories?post=81066"},{"taxonomy":"post_tag","embeddable":true,"href":"https:\/\/www.deberes.net\/tesis\/wp-json\/wp\/v2\/tags?post=81066"}],"curies":[{"name":"wp","href":"https:\/\/api.w.org\/{rel}","templated":true}]}}