{"id":81070,"date":"2018-03-10T00:04:53","date_gmt":"2018-03-10T00:04:53","guid":{"rendered":"https:\/\/www.deberes.net\/tesis\/sin-categoria\/evaluacion-de-las-tecnicas-de-laboratorio-en-la-periodontitis-cronica\/"},"modified":"2018-03-10T00:04:53","modified_gmt":"2018-03-10T00:04:53","slug":"evaluacion-de-las-tecnicas-de-laboratorio-en-la-periodontitis-cronica","status":"publish","type":"post","link":"https:\/\/www.deberes.net\/tesis\/ciencias-medicas\/evaluacion-de-las-tecnicas-de-laboratorio-en-la-periodontitis-cronica\/","title":{"rendered":"Evaluacion de las tecnicas de laboratorio en la periodontitis cronica"},"content":{"rendered":"<h2>Tesis doctoral de <strong> Cristina Larrinaga Urtizberea <\/strong><\/h2>\n<p>La periodontitis es generalmente considerada como la consecuencia de la interacci\u00f3n desfavorable entre parasito y huespec, en la cual las bacterias que han colonizado el \u00e1rea subgingival a pesar de los mecanismos de defensa del huesped son las determinanates de la enfermedad.  nuestro conocimiento sobre la enfermedad periodontal va progresando y reconocemos la importancia de algunos factores de riesgo que afectan al inicio y a la progresi\u00f3n de la enfermedad. La susceptibilidad de los individuos parece variar en parte, en funci\u00f3n de los factores de riesgo que est\u00e9n presentes.  en este trabajo tratamos de analizar los factores de riesgo para enfermedades periodontales, en funci\u00f3n de los factores de riesgo personales, los factores enzim\u00e1ticos, como la beta glucuronidasa, que modulan la respuesta del huesped y los factores microbiol\u00f3gicos, mediante tecnicas de pcr(reacci\u00f3n de la cadena de la dna polimerasa) en los pacientes con periodontitis cr\u00f3nica del adulto.<\/p>\n<p>&nbsp;<\/p>\n<h3>Datos acad\u00e9micos de la tesis doctoral \u00ab<strong>Evaluacion de las tecnicas de laboratorio en la periodontitis cronica<\/strong>\u00ab<\/h3>\n<ul>\n<li><strong>T\u00edtulo de la tesis:<\/strong>\u00a0 Evaluacion de las tecnicas de laboratorio en la periodontitis cronica <\/li>\n<li><strong>Autor:<\/strong>\u00a0 Cristina Larrinaga Urtizberea <\/li>\n<li><strong>Universidad:<\/strong>\u00a0 Pa\u00eds vasco\/euskal herriko unibertsitatea<\/li>\n<li><strong>Fecha de lectura de la tesis:<\/strong>\u00a0 29\/10\/1999<\/li>\n<\/ul>\n<p>&nbsp;<\/p>\n<h3>Direcci\u00f3n y tribunal<\/h3>\n<ul>\n<li><strong>Director de la tesis<\/strong>\n<ul>\n<li>Montserrat Barranquero Arola<\/li>\n<\/ul>\n<\/li>\n<li><strong>Tribunal<\/strong>\n<ul>\n<li>Presidente del tribunal: Francisco javier Acha ipi\u00f1azar <\/li>\n<li> Lopez bermejo Miguel angel (vocal)<\/li>\n<li>Jaime Gil lozano (vocal)<\/li>\n<li>Carlos Garc\u00eda ballesta (vocal)<\/li>\n<\/ul>\n<\/li>\n<\/ul>\n<p>&nbsp;<\/p>\n","protected":false},"excerpt":{"rendered":"<p>Tesis doctoral de Cristina Larrinaga Urtizberea La periodontitis es generalmente considerada como la consecuencia de la interacci\u00f3n desfavorable entre parasito [&hellip;]<\/p>\n","protected":false},"author":1,"featured_media":0,"comment_status":"open","ping_status":"open","sticky":false,"template":"","format":"standard","meta":{"site-sidebar-layout":"default","site-content-layout":"","ast-site-content-layout":"","site-content-style":"default","site-sidebar-style":"default","ast-global-header-display":"","ast-banner-title-visibility":"","ast-main-header-display":"","ast-hfb-above-header-display":"","ast-hfb-below-header-display":"","ast-hfb-mobile-header-display":"","site-post-title":"","ast-breadcrumbs-content":"","ast-featured-img":"","footer-sml-layout":"","theme-transparent-header-meta":"","adv-header-id-meta":"","stick-header-meta":"","header-above-stick-meta":"","header-main-stick-meta":"","header-below-stick-meta":"","astra-migrate-meta-layouts":"default","ast-page-background-enabled":"default","ast-page-background-meta":{"desktop":{"background-color":"var(--ast-global-color-4)","background-image":"","background-repeat":"repeat","background-position":"center center","background-size":"auto","background-attachment":"scroll","background-type":"","background-media":"","overlay-type":"","overlay-color":"","overlay-gradient":""},"tablet":{"background-color":"","background-image":"","background-repeat":"repeat","background-position":"center center","background-size":"auto","background-attachment":"scroll","background-type":"","background-media":"","overlay-type":"","overlay-color":"","overlay-gradient":""},"mobile":{"background-color":"","background-image":"","background-repeat":"repeat","background-position":"center center","background-size":"auto","background-attachment":"scroll","background-type":"","background-media":"","overlay-type":"","overlay-color":"","overlay-gradient":""}},"ast-content-background-meta":{"desktop":{"background-color":"var(--ast-global-color-5)","background-image":"","background-repeat":"repeat","background-position":"center center","background-size":"auto","background-attachment":"scroll","background-type":"","background-media":"","overlay-type":"","overlay-color":"","overlay-gradient":""},"tablet":{"background-color":"var(--ast-global-color-5)","background-image":"","background-repeat":"repeat","background-position":"center center","background-size":"auto","background-attachment":"scroll","background-type":"","background-media":"","overlay-type":"","overlay-color":"","overlay-gradient":""},"mobile":{"background-color":"var(--ast-global-color-5)","background-image":"","background-repeat":"repeat","background-position":"center center","background-size":"auto","background-attachment":"scroll","background-type":"","background-media":"","overlay-type":"","overlay-color":"","overlay-gradient":""}},"footnotes":""},"categories":[9,141,140,12909],"tags":[3609,173201,31926,22936,50721,28238],"class_list":["post-81070","post","type-post","status-publish","format-standard","hentry","category-ciencias-medicas","category-cirugia","category-estomatologia-y-ortodoncia","category-pais-vasco-euskal-herriko-unibertsitatea","tag-carlos-garcia-ballesta","tag-cristina-larrinaga-urtizberea","tag-francisco-javier-acha-ipinazar","tag-jaime-gil-lozano","tag-lopez-bermejo-miguel-angel","tag-montserrat-barranquero-arola"],"_links":{"self":[{"href":"https:\/\/www.deberes.net\/tesis\/wp-json\/wp\/v2\/posts\/81070","targetHints":{"allow":["GET"]}}],"collection":[{"href":"https:\/\/www.deberes.net\/tesis\/wp-json\/wp\/v2\/posts"}],"about":[{"href":"https:\/\/www.deberes.net\/tesis\/wp-json\/wp\/v2\/types\/post"}],"author":[{"embeddable":true,"href":"https:\/\/www.deberes.net\/tesis\/wp-json\/wp\/v2\/users\/1"}],"replies":[{"embeddable":true,"href":"https:\/\/www.deberes.net\/tesis\/wp-json\/wp\/v2\/comments?post=81070"}],"version-history":[{"count":0,"href":"https:\/\/www.deberes.net\/tesis\/wp-json\/wp\/v2\/posts\/81070\/revisions"}],"wp:attachment":[{"href":"https:\/\/www.deberes.net\/tesis\/wp-json\/wp\/v2\/media?parent=81070"}],"wp:term":[{"taxonomy":"category","embeddable":true,"href":"https:\/\/www.deberes.net\/tesis\/wp-json\/wp\/v2\/categories?post=81070"},{"taxonomy":"post_tag","embeddable":true,"href":"https:\/\/www.deberes.net\/tesis\/wp-json\/wp\/v2\/tags?post=81070"}],"curies":[{"name":"wp","href":"https:\/\/api.w.org\/{rel}","templated":true}]}}