{"id":81119,"date":"1999-05-11T00:00:00","date_gmt":"1999-05-11T00:00:00","guid":{"rendered":"https:\/\/www.deberes.net\/tesis\/sin-categoria\/fibras-de-carbon-y-carbones-activados-caracterizacion-y-aplicaciones-en-separacion-y-almacenamiento-de-gases\/"},"modified":"1999-05-11T00:00:00","modified_gmt":"1999-05-11T00:00:00","slug":"fibras-de-carbon-y-carbones-activados-caracterizacion-y-aplicaciones-en-separacion-y-almacenamiento-de-gases","status":"publish","type":"post","link":"https:\/\/www.deberes.net\/tesis\/quimica\/fibras-de-carbon-y-carbones-activados-caracterizacion-y-aplicaciones-en-separacion-y-almacenamiento-de-gases\/","title":{"rendered":"Fibras de carbon y carbones activados: caracterizacion y aplicaciones en separacion y almacenamiento de gases."},"content":{"rendered":"<h2>Tesis doctoral de <strong> Miguel Angel De La Casa Lillo <\/strong><\/h2>\n<p>En este trabajo de tesis se han caracterizado fibras de carb\u00f3n, fibras de carb\u00f3n activadas y carbones activados, y se ha estudiado su aplicaci\u00f3n como tamices moleculares de carb\u00f3n para la separaci\u00f3n de co2 y ch4 y como absorbentes en el almacenamiento de gases como metano e hidr\u00f3geno.  para la caracterizaci\u00f3n de este tipo de materiales microporosos se han realizado estudios de absorci\u00f3n de gases a presiones subatmosf\u00e9ricas (n2 a 77k y co2 a 273k) y apresiones elevadas de hasta 3,5 mpa (co2 a 273k). la caracterizaci\u00f3n se ha completado con un estudio mediantes dispersi\u00f3n de rayos x a \u00e1ngulo peque\u00f1o (saxs) y la comparaci\u00f3n de los resultados obtenidos mediante ambas t\u00e9cnicas. Se ha confirmado la utilidad de la absorci\u00f3n de co2 a 273k para caracterizar todo el rango de microporosidad si se emplean presiones suficientemente elevadas.  la aplicaci\u00f3n en separaci\u00f3n de co2 y ch4 de fibras de carb\u00f3n y fibras de carb\u00f3n activadas, ha sido estudiada mediante las cin\u00e9ticas de absorci\u00f3n de estos gases a diferentes presiones y temperaturas, obteni\u00e9ndose que las fibras de carb\u00f3n presentan propiedades de tamiz molecular similares a las de los mejores tamices moleculares de carb\u00f3n comrcializados para esta separaci\u00f3n.  el almacenamiento de metano ha sido estudiado utilizando sistemas de alta presi\u00f3n, encontr\u00e1ndose una buena relaci\u00f3n entre las cantidades de metano absorbido y el volumen de microporos p resentan cantidades de metano almacenado \u00fatiles para poder ser utilizados como absorbentes para esta aplicaci\u00f3n desde un punto de vista comercial.  la absorci\u00f3nd e hidr\u00f3geno en fibras de carb\u00f3n y fibras activadas tambi\u00e9n presenta una buena relaci\u00f3n con el volumen de microporos, observ\u00e1ndose la existencia de un tama\u00f1o de poro \u00f3ptimo para el almacenamiento de este ga s lo que cnfirma un estudio te\u00f3rico realizado con anterioridad. Las cantidades almacenadas de hidr\u00f3geno son del orden y en algunos casos superiores, a las<\/p>\n<p>&nbsp;<\/p>\n<h3>Datos acad\u00e9micos de la tesis doctoral \u00ab<strong>Fibras de carbon y carbones activados: caracterizacion y aplicaciones en separacion y almacenamiento de gases.<\/strong>\u00ab<\/h3>\n<ul>\n<li><strong>T\u00edtulo de la tesis:<\/strong>\u00a0 Fibras de carbon y carbones activados: caracterizacion y aplicaciones en separacion y almacenamiento de gases. <\/li>\n<li><strong>Autor:<\/strong>\u00a0 Miguel Angel De La Casa Lillo <\/li>\n<li><strong>Universidad:<\/strong>\u00a0 Alicante<\/li>\n<li><strong>Fecha de lectura de la tesis:<\/strong>\u00a0 05\/11\/1999<\/li>\n<\/ul>\n<p>&nbsp;<\/p>\n<h3>Direcci\u00f3n y tribunal<\/h3>\n<ul>\n<li><strong>Director de la tesis<\/strong>\n<ul>\n<li>Diego Cazorla Amoros<\/li>\n<\/ul>\n<\/li>\n<li><strong>Tribunal<\/strong>\n<ul>\n<li>Presidente del tribunal: Jos\u00e9 Mar\u00eda Guil pinto <\/li>\n<li>Javier Miranda garzon (vocal)<\/li>\n<li> Barbosa mota Jos\u00e9 paulo (vocal)<\/li>\n<li>  (vocal)<\/li>\n<\/ul>\n<\/li>\n<\/ul>\n<p>&nbsp;<\/p>\n","protected":false},"excerpt":{"rendered":"<p>Tesis doctoral de Miguel Angel De La Casa Lillo En este trabajo de tesis se han caracterizado fibras de carb\u00f3n, [&hellip;]<\/p>\n","protected":false},"author":1,"featured_media":0,"comment_status":"open","ping_status":"open","sticky":false,"template":"","format":"standard","meta":{"site-sidebar-layout":"default","site-content-layout":"","ast-site-content-layout":"","site-content-style":"default","site-sidebar-style":"default","ast-global-header-display":"","ast-banner-title-visibility":"","ast-main-header-display":"","ast-hfb-above-header-display":"","ast-hfb-below-header-display":"","ast-hfb-mobile-header-display":"","site-post-title":"","ast-breadcrumbs-content":"","ast-featured-img":"","footer-sml-layout":"","theme-transparent-header-meta":"","adv-header-id-meta":"","stick-header-meta":"","header-above-stick-meta":"","header-main-stick-meta":"","header-below-stick-meta":"","astra-migrate-meta-layouts":"default","ast-page-background-enabled":"default","ast-page-background-meta":{"desktop":{"background-color":"var(--ast-global-color-4)","background-image":"","background-repeat":"repeat","background-position":"center center","background-size":"auto","background-attachment":"scroll","background-type":"","background-media":"","overlay-type":"","overlay-color":"","overlay-gradient":""},"tablet":{"background-color":"","background-image":"","background-repeat":"repeat","background-position":"center center","background-size":"auto","background-attachment":"scroll","background-type":"","background-media":"","overlay-type":"","overlay-color":"","overlay-gradient":""},"mobile":{"background-color":"","background-image":"","background-repeat":"repeat","background-position":"center center","background-size":"auto","background-attachment":"scroll","background-type":"","background-media":"","overlay-type":"","overlay-color":"","overlay-gradient":""}},"ast-content-background-meta":{"desktop":{"background-color":"var(--ast-global-color-5)","background-image":"","background-repeat":"repeat","background-position":"center center","background-size":"auto","background-attachment":"scroll","background-type":"","background-media":"","overlay-type":"","overlay-color":"","overlay-gradient":""},"tablet":{"background-color":"var(--ast-global-color-5)","background-image":"","background-repeat":"repeat","background-position":"center center","background-size":"auto","background-attachment":"scroll","background-type":"","background-media":"","overlay-type":"","overlay-color":"","overlay-gradient":""},"mobile":{"background-color":"var(--ast-global-color-5)","background-image":"","background-repeat":"repeat","background-position":"center center","background-size":"auto","background-attachment":"scroll","background-type":"","background-media":"","overlay-type":"","overlay-color":"","overlay-gradient":""}},"footnotes":""},"categories":[19166,4280,332,17,20,1126],"tags":[173275,19448,173274,5971,143853],"class_list":["post-81119","post","type-post","status-publish","format-standard","hentry","category-alicante","category-carbono","category-ciencias-tecnologicas","category-quimica","category-quimica-inorganica","category-tecnologia-de-materiales","tag-barbosa-mota-jose-paulo","tag-diego-cazorla-amoros","tag-javier-miranda-garzon","tag-jose-maria-guil-pinto","tag-miguel-angel-de-la-casa-lillo"],"_links":{"self":[{"href":"https:\/\/www.deberes.net\/tesis\/wp-json\/wp\/v2\/posts\/81119","targetHints":{"allow":["GET"]}}],"collection":[{"href":"https:\/\/www.deberes.net\/tesis\/wp-json\/wp\/v2\/posts"}],"about":[{"href":"https:\/\/www.deberes.net\/tesis\/wp-json\/wp\/v2\/types\/post"}],"author":[{"embeddable":true,"href":"https:\/\/www.deberes.net\/tesis\/wp-json\/wp\/v2\/users\/1"}],"replies":[{"embeddable":true,"href":"https:\/\/www.deberes.net\/tesis\/wp-json\/wp\/v2\/comments?post=81119"}],"version-history":[{"count":0,"href":"https:\/\/www.deberes.net\/tesis\/wp-json\/wp\/v2\/posts\/81119\/revisions"}],"wp:attachment":[{"href":"https:\/\/www.deberes.net\/tesis\/wp-json\/wp\/v2\/media?parent=81119"}],"wp:term":[{"taxonomy":"category","embeddable":true,"href":"https:\/\/www.deberes.net\/tesis\/wp-json\/wp\/v2\/categories?post=81119"},{"taxonomy":"post_tag","embeddable":true,"href":"https:\/\/www.deberes.net\/tesis\/wp-json\/wp\/v2\/tags?post=81119"}],"curies":[{"name":"wp","href":"https:\/\/api.w.org\/{rel}","templated":true}]}}