{"id":81168,"date":"1999-09-11T00:00:00","date_gmt":"1999-09-11T00:00:00","guid":{"rendered":"https:\/\/www.deberes.net\/tesis\/sin-categoria\/analisis-critico-del-discurso-sobre-nacionalismo-e-identidad-en-los-editoriales-de-la-prensa-diaria-publicada-en-cataluna-desde-la-transicion-hasta-el-gobierno-del-pp1977-1996\/"},"modified":"1999-09-11T00:00:00","modified_gmt":"1999-09-11T00:00:00","slug":"analisis-critico-del-discurso-sobre-nacionalismo-e-identidad-en-los-editoriales-de-la-prensa-diaria-publicada-en-cataluna-desde-la-transicion-hasta-el-gobierno-del-pp1977-1996","status":"publish","type":"post","link":"https:\/\/www.deberes.net\/tesis\/linguistica\/analisis-critico-del-discurso-sobre-nacionalismo-e-identidad-en-los-editoriales-de-la-prensa-diaria-publicada-en-cataluna-desde-la-transicion-hasta-el-gobierno-del-pp1977-1996\/","title":{"rendered":"Analisis critico del discurso sobre nacionalismo e identidad en los editoriales de la prensa diaria publicada en catalu\u00f1a desde la transicion hasta el gobierno del pp(1977-1996)"},"content":{"rendered":"<h2>Tesis doctoral de <strong> Xavier Gir\u00f3 Mart\u00ed <\/strong><\/h2>\n<p>En primer lugar, fundamenta un marco teorico, seg\u00fan el cual, a)los diarios son actores politicos que participan en la construccion de las identidades colectivas, guiados por dos objetivos-el lucro y la influencia-i la ejecutan a traves de su discurso; b) los movimientos nacionalistas son una forma de identidad colectiva y las naciones son construcciones politicas; c) los diarios basan su credibilidad en un compromiso con los lectores que denominamos contrato de comunicaci\u00f3n (adaptacion del principio de cooperacion de grice, y d) el analisis critico del discurso puede ser un metodo productivo para estudiar el discurso ideologico de los editoriales, para revelar y discutir un de proposiciones axiom\u00e1ticas desde las cuales los diarios abordan la cuestion nacionalitaria y, en consecuencia evaluar su participacion en la configuracion de las naciones.  en segundo lugar, presenta una metodolog\u00eda y unos instrumentos de analisis siguiendo en lineas generales el modelo propuesto por tuen van dijk, adaptados a las particularidades del corpus de estudio escogido.  en tercer lugar, se condensa el contenido de un total de 173 editoriales procedentes de el pais, el periodico, la vanguardia i l\u00c2\u00bfavui, y se extrae el perfil politico de cada diario.  en cuarto lugar, de los 173 editoriales se extrae una muestra de 39 y se pone de manifiesto el contenido explicito i implicito, se analizan argumentos y razonamientos y se verifican y discuten las aserciones de dudosa fiabilidad.  en quinto lugar, se recompone la base axiomatica nacionalitaria de cada diario sobre la concepcion del nacionalismo, la autodeterminacion, los independenteistas,las relaciones entre catalu\u00f1a y espa\u00f1a, el nacionalismo de ciu, los simbolos y la cuestion de la normalizacion de la lengua.  en sexto lugar, se demuestra que los diarios vulneral el contrato de comunicaci\u00f3n que han establecido, explicita o implicitamente, con los lectores. y se demuestra tambien que la participacio<\/p>\n<p>&nbsp;<\/p>\n<h3>Datos acad\u00e9micos de la tesis doctoral \u00ab<strong>Analisis critico del discurso sobre nacionalismo e identidad en los editoriales de la prensa diaria publicada en catalu\u00f1a desde la transicion hasta el gobierno del pp(1977-1996)<\/strong>\u00ab<\/h3>\n<ul>\n<li><strong>T\u00edtulo de la tesis:<\/strong>\u00a0 Analisis critico del discurso sobre nacionalismo e identidad en los editoriales de la prensa diaria publicada en catalu\u00f1a desde la transicion hasta el gobierno del pp(1977-1996) <\/li>\n<li><strong>Autor:<\/strong>\u00a0 Xavier Gir\u00f3 Mart\u00ed <\/li>\n<li><strong>Universidad:<\/strong>\u00a0 Aut\u00f3noma de barcelona<\/li>\n<li><strong>Fecha de lectura de la tesis:<\/strong>\u00a0 09\/11\/1999<\/li>\n<\/ul>\n<p>&nbsp;<\/p>\n<h3>Direcci\u00f3n y tribunal<\/h3>\n<ul>\n<li><strong>Director de la tesis<\/strong>\n<ul>\n<li>Mar\u00eda  Teresa Turell Julia<\/li>\n<\/ul>\n<\/li>\n<li><strong>Tribunal<\/strong>\n<ul>\n<li>Presidente del tribunal: Miguel Rodrigo alsina <\/li>\n<li>Jaime Pastor verd\u00fa (vocal)<\/li>\n<li>josep Mar\u00eda Cots caimons (vocal)<\/li>\n<li>joan Botella corral (vocal)<\/li>\n<\/ul>\n<\/li>\n<\/ul>\n<p>&nbsp;<\/p>\n","protected":false},"excerpt":{"rendered":"<p>Tesis doctoral de Xavier Gir\u00f3 Mart\u00ed En primer lugar, fundamenta un marco teorico, seg\u00fan el cual, a)los diarios son actores [&hellip;]<\/p>\n","protected":false},"author":1,"featured_media":0,"comment_status":"open","ping_status":"open","sticky":false,"template":"","format":"standard","meta":{"site-sidebar-layout":"default","site-content-layout":"","ast-site-content-layout":"","site-content-style":"default","site-sidebar-style":"default","ast-global-header-display":"","ast-banner-title-visibility":"","ast-main-header-display":"","ast-hfb-above-header-display":"","ast-hfb-below-header-display":"","ast-hfb-mobile-header-display":"","site-post-title":"","ast-breadcrumbs-content":"","ast-featured-img":"","footer-sml-layout":"","theme-transparent-header-meta":"","adv-header-id-meta":"","stick-header-meta":"","header-above-stick-meta":"","header-main-stick-meta":"","header-below-stick-meta":"","astra-migrate-meta-layouts":"default","ast-page-background-enabled":"default","ast-page-background-meta":{"desktop":{"background-color":"var(--ast-global-color-4)","background-image":"","background-repeat":"repeat","background-position":"center center","background-size":"auto","background-attachment":"scroll","background-type":"","background-media":"","overlay-type":"","overlay-color":"","overlay-gradient":""},"tablet":{"background-color":"","background-image":"","background-repeat":"repeat","background-position":"center center","background-size":"auto","background-attachment":"scroll","background-type":"","background-media":"","overlay-type":"","overlay-color":"","overlay-gradient":""},"mobile":{"background-color":"","background-image":"","background-repeat":"repeat","background-position":"center center","background-size":"auto","background-attachment":"scroll","background-type":"","background-media":"","overlay-type":"","overlay-color":"","overlay-gradient":""}},"ast-content-background-meta":{"desktop":{"background-color":"var(--ast-global-color-5)","background-image":"","background-repeat":"repeat","background-position":"center center","background-size":"auto","background-attachment":"scroll","background-type":"","background-media":"","overlay-type":"","overlay-color":"","overlay-gradient":""},"tablet":{"background-color":"var(--ast-global-color-5)","background-image":"","background-repeat":"repeat","background-position":"center center","background-size":"auto","background-attachment":"scroll","background-type":"","background-media":"","overlay-type":"","overlay-color":"","overlay-gradient":""},"mobile":{"background-color":"var(--ast-global-color-5)","background-image":"","background-repeat":"repeat","background-position":"center center","background-size":"auto","background-attachment":"scroll","background-type":"","background-media":"","overlay-type":"","overlay-color":"","overlay-gradient":""}},"footnotes":""},"categories":[838,104,5812,222,59,60,20179,4840,4841,993],"tags":[10046,4977,46252,20275,50389,128848],"class_list":["post-81168","post","type-post","status-publish","format-standard","hentry","category-ciencia-politica","category-historia","category-historia-del-periodismo","category-historias-especializadas","category-linguistica","category-linguistica-aplicada","category-movimientos-politicos","category-opinion-publica","category-prensa","category-vida-politica","tag-jaime-pastor-verdu","tag-joan-botella-corral","tag-josep-maria-cots-caimons","tag-maria-teresa-turell-julia","tag-miguel-rodrigo-alsina","tag-xavier-giro-marti"],"_links":{"self":[{"href":"https:\/\/www.deberes.net\/tesis\/wp-json\/wp\/v2\/posts\/81168","targetHints":{"allow":["GET"]}}],"collection":[{"href":"https:\/\/www.deberes.net\/tesis\/wp-json\/wp\/v2\/posts"}],"about":[{"href":"https:\/\/www.deberes.net\/tesis\/wp-json\/wp\/v2\/types\/post"}],"author":[{"embeddable":true,"href":"https:\/\/www.deberes.net\/tesis\/wp-json\/wp\/v2\/users\/1"}],"replies":[{"embeddable":true,"href":"https:\/\/www.deberes.net\/tesis\/wp-json\/wp\/v2\/comments?post=81168"}],"version-history":[{"count":0,"href":"https:\/\/www.deberes.net\/tesis\/wp-json\/wp\/v2\/posts\/81168\/revisions"}],"wp:attachment":[{"href":"https:\/\/www.deberes.net\/tesis\/wp-json\/wp\/v2\/media?parent=81168"}],"wp:term":[{"taxonomy":"category","embeddable":true,"href":"https:\/\/www.deberes.net\/tesis\/wp-json\/wp\/v2\/categories?post=81168"},{"taxonomy":"post_tag","embeddable":true,"href":"https:\/\/www.deberes.net\/tesis\/wp-json\/wp\/v2\/tags?post=81168"}],"curies":[{"name":"wp","href":"https:\/\/api.w.org\/{rel}","templated":true}]}}