{"id":81179,"date":"1999-10-11T00:00:00","date_gmt":"1999-10-11T00:00:00","guid":{"rendered":"https:\/\/www.deberes.net\/tesis\/sin-categoria\/un-estudio-de-la-innovacion-y-gestion-tecnologica-en-la-costa-atlantica-colombiana-una-aplicacion-al-sector-plastico\/"},"modified":"1999-10-11T00:00:00","modified_gmt":"1999-10-11T00:00:00","slug":"un-estudio-de-la-innovacion-y-gestion-tecnologica-en-la-costa-atlantica-colombiana-una-aplicacion-al-sector-plastico","status":"publish","type":"post","link":"https:\/\/www.deberes.net\/tesis\/ciencias-economicas\/un-estudio-de-la-innovacion-y-gestion-tecnologica-en-la-costa-atlantica-colombiana-una-aplicacion-al-sector-plastico\/","title":{"rendered":"Un estudio de la innovacion y gestion tecnol\u00f3gica en la costa atlantica colombiana. una aplicaci\u00f3n al sector plastico."},"content":{"rendered":"<h2>Tesis doctoral de <strong>  Amar Sepulveda Paola Andrea <\/strong><\/h2>\n<p>Esta tesis doctoral tiene como objetivo identificar la capacidad de gesti\u00f3n tecnol\u00f3gica de las empresas del sector del pl\u00e1stico de la costa atl\u00e1ntica colombiana, con la finalidad de caracterizar su comportamiento, para dise\u00f1ar posteriormente politicas de ciencia y tecnolog\u00eda ajustadas a las necesidades de la region. Para su realizaci\u00f3n se hizo un analisis de correspondencia y de ajustes lo que nos permiti\u00f3 el agrupamiento, caracterizaci\u00f3n y clasificaci\u00f3n de estas empresas.<\/p>\n<p>&nbsp;<\/p>\n<h3>Datos acad\u00e9micos de la tesis doctoral \u00ab<strong>Un estudio de la innovacion y gestion tecnol\u00f3gica en la costa atlantica colombiana. una aplicaci\u00f3n al sector plastico.<\/strong>\u00ab<\/h3>\n<ul>\n<li><strong>T\u00edtulo de la tesis:<\/strong>\u00a0 Un estudio de la innovacion y gestion tecnol\u00f3gica en la costa atlantica colombiana. una aplicaci\u00f3n al sector plastico. <\/li>\n<li><strong>Autor:<\/strong>\u00a0  Amar Sepulveda Paola Andrea <\/li>\n<li><strong>Universidad:<\/strong>\u00a0 Polit\u00e9cnica de Valencia<\/li>\n<li><strong>Fecha de lectura de la tesis:<\/strong>\u00a0 10\/11\/1999<\/li>\n<\/ul>\n<p>&nbsp;<\/p>\n<h3>Direcci\u00f3n y tribunal<\/h3>\n<ul>\n<li><strong>Director de la tesis<\/strong>\n<ul>\n<li> Dalmau Porta Juan  Ignacio<\/li>\n<\/ul>\n<\/li>\n<li><strong>Tribunal<\/strong>\n<ul>\n<li>Presidente del tribunal:  De Miguel fernandez enrique <\/li>\n<li>Elena Castro mart\u00ednez (vocal)<\/li>\n<li>enrique Ambrosio orizaola (vocal)<\/li>\n<li>jaume Valls passola (vocal)<\/li>\n<\/ul>\n<\/li>\n<\/ul>\n<p>&nbsp;<\/p>\n","protected":false},"excerpt":{"rendered":"<p>Tesis doctoral de Amar Sepulveda Paola Andrea Esta tesis doctoral tiene como objetivo identificar la capacidad de gesti\u00f3n tecnol\u00f3gica de [&hellip;]<\/p>\n","protected":false},"author":1,"featured_media":0,"comment_status":"open","ping_status":"open","sticky":false,"template":"","format":"standard","meta":{"site-sidebar-layout":"default","site-content-layout":"","ast-site-content-layout":"","site-content-style":"default","site-sidebar-style":"default","ast-global-header-display":"","ast-banner-title-visibility":"","ast-main-header-display":"","ast-hfb-above-header-display":"","ast-hfb-below-header-display":"","ast-hfb-mobile-header-display":"","site-post-title":"","ast-breadcrumbs-content":"","ast-featured-img":"","footer-sml-layout":"","theme-transparent-header-meta":"","adv-header-id-meta":"","stick-header-meta":"","header-above-stick-meta":"","header-main-stick-meta":"","header-below-stick-meta":"","astra-migrate-meta-layouts":"default","ast-page-background-enabled":"default","ast-page-background-meta":{"desktop":{"background-color":"var(--ast-global-color-4)","background-image":"","background-repeat":"repeat","background-position":"center center","background-size":"auto","background-attachment":"scroll","background-type":"","background-media":"","overlay-type":"","overlay-color":"","overlay-gradient":""},"tablet":{"background-color":"","background-image":"","background-repeat":"repeat","background-position":"center center","background-size":"auto","background-attachment":"scroll","background-type":"","background-media":"","overlay-type":"","overlay-color":"","overlay-gradient":""},"mobile":{"background-color":"","background-image":"","background-repeat":"repeat","background-position":"center center","background-size":"auto","background-attachment":"scroll","background-type":"","background-media":"","overlay-type":"","overlay-color":"","overlay-gradient":""}},"ast-content-background-meta":{"desktop":{"background-color":"var(--ast-global-color-5)","background-image":"","background-repeat":"repeat","background-position":"center center","background-size":"auto","background-attachment":"scroll","background-type":"","background-media":"","overlay-type":"","overlay-color":"","overlay-gradient":""},"tablet":{"background-color":"var(--ast-global-color-5)","background-image":"","background-repeat":"repeat","background-position":"center center","background-size":"auto","background-attachment":"scroll","background-type":"","background-media":"","overlay-type":"","overlay-color":"","overlay-gradient":""},"mobile":{"background-color":"var(--ast-global-color-5)","background-image":"","background-repeat":"repeat","background-position":"center center","background-size":"auto","background-attachment":"scroll","background-type":"","background-media":"","overlay-type":"","overlay-color":"","overlay-gradient":""}},"footnotes":""},"categories":[838,82,836,963,991,16820,837,839,20807],"tags":[173361,31254,10562,19406,95698,40469],"class_list":["post-81179","post","type-post","status-publish","format-standard","hentry","category-ciencia-politica","category-ciencias-economicas","category-economia-del-cambio-tecnologico","category-economia-sectorial","category-innovacion-tecnologica","category-politecnica-de-valencia","category-politica-cientifica-y-tecnologica","category-politicas-sectoriales","category-sector-de-investigacion-y-desarrollo","tag-amar-sepulveda-paola-andrea","tag-dalmau-porta-juan-ignacio","tag-de-miguel-fernandez-enrique","tag-elena-castro-Martinez","tag-enrique-ambrosio-orizaola","tag-jaume-valls-passola"],"_links":{"self":[{"href":"https:\/\/www.deberes.net\/tesis\/wp-json\/wp\/v2\/posts\/81179","targetHints":{"allow":["GET"]}}],"collection":[{"href":"https:\/\/www.deberes.net\/tesis\/wp-json\/wp\/v2\/posts"}],"about":[{"href":"https:\/\/www.deberes.net\/tesis\/wp-json\/wp\/v2\/types\/post"}],"author":[{"embeddable":true,"href":"https:\/\/www.deberes.net\/tesis\/wp-json\/wp\/v2\/users\/1"}],"replies":[{"embeddable":true,"href":"https:\/\/www.deberes.net\/tesis\/wp-json\/wp\/v2\/comments?post=81179"}],"version-history":[{"count":0,"href":"https:\/\/www.deberes.net\/tesis\/wp-json\/wp\/v2\/posts\/81179\/revisions"}],"wp:attachment":[{"href":"https:\/\/www.deberes.net\/tesis\/wp-json\/wp\/v2\/media?parent=81179"}],"wp:term":[{"taxonomy":"category","embeddable":true,"href":"https:\/\/www.deberes.net\/tesis\/wp-json\/wp\/v2\/categories?post=81179"},{"taxonomy":"post_tag","embeddable":true,"href":"https:\/\/www.deberes.net\/tesis\/wp-json\/wp\/v2\/tags?post=81179"}],"curies":[{"name":"wp","href":"https:\/\/api.w.org\/{rel}","templated":true}]}}