{"id":81192,"date":"1999-12-11T00:00:00","date_gmt":"1999-12-11T00:00:00","guid":{"rendered":"https:\/\/www.deberes.net\/tesis\/sin-categoria\/los-supuestos-juicios-de-equidad-de-la-ley-de-propiedad-horizontal\/"},"modified":"1999-12-11T00:00:00","modified_gmt":"1999-12-11T00:00:00","slug":"los-supuestos-juicios-de-equidad-de-la-ley-de-propiedad-horizontal","status":"publish","type":"post","link":"https:\/\/www.deberes.net\/tesis\/ciencias-juridicas-y-derecho\/los-supuestos-juicios-de-equidad-de-la-ley-de-propiedad-horizontal\/","title":{"rendered":"Los supuestos juicios de equidad de la ley de propiedad horizontal"},"content":{"rendered":"<h2>Tesis doctoral de <strong> Fernando Garriga Ari\u00f1o <\/strong><\/h2>\n<p>La tesis aborda el problema de la naturaleza jur\u00eddica del fen\u00f3meno de la propiedad horizontal y su sistema org\u00e1nico de funcionamiento para, acto seguido, pasar a analizar la evoluci\u00f3n hist\u00f3rica del concepto de equidad y la naturaleza jur\u00eddica de los juicios de equidad. Todo ello con el fin de estudiar el reconocimiento del papel de la equidad en el \u00e1mbito de los ordenamientos jur\u00eddicos de tipo continental, y, en concepto, la habilitaci\u00f3n del uso de la equidad que realizaba el antiguo art\u00edculo 16 de la ley de propiedad horizontal de 1960, vigente art\u00edculo 17 tras la reciente reforma de abril de 1999.<\/p>\n<p>&nbsp;<\/p>\n<h3>Datos acad\u00e9micos de la tesis doctoral \u00ab<strong>Los supuestos juicios de equidad de la ley de propiedad horizontal<\/strong>\u00ab<\/h3>\n<ul>\n<li><strong>T\u00edtulo de la tesis:<\/strong>\u00a0 Los supuestos juicios de equidad de la ley de propiedad horizontal <\/li>\n<li><strong>Autor:<\/strong>\u00a0 Fernando Garriga Ari\u00f1o <\/li>\n<li><strong>Universidad:<\/strong>\u00a0 Barcelona<\/li>\n<li><strong>Fecha de lectura de la tesis:<\/strong>\u00a0 12\/11\/1999<\/li>\n<\/ul>\n<p>&nbsp;<\/p>\n<h3>Direcci\u00f3n y tribunal<\/h3>\n<ul>\n<li><strong>Director de la tesis<\/strong>\n<ul>\n<li>Manuel Serra Dominguez<\/li>\n<\/ul>\n<\/li>\n<li><strong>Tribunal<\/strong>\n<ul>\n<li>Presidente del tribunal: Francisco Ramos mendez <\/li>\n<li> Bados i coll ferran (vocal)<\/li>\n<li>Manuel Pelaez del rosal (vocal)<\/li>\n<li>joan Verge grau (vocal)<\/li>\n<\/ul>\n<\/li>\n<\/ul>\n<p>&nbsp;<\/p>\n","protected":false},"excerpt":{"rendered":"<p>Tesis doctoral de Fernando Garriga Ari\u00f1o La tesis aborda el problema de la naturaleza jur\u00eddica del fen\u00f3meno de la propiedad [&hellip;]<\/p>\n","protected":false},"author":1,"featured_media":0,"comment_status":"open","ping_status":"open","sticky":false,"template":"","format":"standard","meta":{"site-sidebar-layout":"default","site-content-layout":"","ast-site-content-layout":"","site-content-style":"default","site-sidebar-style":"default","ast-global-header-display":"","ast-banner-title-visibility":"","ast-main-header-display":"","ast-hfb-above-header-display":"","ast-hfb-below-header-display":"","ast-hfb-mobile-header-display":"","site-post-title":"","ast-breadcrumbs-content":"","ast-featured-img":"","footer-sml-layout":"","theme-transparent-header-meta":"","adv-header-id-meta":"","stick-header-meta":"","header-above-stick-meta":"","header-main-stick-meta":"","header-below-stick-meta":"","astra-migrate-meta-layouts":"default","ast-page-background-enabled":"default","ast-page-background-meta":{"desktop":{"background-color":"var(--ast-global-color-4)","background-image":"","background-repeat":"repeat","background-position":"center center","background-size":"auto","background-attachment":"scroll","background-type":"","background-media":"","overlay-type":"","overlay-color":"","overlay-gradient":""},"tablet":{"background-color":"","background-image":"","background-repeat":"repeat","background-position":"center center","background-size":"auto","background-attachment":"scroll","background-type":"","background-media":"","overlay-type":"","overlay-color":"","overlay-gradient":""},"mobile":{"background-color":"","background-image":"","background-repeat":"repeat","background-position":"center center","background-size":"auto","background-attachment":"scroll","background-type":"","background-media":"","overlay-type":"","overlay-color":"","overlay-gradient":""}},"ast-content-background-meta":{"desktop":{"background-color":"var(--ast-global-color-5)","background-image":"","background-repeat":"repeat","background-position":"center center","background-size":"auto","background-attachment":"scroll","background-type":"","background-media":"","overlay-type":"","overlay-color":"","overlay-gradient":""},"tablet":{"background-color":"var(--ast-global-color-5)","background-image":"","background-repeat":"repeat","background-position":"center center","background-size":"auto","background-attachment":"scroll","background-type":"","background-media":"","overlay-type":"","overlay-color":"","overlay-gradient":""},"mobile":{"background-color":"var(--ast-global-color-5)","background-image":"","background-repeat":"repeat","background-position":"center center","background-size":"auto","background-attachment":"scroll","background-type":"","background-media":"","overlay-type":"","overlay-color":"","overlay-gradient":""}},"footnotes":""},"categories":[951,612,3620,3621],"tags":[173378,173377,9156,173379,9849,38828],"class_list":["post-81192","post","type-post","status-publish","format-standard","hentry","category-barcelona","category-ciencias-juridicas-y-derecho","category-derecho-procesal","category-organizacion-juridica","tag-bados-i-coll-ferran","tag-fernando-garriga-arino","tag-francisco-ramos-mendez","tag-joan-verge-grau","tag-manuel-pelaez-del-rosal","tag-manuel-serra-dominguez"],"_links":{"self":[{"href":"https:\/\/www.deberes.net\/tesis\/wp-json\/wp\/v2\/posts\/81192","targetHints":{"allow":["GET"]}}],"collection":[{"href":"https:\/\/www.deberes.net\/tesis\/wp-json\/wp\/v2\/posts"}],"about":[{"href":"https:\/\/www.deberes.net\/tesis\/wp-json\/wp\/v2\/types\/post"}],"author":[{"embeddable":true,"href":"https:\/\/www.deberes.net\/tesis\/wp-json\/wp\/v2\/users\/1"}],"replies":[{"embeddable":true,"href":"https:\/\/www.deberes.net\/tesis\/wp-json\/wp\/v2\/comments?post=81192"}],"version-history":[{"count":0,"href":"https:\/\/www.deberes.net\/tesis\/wp-json\/wp\/v2\/posts\/81192\/revisions"}],"wp:attachment":[{"href":"https:\/\/www.deberes.net\/tesis\/wp-json\/wp\/v2\/media?parent=81192"}],"wp:term":[{"taxonomy":"category","embeddable":true,"href":"https:\/\/www.deberes.net\/tesis\/wp-json\/wp\/v2\/categories?post=81192"},{"taxonomy":"post_tag","embeddable":true,"href":"https:\/\/www.deberes.net\/tesis\/wp-json\/wp\/v2\/tags?post=81192"}],"curies":[{"name":"wp","href":"https:\/\/api.w.org\/{rel}","templated":true}]}}