{"id":81197,"date":"1999-12-11T00:00:00","date_gmt":"1999-12-11T00:00:00","guid":{"rendered":"https:\/\/www.deberes.net\/tesis\/sin-categoria\/evaluacion-de-practicas-silvicolas-en-plantaciones-de-eucalyptus-globulus\/"},"modified":"1999-12-11T00:00:00","modified_gmt":"1999-12-11T00:00:00","slug":"evaluacion-de-practicas-silvicolas-en-plantaciones-de-eucalyptus-globulus","status":"publish","type":"post","link":"https:\/\/www.deberes.net\/tesis\/ciencias-de-la-vida\/evaluacion-de-practicas-silvicolas-en-plantaciones-de-eucalyptus-globulus\/","title":{"rendered":"Evaluaci\u00f3n de practicas silvicolas en plantaciones de eucalyptus globulus"},"content":{"rendered":"<h2>Tesis doctoral de <strong>  Donoso Calderon Sergio Roberto <\/strong><\/h2>\n<p>Se han realizado tres ensayos para estudiar el efecto de la densidad de plantaci\u00f3n, del tipo de poda y de la distribuci\u00f3n de biomasa a\u00e9rea y radical. el crecimiento en altura, di\u00e1metro y \u00e1rea basim\u00e9trica son altos en el per\u00edodo de mayor consumo h\u00eddrico, pero el tratamiento con mayor densidad present\u00f3 una mayor inhibici\u00f3n debido al estr\u00e9s h\u00eddrico estival.  algunos tratamientos de poda provocaron un marcado estr\u00e9s  h\u00eddrico estival productos de la combinaci\u00f3n del ba\u00f1o en el xilema y la proporci\u00f3n de copa residual. La relaci\u00f3n ra\u00edz\/ parte a\u00e9rea estuvo relacionada con restricciones f\u00edsicas del suelo. Adem\u00e1s, los \u00e1rboles se caracterizaron por la ausencia de raiz pivotante y presentar amplias zonas sin raices.  las relaciones alom\u00e9tricas, muestran una buena correlaci\u00f3n entre la variable altura y la biomasa a\u00e9rea y radical.<\/p>\n<p>&nbsp;<\/p>\n<h3>Datos acad\u00e9micos de la tesis doctoral \u00ab<strong>Evaluaci\u00f3n de practicas silvicolas en plantaciones de eucalyptus globulus<\/strong>\u00ab<\/h3>\n<ul>\n<li><strong>T\u00edtulo de la tesis:<\/strong>\u00a0 Evaluaci\u00f3n de practicas silvicolas en plantaciones de eucalyptus globulus <\/li>\n<li><strong>Autor:<\/strong>\u00a0  Donoso Calderon Sergio Roberto <\/li>\n<li><strong>Universidad:<\/strong>\u00a0 C\u00f3rdoba<\/li>\n<li><strong>Fecha de lectura de la tesis:<\/strong>\u00a0 12\/11\/1999<\/li>\n<\/ul>\n<p>&nbsp;<\/p>\n<h3>Direcci\u00f3n y tribunal<\/h3>\n<ul>\n<li><strong>Director de la tesis<\/strong>\n<ul>\n<li>Miguel Angel Herrera Machuca<\/li>\n<\/ul>\n<\/li>\n<li><strong>Tribunal<\/strong>\n<ul>\n<li>Presidente del tribunal: Luis Rallo romero <\/li>\n<li>gregorio Montero gonz\u00e1lez (vocal)<\/li>\n<li>Jos\u00e9 Alberto Pardos  carrion (vocal)<\/li>\n<li>estanislao De sim\u00f3n navarrete (vocal)<\/li>\n<\/ul>\n<\/li>\n<\/ul>\n<p>&nbsp;<\/p>\n","protected":false},"excerpt":{"rendered":"<p>Tesis doctoral de Donoso Calderon Sergio Roberto Se han realizado tres ensayos para estudiar el efecto de la densidad de [&hellip;]<\/p>\n","protected":false},"author":1,"featured_media":0,"comment_status":"open","ping_status":"open","sticky":false,"template":"","format":"standard","meta":{"site-sidebar-layout":"default","site-content-layout":"","ast-site-content-layout":"","site-content-style":"default","site-sidebar-style":"default","ast-global-header-display":"","ast-banner-title-visibility":"","ast-main-header-display":"","ast-hfb-above-header-display":"","ast-hfb-below-header-display":"","ast-hfb-mobile-header-display":"","site-post-title":"","ast-breadcrumbs-content":"","ast-featured-img":"","footer-sml-layout":"","theme-transparent-header-meta":"","adv-header-id-meta":"","stick-header-meta":"","header-above-stick-meta":"","header-main-stick-meta":"","header-below-stick-meta":"","astra-migrate-meta-layouts":"default","ast-page-background-enabled":"default","ast-page-background-meta":{"desktop":{"background-color":"var(--ast-global-color-4)","background-image":"","background-repeat":"repeat","background-position":"center center","background-size":"auto","background-attachment":"scroll","background-type":"","background-media":"","overlay-type":"","overlay-color":"","overlay-gradient":""},"tablet":{"background-color":"","background-image":"","background-repeat":"repeat","background-position":"center center","background-size":"auto","background-attachment":"scroll","background-type":"","background-media":"","overlay-type":"","overlay-color":"","overlay-gradient":""},"mobile":{"background-color":"","background-image":"","background-repeat":"repeat","background-position":"center center","background-size":"auto","background-attachment":"scroll","background-type":"","background-media":"","overlay-type":"","overlay-color":"","overlay-gradient":""}},"ast-content-background-meta":{"desktop":{"background-color":"var(--ast-global-color-5)","background-image":"","background-repeat":"repeat","background-position":"center center","background-size":"auto","background-attachment":"scroll","background-type":"","background-media":"","overlay-type":"","overlay-color":"","overlay-gradient":""},"tablet":{"background-color":"var(--ast-global-color-5)","background-image":"","background-repeat":"repeat","background-position":"center center","background-size":"auto","background-attachment":"scroll","background-type":"","background-media":"","overlay-type":"","overlay-color":"","overlay-gradient":""},"mobile":{"background-color":"var(--ast-global-color-5)","background-image":"","background-repeat":"repeat","background-position":"center center","background-size":"auto","background-attachment":"scroll","background-type":"","background-media":"","overlay-type":"","overlay-color":"","overlay-gradient":""}},"footnotes":""},"categories":[972,494,35,973,479,2002,20795],"tags":[173386,2246,14952,14747,507,20813],"class_list":["post-81197","post","type-post","status-publish","format-standard","hentry","category-botanica","category-ciencias-agrarias","category-ciencias-de-la-vida","category-cordoba","category-fisiologia-vegetal","category-florestas","category-tecnicas-de-cultivo-de-florestas","tag-donoso-calderon-sergio-roberto","tag-estanislao-de-simon-navarrete","tag-gregorio-montero-gonzalez","tag-jose-alberto-pardos-carrion","tag-luis-rallo-romero","tag-miguel-angel-herrera-machuca"],"_links":{"self":[{"href":"https:\/\/www.deberes.net\/tesis\/wp-json\/wp\/v2\/posts\/81197","targetHints":{"allow":["GET"]}}],"collection":[{"href":"https:\/\/www.deberes.net\/tesis\/wp-json\/wp\/v2\/posts"}],"about":[{"href":"https:\/\/www.deberes.net\/tesis\/wp-json\/wp\/v2\/types\/post"}],"author":[{"embeddable":true,"href":"https:\/\/www.deberes.net\/tesis\/wp-json\/wp\/v2\/users\/1"}],"replies":[{"embeddable":true,"href":"https:\/\/www.deberes.net\/tesis\/wp-json\/wp\/v2\/comments?post=81197"}],"version-history":[{"count":0,"href":"https:\/\/www.deberes.net\/tesis\/wp-json\/wp\/v2\/posts\/81197\/revisions"}],"wp:attachment":[{"href":"https:\/\/www.deberes.net\/tesis\/wp-json\/wp\/v2\/media?parent=81197"}],"wp:term":[{"taxonomy":"category","embeddable":true,"href":"https:\/\/www.deberes.net\/tesis\/wp-json\/wp\/v2\/categories?post=81197"},{"taxonomy":"post_tag","embeddable":true,"href":"https:\/\/www.deberes.net\/tesis\/wp-json\/wp\/v2\/tags?post=81197"}],"curies":[{"name":"wp","href":"https:\/\/api.w.org\/{rel}","templated":true}]}}