{"id":81210,"date":"1999-12-11T00:00:00","date_gmt":"1999-12-11T00:00:00","guid":{"rendered":"https:\/\/www.deberes.net\/tesis\/sin-categoria\/la-formacion-del-tema-de-presente-primario-osco-umbro\/"},"modified":"1999-12-11T00:00:00","modified_gmt":"1999-12-11T00:00:00","slug":"la-formacion-del-tema-de-presente-primario-osco-umbro","status":"publish","type":"post","link":"https:\/\/www.deberes.net\/tesis\/linguistica\/la-formacion-del-tema-de-presente-primario-osco-umbro\/","title":{"rendered":"La formaci\u00f3n del tema de presente primario osco-umbro"},"content":{"rendered":"<h2>Tesis doctoral de <strong> Carlos Garc\u00eda Castillero <\/strong><\/h2>\n<p>Esta investigaci\u00f3n consiste en un estudio hist\u00f3rico-comparado, en el marco de la ling\u00ed\u00bc\u00edstica indoeruopea, de los morfemas derivativos empleados para formar el tema de presente primario de los verbos que se testimonian en el grupo de lenguas osco-umbras. La obra se divide entre partes fundamentales:  1- los tiempos y modos que se derivan del tema de presente  2- el estudio de los diversos tipos de presente as\u00ed como de sus or\u00edgenes indoeuropeos.  3- la colecci\u00f3n de estudios monogr\u00e1ficos de los distintos verbos osco-umbros, estudios en los que se determina -cuando es posible- el sentido, el tema de presente y los cognados de las dem\u00e1s lenguas indoeuropeas, con  especial \u00e9nfasis en la relaci\u00f3n con el lat\u00edn.  los resultados que se derivan del estudio alcanzan diversos \u00e1mbitos: en referencia al osco-umbro, se lleva a cabo una revisi\u00f3n cr\u00edtica de la producci\u00f3n cient\u00edfica m\u00e1s relevante aparecida hasta la fecha, as\u00ed como el establecimiento de un esquema provisional de relaciones entre los distintos temas de presente; en el \u00e1mbito de la relaci\u00f3n del osco-umbro con el lat\u00edn, se establece la necesidad de suponer una protolengua com\u00fan a ambas lenguas; en el \u00e1mbito de la relaci\u00f3n con las dem\u00e1s lenguas indoeruopeas, se plantea la necesidad de considerar el tipo de flexi\u00f3n tem\u00e1tica como propio del presente proto-indoeuropeo y notablemente extendido en, al menos, el \u00faltimo estadio  de dicha proto-lengua.<\/p>\n<p>&nbsp;<\/p>\n<h3>Datos acad\u00e9micos de la tesis doctoral \u00ab<strong>La formaci\u00f3n del tema de presente primario osco-umbro<\/strong>\u00ab<\/h3>\n<ul>\n<li><strong>T\u00edtulo de la tesis:<\/strong>\u00a0 La formaci\u00f3n del tema de presente primario osco-umbro <\/li>\n<li><strong>Autor:<\/strong>\u00a0 Carlos Garc\u00eda Castillero <\/li>\n<li><strong>Universidad:<\/strong>\u00a0 Pa\u00eds vasco\/euskal herriko unibertsitatea<\/li>\n<li><strong>Fecha de lectura de la tesis:<\/strong>\u00a0 12\/11\/1999<\/li>\n<\/ul>\n<p>&nbsp;<\/p>\n<h3>Direcci\u00f3n y tribunal<\/h3>\n<ul>\n<li><strong>Director de la tesis<\/strong>\n<ul>\n<li>Joaquin Gorrochategui Churruca<\/li>\n<\/ul>\n<\/li>\n<li><strong>Tribunal<\/strong>\n<ul>\n<li>Presidente del tribunal: Francisco Villar li\u00e9bana <\/li>\n<li>julia Mendoza tu\u00f1\u00f3n (vocal)<\/li>\n<li>j\u00ed\u00bcrgen Untermann (vocal)<\/li>\n<li>Juan  Antonio Alvarez pedrosa nu\u00f1ez (vocal)<\/li>\n<\/ul>\n<\/li>\n<\/ul>\n<p>&nbsp;<\/p>\n","protected":false},"excerpt":{"rendered":"<p>Tesis doctoral de Carlos Garc\u00eda Castillero Esta investigaci\u00f3n consiste en un estudio hist\u00f3rico-comparado, en el marco de la ling\u00ed\u00bc\u00edstica indoeruopea, [&hellip;]<\/p>\n","protected":false},"author":1,"featured_media":0,"comment_status":"open","ping_status":"open","sticky":false,"template":"","format":"standard","meta":{"site-sidebar-layout":"default","site-content-layout":"","ast-site-content-layout":"","site-content-style":"default","site-sidebar-style":"default","ast-global-header-display":"","ast-banner-title-visibility":"","ast-main-header-display":"","ast-hfb-above-header-display":"","ast-hfb-below-header-display":"","ast-hfb-mobile-header-display":"","site-post-title":"","ast-breadcrumbs-content":"","ast-featured-img":"","footer-sml-layout":"","theme-transparent-header-meta":"","adv-header-id-meta":"","stick-header-meta":"","header-above-stick-meta":"","header-main-stick-meta":"","header-below-stick-meta":"","astra-migrate-meta-layouts":"default","ast-page-background-enabled":"default","ast-page-background-meta":{"desktop":{"background-color":"var(--ast-global-color-4)","background-image":"","background-repeat":"repeat","background-position":"center center","background-size":"auto","background-attachment":"scroll","background-type":"","background-media":"","overlay-type":"","overlay-color":"","overlay-gradient":""},"tablet":{"background-color":"","background-image":"","background-repeat":"repeat","background-position":"center center","background-size":"auto","background-attachment":"scroll","background-type":"","background-media":"","overlay-type":"","overlay-color":"","overlay-gradient":""},"mobile":{"background-color":"","background-image":"","background-repeat":"repeat","background-position":"center center","background-size":"auto","background-attachment":"scroll","background-type":"","background-media":"","overlay-type":"","overlay-color":"","overlay-gradient":""}},"ast-content-background-meta":{"desktop":{"background-color":"var(--ast-global-color-5)","background-image":"","background-repeat":"repeat","background-position":"center center","background-size":"auto","background-attachment":"scroll","background-type":"","background-media":"","overlay-type":"","overlay-color":"","overlay-gradient":""},"tablet":{"background-color":"var(--ast-global-color-5)","background-image":"","background-repeat":"repeat","background-position":"center center","background-size":"auto","background-attachment":"scroll","background-type":"","background-media":"","overlay-type":"","overlay-color":"","overlay-gradient":""},"mobile":{"background-color":"var(--ast-global-color-5)","background-image":"","background-repeat":"repeat","background-position":"center center","background-size":"auto","background-attachment":"scroll","background-type":"","background-media":"","overlay-type":"","overlay-color":"","overlay-gradient":""}},"footnotes":""},"categories":[1624,9673,4449,104,59,423,590,12909,173402],"tags":[165658,87708,60326,60325,22793,5504],"class_list":["post-81210","post","type-post","status-publish","format-standard","hentry","category-ciencias-auxiliares-de-la-historia","category-epigrafia","category-etimologia","category-historia","category-linguistica","category-linguistica-diacronica","category-linguistica-historica","category-pais-vasco-euskal-herriko-unibertsitatea","category-papirologia","tag-carlos-garcia-castillero","tag-francisco-villar-liebana","tag-jirgen-untermann","tag-joaquin-gorrochategui-churruca","tag-juan-antonio-alvarez-pedrosa-nunez","tag-julia-mendoza-tunon"],"_links":{"self":[{"href":"https:\/\/www.deberes.net\/tesis\/wp-json\/wp\/v2\/posts\/81210","targetHints":{"allow":["GET"]}}],"collection":[{"href":"https:\/\/www.deberes.net\/tesis\/wp-json\/wp\/v2\/posts"}],"about":[{"href":"https:\/\/www.deberes.net\/tesis\/wp-json\/wp\/v2\/types\/post"}],"author":[{"embeddable":true,"href":"https:\/\/www.deberes.net\/tesis\/wp-json\/wp\/v2\/users\/1"}],"replies":[{"embeddable":true,"href":"https:\/\/www.deberes.net\/tesis\/wp-json\/wp\/v2\/comments?post=81210"}],"version-history":[{"count":0,"href":"https:\/\/www.deberes.net\/tesis\/wp-json\/wp\/v2\/posts\/81210\/revisions"}],"wp:attachment":[{"href":"https:\/\/www.deberes.net\/tesis\/wp-json\/wp\/v2\/media?parent=81210"}],"wp:term":[{"taxonomy":"category","embeddable":true,"href":"https:\/\/www.deberes.net\/tesis\/wp-json\/wp\/v2\/categories?post=81210"},{"taxonomy":"post_tag","embeddable":true,"href":"https:\/\/www.deberes.net\/tesis\/wp-json\/wp\/v2\/tags?post=81210"}],"curies":[{"name":"wp","href":"https:\/\/api.w.org\/{rel}","templated":true}]}}