{"id":81271,"date":"2018-03-10T00:05:10","date_gmt":"2018-03-10T00:05:10","guid":{"rendered":"https:\/\/www.deberes.net\/tesis\/sin-categoria\/variabilidad-del-sistema-reproductivo-en-vicia-faba-y-su-implicacion-en-el-manejo-del-germoplasma\/"},"modified":"2018-03-10T00:05:10","modified_gmt":"2018-03-10T00:05:10","slug":"variabilidad-del-sistema-reproductivo-en-vicia-faba-y-su-implicacion-en-el-manejo-del-germoplasma","status":"publish","type":"post","link":"https:\/\/www.deberes.net\/tesis\/ciencias-de-la-vida\/variabilidad-del-sistema-reproductivo-en-vicia-faba-y-su-implicacion-en-el-manejo-del-germoplasma\/","title":{"rendered":"Variabilidad del sistema reproductivo en vicia faba y su implicacion en el manejo del germoplasma."},"content":{"rendered":"<h2>Tesis doctoral de <strong> Salvador Nadal  Moyano <\/strong><\/h2>\n<p>Una amplia colecci\u00f3n de vicia faba l. Formada por 102 l\u00edneas pertenecientes a la colecci\u00f3n de trabajo del departamento de mejora y agronom\u00eda del cifa de c\u00f3rdoba, fueron evaluadas para distintas condiciones de polinizaci\u00f3n : 1) polinizaci\u00f3n libre y 2) ausencia de polinizadores, con dos niveles de consanguinidad, autofecundaci\u00f3n 1 y autofecundaci\u00f3n 2,. El objetivo fue conocer las influencias que el modo de polinizaci\u00f3n ejerce sobre caracteres relacionados con la flor, con la distribuci\u00f3n de la producci\u00f3n y con caracteres m\u00e1s estrechamente relacionados con la producci\u00f3n.  igualmente se estudi\u00f3, para un menor n\u00famero de genotipos, la tasa de alogamia y su actividad polinizadora, con el objetivo de identificar posibles relaciones entre alogamia, actividad polinizadora y autofertilidad.  en l\u00edneas generales para los tres grupos bot\u00e1nicos estudiados, major, equina y minor, el cambio en las condiciones de polinizaci\u00f3n y aumento de nivel de consanguinidad, modific\u00f3 la mayor\u00eda de los caracteres, modific\u00e1ndolos o disminuyendo sus valores con el aumento de la consanguinidad. Se dieron diferencias para cada grupo bot\u00e1nico para los caracteres m\u00e1s \u00absensibles\u00bb al cambio en las condiciones de polinizaci\u00f3n.  los valores obtenidos en la estimaci\u00f3n de la tasa de alogamia, se encuadran dentro de los reconocidos para la regi\u00f3n mediterr\u00e1nea.  los polonizadores m\u00e1s frecuentes correspondieron al grupo de las abejas solitarias y en concreto a eudera numida, realizando m\u00e1s del 80% de las vistas positivas en los genotipos estudiados, estando presente en la mayor\u00eda del periodo de floraci\u00f3n, apareciendo las abejas dom\u00e9sticas y al final de la floraci\u00f3n. Fue por la tarde cuando se produjo la actividad de forrajeo ni para la abundancia de los polinizadores para los distintos genotipos, a pesar que determinados genotipos mostraron el doble de actividad y abundancia que otros.  se propuso un criterio de clasificaci\u00f3n de los genotipos e<\/p>\n<p>&nbsp;<\/p>\n<h3>Datos acad\u00e9micos de la tesis doctoral \u00ab<strong>Variabilidad del sistema reproductivo en vicia faba y su implicacion en el manejo del germoplasma.<\/strong>\u00ab<\/h3>\n<ul>\n<li><strong>T\u00edtulo de la tesis:<\/strong>\u00a0 Variabilidad del sistema reproductivo en vicia faba y su implicacion en el manejo del germoplasma. <\/li>\n<li><strong>Autor:<\/strong>\u00a0 Salvador Nadal  Moyano <\/li>\n<li><strong>Universidad:<\/strong>\u00a0 C\u00f3rdoba<\/li>\n<li><strong>Fecha de lectura de la tesis:<\/strong>\u00a0 18\/11\/1999<\/li>\n<\/ul>\n<p>&nbsp;<\/p>\n<h3>Direcci\u00f3n y tribunal<\/h3>\n<ul>\n<li><strong>Director de la tesis<\/strong>\n<ul>\n<li>Jos\u00e9 Ignacio Cubero Salmeron<\/li>\n<\/ul>\n<\/li>\n<li><strong>Tribunal<\/strong>\n<ul>\n<li>Presidente del tribunal: Luis Miguel Mart\u00edn mart\u00edn <\/li>\n<li> De la cuadra gonzalez-meneses celia (vocal)<\/li>\n<li>Fernando Nuez vi\u00f1als (vocal)<\/li>\n<li>Luis Rayo romero (vocal)<\/li>\n<\/ul>\n<\/li>\n<\/ul>\n<p>&nbsp;<\/p>\n","protected":false},"excerpt":{"rendered":"<p>Tesis doctoral de Salvador Nadal Moyano Una amplia colecci\u00f3n de vicia faba l. Formada por 102 l\u00edneas pertenecientes a la [&hellip;]<\/p>\n","protected":false},"author":1,"featured_media":0,"comment_status":"open","ping_status":"open","sticky":false,"template":"","format":"standard","meta":{"site-sidebar-layout":"default","site-content-layout":"","ast-site-content-layout":"","site-content-style":"default","site-sidebar-style":"default","ast-global-header-display":"","ast-banner-title-visibility":"","ast-main-header-display":"","ast-hfb-above-header-display":"","ast-hfb-below-header-display":"","ast-hfb-mobile-header-display":"","site-post-title":"","ast-breadcrumbs-content":"","ast-featured-img":"","footer-sml-layout":"","theme-transparent-header-meta":"","adv-header-id-meta":"","stick-header-meta":"","header-above-stick-meta":"","header-main-stick-meta":"","header-below-stick-meta":"","astra-migrate-meta-layouts":"default","ast-page-background-enabled":"default","ast-page-background-meta":{"desktop":{"background-color":"var(--ast-global-color-4)","background-image":"","background-repeat":"repeat","background-position":"center center","background-size":"auto","background-attachment":"scroll","background-type":"","background-media":"","overlay-type":"","overlay-color":"","overlay-gradient":""},"tablet":{"background-color":"","background-image":"","background-repeat":"repeat","background-position":"center center","background-size":"auto","background-attachment":"scroll","background-type":"","background-media":"","overlay-type":"","overlay-color":"","overlay-gradient":""},"mobile":{"background-color":"","background-image":"","background-repeat":"repeat","background-position":"center center","background-size":"auto","background-attachment":"scroll","background-type":"","background-media":"","overlay-type":"","overlay-color":"","overlay-gradient":""}},"ast-content-background-meta":{"desktop":{"background-color":"var(--ast-global-color-5)","background-image":"","background-repeat":"repeat","background-position":"center center","background-size":"auto","background-attachment":"scroll","background-type":"","background-media":"","overlay-type":"","overlay-color":"","overlay-gradient":""},"tablet":{"background-color":"var(--ast-global-color-5)","background-image":"","background-repeat":"repeat","background-position":"center center","background-size":"auto","background-attachment":"scroll","background-type":"","background-media":"","overlay-type":"","overlay-color":"","overlay-gradient":""},"mobile":{"background-color":"var(--ast-global-color-5)","background-image":"","background-repeat":"repeat","background-position":"center center","background-size":"auto","background-attachment":"scroll","background-type":"","background-media":"","overlay-type":"","overlay-color":"","overlay-gradient":""}},"footnotes":""},"categories":[509,494,35,973,962,4578,502],"tags":[88577,21037,537,545,173499,49974],"class_list":["post-81271","post","type-post","status-publish","format-standard","hentry","category-agronomia","category-ciencias-agrarias","category-ciencias-de-la-vida","category-cordoba","category-genetica","category-ingenieria-genetica","category-produccion-de-cultivos","tag-de-la-cuadra-gonzalez-meneses-celia","tag-fernando-nuez-vinals","tag-jose-ignacio-cubero-salmeron","tag-luis-miguel-martin-martin","tag-luis-rayo-romero","tag-salvador-nadal-moyano"],"_links":{"self":[{"href":"https:\/\/www.deberes.net\/tesis\/wp-json\/wp\/v2\/posts\/81271","targetHints":{"allow":["GET"]}}],"collection":[{"href":"https:\/\/www.deberes.net\/tesis\/wp-json\/wp\/v2\/posts"}],"about":[{"href":"https:\/\/www.deberes.net\/tesis\/wp-json\/wp\/v2\/types\/post"}],"author":[{"embeddable":true,"href":"https:\/\/www.deberes.net\/tesis\/wp-json\/wp\/v2\/users\/1"}],"replies":[{"embeddable":true,"href":"https:\/\/www.deberes.net\/tesis\/wp-json\/wp\/v2\/comments?post=81271"}],"version-history":[{"count":0,"href":"https:\/\/www.deberes.net\/tesis\/wp-json\/wp\/v2\/posts\/81271\/revisions"}],"wp:attachment":[{"href":"https:\/\/www.deberes.net\/tesis\/wp-json\/wp\/v2\/media?parent=81271"}],"wp:term":[{"taxonomy":"category","embeddable":true,"href":"https:\/\/www.deberes.net\/tesis\/wp-json\/wp\/v2\/categories?post=81271"},{"taxonomy":"post_tag","embeddable":true,"href":"https:\/\/www.deberes.net\/tesis\/wp-json\/wp\/v2\/tags?post=81271"}],"curies":[{"name":"wp","href":"https:\/\/api.w.org\/{rel}","templated":true}]}}