{"id":81285,"date":"2018-03-10T00:05:10","date_gmt":"2018-03-10T00:05:10","guid":{"rendered":"https:\/\/www.deberes.net\/tesis\/sin-categoria\/la-negociacion-colectiva-en-espana-los-acuerdos-marcos-y-los-acuerdos-y-convenios-colectivos-interprofesionales-su-incidencia-en-la-estructura-del-sistema-negocial\/"},"modified":"2018-03-10T00:05:10","modified_gmt":"2018-03-10T00:05:10","slug":"la-negociacion-colectiva-en-espana-los-acuerdos-marcos-y-los-acuerdos-y-convenios-colectivos-interprofesionales-su-incidencia-en-la-estructura-del-sistema-negocial","status":"publish","type":"post","link":"https:\/\/www.deberes.net\/tesis\/ciencias-juridicas-y-derecho\/la-negociacion-colectiva-en-espana-los-acuerdos-marcos-y-los-acuerdos-y-convenios-colectivos-interprofesionales-su-incidencia-en-la-estructura-del-sistema-negocial\/","title":{"rendered":"La negociaci\u00f3n colectiva en espa\u00f1a: los acuerdos marcos y los acuerdos y convenios colectivos interprofesionales. su incidencia en la estructura del sistema negocial."},"content":{"rendered":"<h2>Tesis doctoral de <strong> Jos\u00e9 Luis Salido Banus <\/strong><\/h2>\n<p>Partiendo de la propuesta de definici\u00f3n sobre el convenio colectivo efectuada por la o.I.T. , Se trata de desvincular los llamados pactos pol\u00edticos de la \u00e9poca de la transici\u00f3n espa\u00f1ola de los acuerdos marco y convenios colectivos interprofesionales. Seguidamente, se acomete la tarea de demostrar que esto \u00faltimos tienen la misma naturaleza que los convenios colectivos estatutarios, pero con unas peculiaridades espec\u00edficas derivdas especialmente de los sujetos que los firman y de los contenidos que constituyen su objeto principal.  una vez comprobado lo anterior, se analiza la incidencia que tanto los pactos pol\u00edticos como los convenios y acuerdos intreprofesionales han tenido en el sistema negocial espa\u00f1ol y especialmente en su estructura.<\/p>\n<p>&nbsp;<\/p>\n<h3>Datos acad\u00e9micos de la tesis doctoral \u00ab<strong>La negociaci\u00f3n colectiva en espa\u00f1a: los acuerdos marcos y los acuerdos y convenios colectivos interprofesionales. su incidencia en la estructura del sistema negocial.<\/strong>\u00ab<\/h3>\n<ul>\n<li><strong>T\u00edtulo de la tesis:<\/strong>\u00a0 La negociaci\u00f3n colectiva en espa\u00f1a: los acuerdos marcos y los acuerdos y convenios colectivos interprofesionales. su incidencia en la estructura del sistema negocial. <\/li>\n<li><strong>Autor:<\/strong>\u00a0 Jos\u00e9 Luis Salido Banus <\/li>\n<li><strong>Universidad:<\/strong>\u00a0 Barcelona<\/li>\n<li><strong>Fecha de lectura de la tesis:<\/strong>\u00a0 19\/11\/1999<\/li>\n<\/ul>\n<p>&nbsp;<\/p>\n<h3>Direcci\u00f3n y tribunal<\/h3>\n<ul>\n<li><strong>Director de la tesis<\/strong>\n<ul>\n<li>Manuel Garc\u00eda Fern\u00e1ndez<\/li>\n<\/ul>\n<\/li>\n<li><strong>Tribunal<\/strong>\n<ul>\n<li>Presidente del tribunal: efren Borrajo dacruz <\/li>\n<li>Juan Rivero lamas (vocal)<\/li>\n<li>alfredo Montoya melgar (vocal)<\/li>\n<li>enrique Jim\u00e9nez asenjo (vocal)<\/li>\n<\/ul>\n<\/li>\n<\/ul>\n<p>&nbsp;<\/p>\n","protected":false},"excerpt":{"rendered":"<p>Tesis doctoral de Jos\u00e9 Luis Salido Banus Partiendo de la propuesta de definici\u00f3n sobre el convenio colectivo efectuada por la [&hellip;]<\/p>\n","protected":false},"author":1,"featured_media":0,"comment_status":"open","ping_status":"open","sticky":false,"template":"","format":"standard","meta":{"site-sidebar-layout":"default","site-content-layout":"","ast-site-content-layout":"","site-content-style":"default","site-sidebar-style":"default","ast-global-header-display":"","ast-banner-title-visibility":"","ast-main-header-display":"","ast-hfb-above-header-display":"","ast-hfb-below-header-display":"","ast-hfb-mobile-header-display":"","site-post-title":"","ast-breadcrumbs-content":"","ast-featured-img":"","footer-sml-layout":"","theme-transparent-header-meta":"","adv-header-id-meta":"","stick-header-meta":"","header-above-stick-meta":"","header-main-stick-meta":"","header-below-stick-meta":"","astra-migrate-meta-layouts":"default","ast-page-background-enabled":"default","ast-page-background-meta":{"desktop":{"background-color":"var(--ast-global-color-4)","background-image":"","background-repeat":"repeat","background-position":"center center","background-size":"auto","background-attachment":"scroll","background-type":"","background-media":"","overlay-type":"","overlay-color":"","overlay-gradient":""},"tablet":{"background-color":"","background-image":"","background-repeat":"repeat","background-position":"center center","background-size":"auto","background-attachment":"scroll","background-type":"","background-media":"","overlay-type":"","overlay-color":"","overlay-gradient":""},"mobile":{"background-color":"","background-image":"","background-repeat":"repeat","background-position":"center center","background-size":"auto","background-attachment":"scroll","background-type":"","background-media":"","overlay-type":"","overlay-color":"","overlay-gradient":""}},"ast-content-background-meta":{"desktop":{"background-color":"var(--ast-global-color-5)","background-image":"","background-repeat":"repeat","background-position":"center center","background-size":"auto","background-attachment":"scroll","background-type":"","background-media":"","overlay-type":"","overlay-color":"","overlay-gradient":""},"tablet":{"background-color":"var(--ast-global-color-5)","background-image":"","background-repeat":"repeat","background-position":"center center","background-size":"auto","background-attachment":"scroll","background-type":"","background-media":"","overlay-type":"","overlay-color":"","overlay-gradient":""},"mobile":{"background-color":"var(--ast-global-color-5)","background-image":"","background-repeat":"repeat","background-position":"center center","background-size":"auto","background-attachment":"scroll","background-type":"","background-media":"","overlay-type":"","overlay-color":"","overlay-gradient":""}},"footnotes":""},"categories":[951,612,2170,979],"tags":[5169,3703,36440,173521,23031,29031],"class_list":["post-81285","post","type-post","status-publish","format-standard","hentry","category-barcelona","category-ciencias-juridicas-y-derecho","category-derecho-del-trabajo-y-de-la-seguridad-social","category-derecho-y-legislacion-nacionales","tag-alfredo-montoya-melgar","tag-efren-borrajo-dacruz","tag-enrique-jimenez-asenjo","tag-jose-luis-salido-banus","tag-juan-rivero-lamas","tag-manuel-garcia-fernandez"],"_links":{"self":[{"href":"https:\/\/www.deberes.net\/tesis\/wp-json\/wp\/v2\/posts\/81285","targetHints":{"allow":["GET"]}}],"collection":[{"href":"https:\/\/www.deberes.net\/tesis\/wp-json\/wp\/v2\/posts"}],"about":[{"href":"https:\/\/www.deberes.net\/tesis\/wp-json\/wp\/v2\/types\/post"}],"author":[{"embeddable":true,"href":"https:\/\/www.deberes.net\/tesis\/wp-json\/wp\/v2\/users\/1"}],"replies":[{"embeddable":true,"href":"https:\/\/www.deberes.net\/tesis\/wp-json\/wp\/v2\/comments?post=81285"}],"version-history":[{"count":0,"href":"https:\/\/www.deberes.net\/tesis\/wp-json\/wp\/v2\/posts\/81285\/revisions"}],"wp:attachment":[{"href":"https:\/\/www.deberes.net\/tesis\/wp-json\/wp\/v2\/media?parent=81285"}],"wp:term":[{"taxonomy":"category","embeddable":true,"href":"https:\/\/www.deberes.net\/tesis\/wp-json\/wp\/v2\/categories?post=81285"},{"taxonomy":"post_tag","embeddable":true,"href":"https:\/\/www.deberes.net\/tesis\/wp-json\/wp\/v2\/tags?post=81285"}],"curies":[{"name":"wp","href":"https:\/\/api.w.org\/{rel}","templated":true}]}}