{"id":81290,"date":"2018-03-10T00:05:10","date_gmt":"2018-03-10T00:05:10","guid":{"rendered":"https:\/\/www.deberes.net\/tesis\/sin-categoria\/james-e-carter-compromiso-de-un-presidente-con-los-derechos-humanos\/"},"modified":"2018-03-10T00:05:10","modified_gmt":"2018-03-10T00:05:10","slug":"james-e-carter-compromiso-de-un-presidente-con-los-derechos-humanos","status":"publish","type":"post","link":"https:\/\/www.deberes.net\/tesis\/historia\/james-e-carter-compromiso-de-un-presidente-con-los-derechos-humanos\/","title":{"rendered":"James e. carter: compromiso de un presidente con los derechos humanos"},"content":{"rendered":"<h2>Tesis doctoral de <strong>  Martin Gonzalez Eva M. <\/strong><\/h2>\n<p>La tesis en un estudio documentado y cr\u00edtico de una etapa presidencial norteamericana, comprometida seriamente con la desfensa de la libertad y la igualdad de todos los seres humanos.  se analizan las etapas hist\u00f3ricas de la naci\u00f3n americana, desde los padres fundadores hasta nuestros d\u00edas, centr\u00e1ndose en los a\u00f1os de la presidencia de james f. Carter argumentando el compromiso de este presidente de los estados unidos conlos derechso humanos, considerados no solo baluarte de su acci\u00f3n pol\u00edtica, sino tambi\u00e9n de su vida. La demostraci\u00f3n de esta afirmaci\u00f3nse encuentra fudamentalmente en la pol\u00edtica exterior de esta etapa en todo el mundo: oriente medio, los continentes de africa y de asia, europa y latinoam\u00e9rica. Se considera la proyecci\u00f3n de j. Carter sobre los derechos humanos en el periodo posteior a su presidencia, examinando los principios rectores del centro que lleva su nombre.  la tesis finaliza con una abundante y selecta bilbiofraf\u00eda, y con unos anexos entre los que destaca una transcripci\u00f3n de los momentos m\u00e1s importantes de una entrevista personal mantenida con el expresidente carter.<\/p>\n<p>&nbsp;<\/p>\n<h3>Datos acad\u00e9micos de la tesis doctoral \u00ab<strong>James e. carter: compromiso de un presidente con los derechos humanos<\/strong>\u00ab<\/h3>\n<ul>\n<li><strong>T\u00edtulo de la tesis:<\/strong>\u00a0 James e. carter: compromiso de un presidente con los derechos humanos <\/li>\n<li><strong>Autor:<\/strong>\u00a0  Martin Gonzalez Eva M. <\/li>\n<li><strong>Universidad:<\/strong>\u00a0 Salamanca<\/li>\n<li><strong>Fecha de lectura de la tesis:<\/strong>\u00a0 19\/11\/1999<\/li>\n<\/ul>\n<p>&nbsp;<\/p>\n<h3>Direcci\u00f3n y tribunal<\/h3>\n<ul>\n<li><strong>Director de la tesis<\/strong>\n<ul>\n<li> Hernandez Alonso Juan  Jose<\/li>\n<\/ul>\n<\/li>\n<li><strong>Tribunal<\/strong>\n<ul>\n<li>Presidente del tribunal: joaquin Oltra pons <\/li>\n<li>Jos\u00e9 Antonio Gurpegui palacios (vocal)<\/li>\n<li>daniel Pastor Garc\u00eda (vocal)<\/li>\n<li>Juan  Andr\u00e9s Blanco rodr\u00edguez (vocal)<\/li>\n<\/ul>\n<\/li>\n<\/ul>\n<p>&nbsp;<\/p>\n","protected":false},"excerpt":{"rendered":"<p>Tesis doctoral de Martin Gonzalez Eva M. La tesis en un estudio documentado y cr\u00edtico de una etapa presidencial norteamericana, [&hellip;]<\/p>\n","protected":false},"author":1,"featured_media":0,"comment_status":"open","ping_status":"open","sticky":false,"template":"","format":"standard","meta":{"site-sidebar-layout":"default","site-content-layout":"","ast-site-content-layout":"","site-content-style":"default","site-sidebar-style":"default","ast-global-header-display":"","ast-banner-title-visibility":"","ast-main-header-display":"","ast-hfb-above-header-display":"","ast-hfb-below-header-display":"","ast-hfb-mobile-header-display":"","site-post-title":"","ast-breadcrumbs-content":"","ast-featured-img":"","footer-sml-layout":"","theme-transparent-header-meta":"","adv-header-id-meta":"","stick-header-meta":"","header-above-stick-meta":"","header-main-stick-meta":"","header-below-stick-meta":"","astra-migrate-meta-layouts":"default","ast-page-background-enabled":"default","ast-page-background-meta":{"desktop":{"background-color":"var(--ast-global-color-4)","background-image":"","background-repeat":"repeat","background-position":"center center","background-size":"auto","background-attachment":"scroll","background-type":"","background-media":"","overlay-type":"","overlay-color":"","overlay-gradient":""},"tablet":{"background-color":"","background-image":"","background-repeat":"repeat","background-position":"center center","background-size":"auto","background-attachment":"scroll","background-type":"","background-media":"","overlay-type":"","overlay-color":"","overlay-gradient":""},"mobile":{"background-color":"","background-image":"","background-repeat":"repeat","background-position":"center center","background-size":"auto","background-attachment":"scroll","background-type":"","background-media":"","overlay-type":"","overlay-color":"","overlay-gradient":""}},"ast-content-background-meta":{"desktop":{"background-color":"var(--ast-global-color-5)","background-image":"","background-repeat":"repeat","background-position":"center center","background-size":"auto","background-attachment":"scroll","background-type":"","background-media":"","overlay-type":"","overlay-color":"","overlay-gradient":""},"tablet":{"background-color":"var(--ast-global-color-5)","background-image":"","background-repeat":"repeat","background-position":"center center","background-size":"auto","background-attachment":"scroll","background-type":"","background-media":"","overlay-type":"","overlay-color":"","overlay-gradient":""},"mobile":{"background-color":"var(--ast-global-color-5)","background-image":"","background-repeat":"repeat","background-position":"center center","background-size":"auto","background-attachment":"scroll","background-type":"","background-media":"","overlay-type":"","overlay-color":"","overlay-gradient":""}},"footnotes":""},"categories":[104,1816,6049,220,9386],"tags":[48146,73687,173528,3247,50110,173527],"class_list":["post-81290","post","type-post","status-publish","format-standard","hentry","category-historia","category-historia-contemporanea","category-historia-contemporanea-del-area-americana","category-historia-por-epocas","category-salamanca","tag-daniel-pastor-garcia","tag-hernandez-alonso-juan-jose","tag-joaquin-oltra-pons","tag-jose-antonio-gurpegui-palacios","tag-juan-andres-blanco-rodriguez","tag-martin-gonzalez-eva-m"],"_links":{"self":[{"href":"https:\/\/www.deberes.net\/tesis\/wp-json\/wp\/v2\/posts\/81290","targetHints":{"allow":["GET"]}}],"collection":[{"href":"https:\/\/www.deberes.net\/tesis\/wp-json\/wp\/v2\/posts"}],"about":[{"href":"https:\/\/www.deberes.net\/tesis\/wp-json\/wp\/v2\/types\/post"}],"author":[{"embeddable":true,"href":"https:\/\/www.deberes.net\/tesis\/wp-json\/wp\/v2\/users\/1"}],"replies":[{"embeddable":true,"href":"https:\/\/www.deberes.net\/tesis\/wp-json\/wp\/v2\/comments?post=81290"}],"version-history":[{"count":0,"href":"https:\/\/www.deberes.net\/tesis\/wp-json\/wp\/v2\/posts\/81290\/revisions"}],"wp:attachment":[{"href":"https:\/\/www.deberes.net\/tesis\/wp-json\/wp\/v2\/media?parent=81290"}],"wp:term":[{"taxonomy":"category","embeddable":true,"href":"https:\/\/www.deberes.net\/tesis\/wp-json\/wp\/v2\/categories?post=81290"},{"taxonomy":"post_tag","embeddable":true,"href":"https:\/\/www.deberes.net\/tesis\/wp-json\/wp\/v2\/tags?post=81290"}],"curies":[{"name":"wp","href":"https:\/\/api.w.org\/{rel}","templated":true}]}}