{"id":81310,"date":"2018-03-10T00:05:10","date_gmt":"2018-03-10T00:05:10","guid":{"rendered":"https:\/\/www.deberes.net\/tesis\/sin-categoria\/investigacion-de-la-evolucion-de-las-resistencias-a-antimicrobianos-en-tuberculosis-en-un-centro-de-referencia\/"},"modified":"2018-03-10T00:05:10","modified_gmt":"2018-03-10T00:05:10","slug":"investigacion-de-la-evolucion-de-las-resistencias-a-antimicrobianos-en-tuberculosis-en-un-centro-de-referencia","status":"publish","type":"post","link":"https:\/\/www.deberes.net\/tesis\/ciencias-medicas\/investigacion-de-la-evolucion-de-las-resistencias-a-antimicrobianos-en-tuberculosis-en-un-centro-de-referencia\/","title":{"rendered":"Investigacion de la evolucion de las resistencias a antimicrobianos en tuberculosis en un centro de referencia"},"content":{"rendered":"<h2>Tesis doctoral de <strong>  Rodriguez Cano  Francisco Jose <\/strong><\/h2>\n<p>El aumento del n\u00famero de casos de tuberculosis a nivel mundial, el incremento de las resistencia, la aparici\u00f3n de fomras multirresisitentes as\u00ed como el problema a\u00f1adido de la coinfecci\u00f3n vih-tuberculosis son todo ellos factores que justifican actuaciones peri\u00f3dicas que aporten  una valoraci\u00f3n de la situaci\u00f3n actual de esta enfermedad.  para un mejor seguimiento de la tuberculosis, es importante conocer los mecanismos de acci\u00f3n de los f\u00e1rmacos antituberculos, as\u00ed como de los mecanismos de resistencia que desarrollan las micobacterias ante estos.  la determinaci\u00f3n de la resistencia de los cultivos de m. Tuberculosis recibidos en centro de referencia (cr) de micobacterias de c\u00f3rdoba durante los a\u00f1os 1993-1998 para los f\u00e1rmacos estreptomicina, rifampicina, ethambutonol e isoniazida; la valoraci\u00f3n de estos resultados con los obtenidos en este mismo cr en el decenio previo; la determinaci\u00f3n de la multirresistencia (mdr); as\u00ed como la determinaci\u00f3n de los resultados obtenidos en cultivos procedentes de portadores vih positivo y su valoraci\u00f3n con respecto a los datos obtenidos en la totalidad de la muestra constituyen los objetivos.  para la determinaci\u00f3n del patr\u00f3n de sensibilidad se emple\u00f3 el sistema bactec 460 tb seg\u00fan protocolo estandarizado.  los resultados obtenidos son expuestos y valorados con referencias bibliograf\u00edcas procedente de estudios nacionales, internacionales y de otros cr.  las conclusiones manifiestan, con la necesidad de la interpretaci\u00f3n de los resultados con la precauci\u00f3n que debe suponer las caracter\u00edsticas de un cr, un aresistencia algo superior a la obtenida en otros estudios; el ligero descenso en los valores de resistencia con relaci\u00f3n al decenio previo; una mdr algo superior a la obtenida en otros estudios.Con relaci\u00f3n a los resultados en vih presentan valores de resistencia similares a los de la totalidad de la muestra.<\/p>\n<p>&nbsp;<\/p>\n<h3>Datos acad\u00e9micos de la tesis doctoral \u00ab<strong>Investigacion de la evolucion de las resistencias a antimicrobianos en tuberculosis en un centro de referencia<\/strong>\u00ab<\/h3>\n<ul>\n<li><strong>T\u00edtulo de la tesis:<\/strong>\u00a0 Investigacion de la evolucion de las resistencias a antimicrobianos en tuberculosis en un centro de referencia <\/li>\n<li><strong>Autor:<\/strong>\u00a0  Rodriguez Cano  Francisco Jose <\/li>\n<li><strong>Universidad:<\/strong>\u00a0 C\u00f3rdoba<\/li>\n<li><strong>Fecha de lectura de la tesis:<\/strong>\u00a0 22\/11\/1999<\/li>\n<\/ul>\n<p>&nbsp;<\/p>\n<h3>Direcci\u00f3n y tribunal<\/h3>\n<ul>\n<li><strong>Director de la tesis<\/strong>\n<ul>\n<li>Manuel Casal Roman<\/li>\n<\/ul>\n<\/li>\n<li><strong>Tribunal<\/strong>\n<ul>\n<li>Presidente del tribunal: pedro S\u00e1nchez guijo <\/li>\n<li> Garcia de lomas Juan (vocal)<\/li>\n<li>Juan  bautista Gutierrez aroca (vocal)<\/li>\n<li>Jos\u00e9 Mira gutierrez (vocal)<\/li>\n<\/ul>\n<\/li>\n<\/ul>\n<p>&nbsp;<\/p>\n","protected":false},"excerpt":{"rendered":"<p>Tesis doctoral de Rodriguez Cano Francisco Jose El aumento del n\u00famero de casos de tuberculosis a nivel mundial, el incremento [&hellip;]<\/p>\n","protected":false},"author":1,"featured_media":0,"comment_status":"open","ping_status":"open","sticky":false,"template":"","format":"standard","meta":{"site-sidebar-layout":"default","site-content-layout":"","ast-site-content-layout":"","site-content-style":"default","site-sidebar-style":"default","ast-global-header-display":"","ast-banner-title-visibility":"","ast-main-header-display":"","ast-hfb-above-header-display":"","ast-hfb-below-header-display":"","ast-hfb-mobile-header-display":"","site-post-title":"","ast-breadcrumbs-content":"","ast-featured-img":"","footer-sml-layout":"","theme-transparent-header-meta":"","adv-header-id-meta":"","stick-header-meta":"","header-above-stick-meta":"","header-main-stick-meta":"","header-below-stick-meta":"","astra-migrate-meta-layouts":"default","ast-page-background-enabled":"default","ast-page-background-meta":{"desktop":{"background-color":"var(--ast-global-color-4)","background-image":"","background-repeat":"repeat","background-position":"center center","background-size":"auto","background-attachment":"scroll","background-type":"","background-media":"","overlay-type":"","overlay-color":"","overlay-gradient":""},"tablet":{"background-color":"","background-image":"","background-repeat":"repeat","background-position":"center center","background-size":"auto","background-attachment":"scroll","background-type":"","background-media":"","overlay-type":"","overlay-color":"","overlay-gradient":""},"mobile":{"background-color":"","background-image":"","background-repeat":"repeat","background-position":"center center","background-size":"auto","background-attachment":"scroll","background-type":"","background-media":"","overlay-type":"","overlay-color":"","overlay-gradient":""}},"ast-content-background-meta":{"desktop":{"background-color":"var(--ast-global-color-5)","background-image":"","background-repeat":"repeat","background-position":"center center","background-size":"auto","background-attachment":"scroll","background-type":"","background-media":"","overlay-type":"","overlay-color":"","overlay-gradient":""},"tablet":{"background-color":"var(--ast-global-color-5)","background-image":"","background-repeat":"repeat","background-position":"center center","background-size":"auto","background-attachment":"scroll","background-type":"","background-media":"","overlay-type":"","overlay-color":"","overlay-gradient":""},"mobile":{"background-color":"var(--ast-global-color-5)","background-image":"","background-repeat":"repeat","background-position":"center center","background-size":"auto","background-attachment":"scroll","background-type":"","background-media":"","overlay-type":"","overlay-color":"","overlay-gradient":""}},"footnotes":""},"categories":[2193,9239,155,35,9,973,278,597],"tags":[16932,1656,2349,2067,1935,173566],"class_list":["post-81310","post","type-post","status-publish","format-standard","hentry","category-antibioticos","category-bacteriofagia","category-ciencias-clinicas","category-ciencias-de-la-vida","category-ciencias-medicas","category-cordoba","category-microbiologia","category-microbiologia-clinica","tag-garcia-de-lomas-juan","tag-jose-mira-gutierrez","tag-juan-bautista-gutierrez-aroca","tag-manuel-casal-roman","tag-pedro-sanchez-guijo","tag-rodriguez-cano-francisco-jose"],"_links":{"self":[{"href":"https:\/\/www.deberes.net\/tesis\/wp-json\/wp\/v2\/posts\/81310","targetHints":{"allow":["GET"]}}],"collection":[{"href":"https:\/\/www.deberes.net\/tesis\/wp-json\/wp\/v2\/posts"}],"about":[{"href":"https:\/\/www.deberes.net\/tesis\/wp-json\/wp\/v2\/types\/post"}],"author":[{"embeddable":true,"href":"https:\/\/www.deberes.net\/tesis\/wp-json\/wp\/v2\/users\/1"}],"replies":[{"embeddable":true,"href":"https:\/\/www.deberes.net\/tesis\/wp-json\/wp\/v2\/comments?post=81310"}],"version-history":[{"count":0,"href":"https:\/\/www.deberes.net\/tesis\/wp-json\/wp\/v2\/posts\/81310\/revisions"}],"wp:attachment":[{"href":"https:\/\/www.deberes.net\/tesis\/wp-json\/wp\/v2\/media?parent=81310"}],"wp:term":[{"taxonomy":"category","embeddable":true,"href":"https:\/\/www.deberes.net\/tesis\/wp-json\/wp\/v2\/categories?post=81310"},{"taxonomy":"post_tag","embeddable":true,"href":"https:\/\/www.deberes.net\/tesis\/wp-json\/wp\/v2\/tags?post=81310"}],"curies":[{"name":"wp","href":"https:\/\/api.w.org\/{rel}","templated":true}]}}