{"id":81325,"date":"2018-03-10T00:05:10","date_gmt":"2018-03-10T00:05:10","guid":{"rendered":"https:\/\/www.deberes.net\/tesis\/sin-categoria\/estudio-del-os-prefrontale-en-numida-meleagris-l-1758\/"},"modified":"2018-03-10T00:05:10","modified_gmt":"2018-03-10T00:05:10","slug":"estudio-del-os-prefrontale-en-numida-meleagris-l-1758","status":"publish","type":"post","link":"https:\/\/www.deberes.net\/tesis\/ciencias-de-la-vida\/estudio-del-os-prefrontale-en-numida-meleagris-l-1758\/","title":{"rendered":"Estudio del os prefrontale en numida meleagris (l., 1758)"},"content":{"rendered":"<h2>Tesis doctoral de <strong>  Freitas Berbel Juan  Antonio <\/strong><\/h2>\n<p>Profundo, interesante y laborioso estudio que se desarrolla como trabajo de investigaci\u00f3n de osteomorfolog\u00eda comparada, en el marco de la anatom\u00eda funcional, sobre el papel que juega el prefrontal en la numida meleagris, ampliamente comparado con otras gallinaceas ex\u00f3ticas y salvajes, adem\u00e1s de otras aves de gran variedad de especies. Todo esto integrado en un esquema organizativo claro y ordenado, de f\u00e1cil lectura, con una hip\u00f3tesis bien definida que ha permitido alcanzar un trabajo serio y riguroso.  todo esto permite concluir que debido a sus particularidades anat\u00f3micas, estas permitir\u00edan considerarlo como car\u00e1cter taxon\u00f3mico en la diferenciaci\u00f3n espec\u00edfica.  conla posibilidad, muy importante, de la aplicaci\u00f3n de su reconocimiento en trabajos de apleo-biolog\u00eda y en arqueolog\u00eda, para determinar e identificar f\u00f3siles de aves.  una aproximaci\u00f3n a la posible generaci\u00f3n de expresiones faciales mediante el uso del hueso profrontal en la especie estudiada, destac\u00e1ndola como una de las mejor dotadas anat\u00f3micamente, para llegar a expresarse plenamente de forma voluntaria si la evoluci\u00f3n sigue por este camino.  el papel protector de los ojos, por su ubicaci\u00f3n en e lcr\u00e1neo como aporte al proceso de adaptaci\u00f3n en una especie de h\u00e1bitos predominantemente terrestres.<\/p>\n<p>&nbsp;<\/p>\n<h3>Datos acad\u00e9micos de la tesis doctoral \u00ab<strong>Estudio del os prefrontale en numida meleagris (l., 1758)<\/strong>\u00ab<\/h3>\n<ul>\n<li><strong>T\u00edtulo de la tesis:<\/strong>\u00a0 Estudio del os prefrontale en numida meleagris (l., 1758) <\/li>\n<li><strong>Autor:<\/strong>\u00a0  Freitas Berbel Juan  Antonio <\/li>\n<li><strong>Universidad:<\/strong>\u00a0 Vigo<\/li>\n<li><strong>Fecha de lectura de la tesis:<\/strong>\u00a0 22\/11\/1999<\/li>\n<\/ul>\n<p>&nbsp;<\/p>\n<h3>Direcci\u00f3n y tribunal<\/h3>\n<ul>\n<li><strong>Director de la tesis<\/strong>\n<ul>\n<li>Antonio Palanca Soler<\/li>\n<\/ul>\n<\/li>\n<li><strong>Tribunal<\/strong>\n<ul>\n<li>Presidente del tribunal:  Fern\u00e1ndez de troconiz revuelta patricia <\/li>\n<li>Jes\u00fas P\u00e9rez jim\u00e9nez (vocal)<\/li>\n<li> L\u00f3pez beceiro Ana Mar\u00eda (vocal)<\/li>\n<li>delf\u00edn Sanuy castells (vocal)<\/li>\n<\/ul>\n<\/li>\n<\/ul>\n<p>&nbsp;<\/p>\n","protected":false},"excerpt":{"rendered":"<p>Tesis doctoral de Freitas Berbel Juan Antonio Profundo, interesante y laborioso estudio que se desarrolla como trabajo de investigaci\u00f3n de [&hellip;]<\/p>\n","protected":false},"author":1,"featured_media":0,"comment_status":"open","ping_status":"open","sticky":false,"template":"","format":"standard","meta":{"site-sidebar-layout":"default","site-content-layout":"","ast-site-content-layout":"","site-content-style":"default","site-sidebar-style":"default","ast-global-header-display":"","ast-banner-title-visibility":"","ast-main-header-display":"","ast-hfb-above-header-display":"","ast-hfb-below-header-display":"","ast-hfb-mobile-header-display":"","site-post-title":"","ast-breadcrumbs-content":"","ast-featured-img":"","footer-sml-layout":"","theme-transparent-header-meta":"","adv-header-id-meta":"","stick-header-meta":"","header-above-stick-meta":"","header-main-stick-meta":"","header-below-stick-meta":"","astra-migrate-meta-layouts":"default","ast-page-background-enabled":"default","ast-page-background-meta":{"desktop":{"background-color":"var(--ast-global-color-4)","background-image":"","background-repeat":"repeat","background-position":"center center","background-size":"auto","background-attachment":"scroll","background-type":"","background-media":"","overlay-type":"","overlay-color":"","overlay-gradient":""},"tablet":{"background-color":"","background-image":"","background-repeat":"repeat","background-position":"center center","background-size":"auto","background-attachment":"scroll","background-type":"","background-media":"","overlay-type":"","overlay-color":"","overlay-gradient":""},"mobile":{"background-color":"","background-image":"","background-repeat":"repeat","background-position":"center center","background-size":"auto","background-attachment":"scroll","background-type":"","background-media":"","overlay-type":"","overlay-color":"","overlay-gradient":""}},"ast-content-background-meta":{"desktop":{"background-color":"var(--ast-global-color-5)","background-image":"","background-repeat":"repeat","background-position":"center center","background-size":"auto","background-attachment":"scroll","background-type":"","background-media":"","overlay-type":"","overlay-color":"","overlay-gradient":""},"tablet":{"background-color":"var(--ast-global-color-5)","background-image":"","background-repeat":"repeat","background-position":"center center","background-size":"auto","background-attachment":"scroll","background-type":"","background-media":"","overlay-type":"","overlay-color":"","overlay-gradient":""},"mobile":{"background-color":"var(--ast-global-color-5)","background-image":"","background-repeat":"repeat","background-position":"center center","background-size":"auto","background-attachment":"scroll","background-type":"","background-media":"","overlay-type":"","overlay-color":"","overlay-gradient":""}},"footnotes":""},"categories":[6273,35,373,18657,226],"tags":[369,173593,173590,173589,173591,173592],"class_list":["post-81325","post","type-post","status-publish","format-standard","hentry","category-anatomia-animal","category-ciencias-de-la-vida","category-ornitologia","category-vigo","category-zoologia","tag-antonio-palanca-soler","tag-delfin-sanuy-castells","tag-fernandez-de-troconiz-revuelta-patricia","tag-freitas-berbel-juan-antonio","tag-jesus-perez-jimenez","tag-lopez-beceiro-ana-maria"],"_links":{"self":[{"href":"https:\/\/www.deberes.net\/tesis\/wp-json\/wp\/v2\/posts\/81325","targetHints":{"allow":["GET"]}}],"collection":[{"href":"https:\/\/www.deberes.net\/tesis\/wp-json\/wp\/v2\/posts"}],"about":[{"href":"https:\/\/www.deberes.net\/tesis\/wp-json\/wp\/v2\/types\/post"}],"author":[{"embeddable":true,"href":"https:\/\/www.deberes.net\/tesis\/wp-json\/wp\/v2\/users\/1"}],"replies":[{"embeddable":true,"href":"https:\/\/www.deberes.net\/tesis\/wp-json\/wp\/v2\/comments?post=81325"}],"version-history":[{"count":0,"href":"https:\/\/www.deberes.net\/tesis\/wp-json\/wp\/v2\/posts\/81325\/revisions"}],"wp:attachment":[{"href":"https:\/\/www.deberes.net\/tesis\/wp-json\/wp\/v2\/media?parent=81325"}],"wp:term":[{"taxonomy":"category","embeddable":true,"href":"https:\/\/www.deberes.net\/tesis\/wp-json\/wp\/v2\/categories?post=81325"},{"taxonomy":"post_tag","embeddable":true,"href":"https:\/\/www.deberes.net\/tesis\/wp-json\/wp\/v2\/tags?post=81325"}],"curies":[{"name":"wp","href":"https:\/\/api.w.org\/{rel}","templated":true}]}}