{"id":81340,"date":"2018-03-10T00:05:14","date_gmt":"2018-03-10T00:05:14","guid":{"rendered":"https:\/\/www.deberes.net\/tesis\/sin-categoria\/morfologia-y-proyecto-en-algunas-intervenciones-arquitectonicas-el-espacio-i-defendido\/"},"modified":"2018-03-10T00:05:14","modified_gmt":"2018-03-10T00:05:14","slug":"morfologia-y-proyecto-en-algunas-intervenciones-arquitectonicas-el-espacio-i-defendido","status":"publish","type":"post","link":"https:\/\/www.deberes.net\/tesis\/ciencias-de-las-artes-y-las-letras\/morfologia-y-proyecto-en-algunas-intervenciones-arquitectonicas-el-espacio-i-defendido\/","title":{"rendered":"Morfolog\u00eda y proyecto en algunas intervenciones arquitectonicas: el espacio i defendido"},"content":{"rendered":"<h2>Tesis doctoral de <strong> Joaquin Ib\u00e1\u00f1ez Montoya <\/strong><\/h2>\n<p>El habitar es el fin de todo construir. Su ocupaci\u00f3n y permanencia del lugar lo determina como espacio defendido. El motivo es analizar la vigencia y el sentido arquitect\u00f3nico del l\u00edmite en la configuraci\u00f3n del espacio contempor\u00e1neo, de expansi\u00f3n hasta la globalizaci\u00f3n presente y su condici\u00f3n innovadora, a trav\u00e9s del tiempo presente, atrav\u00e9s de un m\u00e9todo de dos v\u00edas; la fortaleza de puerto rico y el mar caribe, espacio intenso de colonizaci\u00f3n, el muro occidental del atl\u00e1ntico.  la fortaliza abaluartada es arquitectura moderna en tanto que coloniza y se distancia de la tradici\u00f3n. Como arquitectura de la frontera carece de un fundamento de los existente, siempre es colonial; es conjuntiva y a al vez disyuntiva, trabaja en el plano de contacto de los fluidos que homogeneiza y estr\u00eda. La fortificaci\u00f3n hace sitio a la plaza primigenia de fundaci\u00f3n. En torno suyo, se configura la ciudad, el campamento, la ciuda colonial no es un lugar de encuentros sino de penetraciones. La imag\u00e9n secreta de la ciudad se produce a trav\u00e9s de su silueta.  la fortaleza es un lugar que entre sus diversos emplazamientos proyecta una nueva distancia. La plataforma es el principio del paisaje artificial por vez primera, en tanto que geograf\u00eda.  como componente de un pensamiento mecanizado es una tipificaci\u00f3n de formas y sistem\u00e1tica de m\u00e9todos de composici\u00f3n y ejecuci\u00f3n, en la optimizaci\u00f3n de la cantidad de materia y de costos. Su muro defensivo como construcci\u00f3n de vanguardia la consecuencia de la din\u00e1mica institucional del naciente estado nacional, que ampl\u00eda su escala se asocia a los procesos primarios de consolidaci\u00f3n del territorio de la modernidad, mediante respuestas innovadoras del habitar vinculadas a la proyecci\u00f3n energ\u00e9tica.  su geometr\u00eda f\u00edsica y matem\u00e1tica define leyes de fuerzas como ejes de ordenaci\u00f3n. Construcciones de un estilo internacional, el concepto de movilidad derivado de la energ\u00eda es su raz\u00f3n y su obso<\/p>\n<p>&nbsp;<\/p>\n<h3>Datos acad\u00e9micos de la tesis doctoral \u00ab<strong>Morfolog\u00eda y proyecto en algunas intervenciones arquitectonicas: el espacio i defendido<\/strong>\u00ab<\/h3>\n<ul>\n<li><strong>T\u00edtulo de la tesis:<\/strong>\u00a0 Morfolog\u00eda y proyecto en algunas intervenciones arquitectonicas: el espacio i defendido <\/li>\n<li><strong>Autor:<\/strong>\u00a0 Joaquin Ib\u00e1\u00f1ez Montoya <\/li>\n<li><strong>Universidad:<\/strong>\u00a0 Polit\u00e9cnica de Madrid<\/li>\n<li><strong>Fecha de lectura de la tesis:<\/strong>\u00a0 24\/11\/1999<\/li>\n<\/ul>\n<p>&nbsp;<\/p>\n<h3>Direcci\u00f3n y tribunal<\/h3>\n<ul>\n<li><strong>Director de la tesis<\/strong>\n<ul>\n<li>Antonio Fern\u00e1ndez Alba<\/li>\n<\/ul>\n<\/li>\n<li><strong>Tribunal<\/strong>\n<ul>\n<li>Presidente del tribunal: Antonio Miranda regojo <\/li>\n<li>Antonio -jos\u00e9 Campesino fern\u00e1ndez (vocal)<\/li>\n<li> Protela fernandez i jard\u00f3n cesar (vocal)<\/li>\n<li>Javier Rivera blanco (vocal)<\/li>\n<\/ul>\n<\/li>\n<\/ul>\n<p>&nbsp;<\/p>\n","protected":false},"excerpt":{"rendered":"<p>Tesis doctoral de Joaquin Ib\u00e1\u00f1ez Montoya El habitar es el fin de todo construir. Su ocupaci\u00f3n y permanencia del lugar [&hellip;]<\/p>\n","protected":false},"author":1,"featured_media":0,"comment_status":"open","ping_status":"open","sticky":false,"template":"","format":"standard","meta":{"site-sidebar-layout":"default","site-content-layout":"","ast-site-content-layout":"","site-content-style":"default","site-sidebar-style":"default","ast-global-header-display":"","ast-banner-title-visibility":"","ast-main-header-display":"","ast-hfb-above-header-display":"","ast-hfb-below-header-display":"","ast-hfb-mobile-header-display":"","site-post-title":"","ast-breadcrumbs-content":"","ast-featured-img":"","footer-sml-layout":"","theme-transparent-header-meta":"","adv-header-id-meta":"","stick-header-meta":"","header-above-stick-meta":"","header-main-stick-meta":"","header-below-stick-meta":"","astra-migrate-meta-layouts":"default","ast-page-background-enabled":"default","ast-page-background-meta":{"desktop":{"background-color":"var(--ast-global-color-4)","background-image":"","background-repeat":"repeat","background-position":"center center","background-size":"auto","background-attachment":"scroll","background-type":"","background-media":"","overlay-type":"","overlay-color":"","overlay-gradient":""},"tablet":{"background-color":"","background-image":"","background-repeat":"repeat","background-position":"center center","background-size":"auto","background-attachment":"scroll","background-type":"","background-media":"","overlay-type":"","overlay-color":"","overlay-gradient":""},"mobile":{"background-color":"","background-image":"","background-repeat":"repeat","background-position":"center center","background-size":"auto","background-attachment":"scroll","background-type":"","background-media":"","overlay-type":"","overlay-color":"","overlay-gradient":""}},"ast-content-background-meta":{"desktop":{"background-color":"var(--ast-global-color-5)","background-image":"","background-repeat":"repeat","background-position":"center center","background-size":"auto","background-attachment":"scroll","background-type":"","background-media":"","overlay-type":"","overlay-color":"","overlay-gradient":""},"tablet":{"background-color":"var(--ast-global-color-5)","background-image":"","background-repeat":"repeat","background-position":"center center","background-size":"auto","background-attachment":"scroll","background-type":"","background-media":"","overlay-type":"","overlay-color":"","overlay-gradient":""},"mobile":{"background-color":"var(--ast-global-color-5)","background-image":"","background-repeat":"repeat","background-position":"center center","background-size":"auto","background-attachment":"scroll","background-type":"","background-media":"","overlay-type":"","overlay-color":"","overlay-gradient":""}},"footnotes":""},"categories":[4509,147,12564,16008],"tags":[9378,11229,78033,12609,173616,173617],"class_list":["post-81340","post","type-post","status-publish","format-standard","hentry","category-arquitectura","category-ciencias-de-las-artes-y-las-letras","category-diseno-arquitectonico","category-politecnica-de-madrid","tag-antonio-jose-campesino-fernandez","tag-antonio-fernandez-alba","tag-antonio-miranda-regojo","tag-javier-rivera-blanco","tag-joaquin-ibanez-montoya","tag-protela-fernandez-i-jardon-cesar"],"_links":{"self":[{"href":"https:\/\/www.deberes.net\/tesis\/wp-json\/wp\/v2\/posts\/81340","targetHints":{"allow":["GET"]}}],"collection":[{"href":"https:\/\/www.deberes.net\/tesis\/wp-json\/wp\/v2\/posts"}],"about":[{"href":"https:\/\/www.deberes.net\/tesis\/wp-json\/wp\/v2\/types\/post"}],"author":[{"embeddable":true,"href":"https:\/\/www.deberes.net\/tesis\/wp-json\/wp\/v2\/users\/1"}],"replies":[{"embeddable":true,"href":"https:\/\/www.deberes.net\/tesis\/wp-json\/wp\/v2\/comments?post=81340"}],"version-history":[{"count":0,"href":"https:\/\/www.deberes.net\/tesis\/wp-json\/wp\/v2\/posts\/81340\/revisions"}],"wp:attachment":[{"href":"https:\/\/www.deberes.net\/tesis\/wp-json\/wp\/v2\/media?parent=81340"}],"wp:term":[{"taxonomy":"category","embeddable":true,"href":"https:\/\/www.deberes.net\/tesis\/wp-json\/wp\/v2\/categories?post=81340"},{"taxonomy":"post_tag","embeddable":true,"href":"https:\/\/www.deberes.net\/tesis\/wp-json\/wp\/v2\/tags?post=81340"}],"curies":[{"name":"wp","href":"https:\/\/api.w.org\/{rel}","templated":true}]}}