{"id":81366,"date":"2018-03-10T00:05:14","date_gmt":"2018-03-10T00:05:14","guid":{"rendered":"https:\/\/www.deberes.net\/tesis\/sin-categoria\/incidencia-mortalidad-y-factores-pronosticos-del-melanoma-maligno-cutaneo-en-la-provincia-de-granada-1985-1992\/"},"modified":"2018-03-10T00:05:14","modified_gmt":"2018-03-10T00:05:14","slug":"incidencia-mortalidad-y-factores-pronosticos-del-melanoma-maligno-cutaneo-en-la-provincia-de-granada-1985-1992","status":"publish","type":"post","link":"https:\/\/www.deberes.net\/tesis\/ciencias-medicas\/incidencia-mortalidad-y-factores-pronosticos-del-melanoma-maligno-cutaneo-en-la-provincia-de-granada-1985-1992\/","title":{"rendered":"Incidencia, mortalidad y factores pronosticos del melanoma maligno cutaneo en la provincia de granada, 1985-1992."},"content":{"rendered":"<h2>Tesis doctoral de <strong> Ricardo Gonzalo Oca\u00f1a Riola <\/strong><\/h2>\n<p>Objetivo: estudiar la incidencia, mortalidad y supervivencia del melanoma maligno cut\u00e1neo en la provincia de granada durante el periodo 1985-1992.  metodolog\u00eda: se realiz\u00f3 un estudio poblacional con los 247 casos de melanoma cut\u00e1neo diagnosticados entre 1985 y 1992 y recogidos en el registro de c\u00e1ncer de granada. De ello, 105 fueron hombres y 142 mujeres. El seguimiento de pacientes se realiz\u00f3 desde la fecha del primer diagn\u00f3stico hasta el 31 de diciembre de 1996. Las variables analizadas fueron: a\u00f1o de diagnostico, sexo, edad, localizaci\u00f3n anatomica, tipo histologico, nivel de invasion y espesor tumoral. Se calcularon las tasas de incidencia y mortalidad estandarizadas por poblacion mundial. Para el analisis de tendencias se utilizaron tecnicas de \u00absmoothing\u00bb (medias moviles). Con el fin de identificar el patron geografico seguido por las tasas de incidencia y mortalidad se utiliz\u00f3 un modelo bayesiano mixto. Para la identificaci\u00f3n de factores pron\u00f3sticos en supervivencia se utiliz\u00f3 un modelo de cox ponderado. La supervivencia relativa fue calculada utilizando la metodolog\u00eda de esteve.  resultados: la tasa de incidencia estandarizada fue de 2.9 en hombres y 3.7 en mujeres. La tendencia seguida por la incidencia durante el periodo de estudio fue creciente en ambos sexos. Los valores correspondientes para las tasas de mortalidad fueron de 0.7 y 0.5 por 100000 habitantes. La tendencia seguida por la mortalidad fue creciente en mujeres, mantieniendose establecen hombres. La distribucion geografica de la incidecia sigue un patron en circulos concentricos, donde las tasas m\u00e1s elevadas se situan en la capital y alrededores y la mas bajas se desplazan hacia la periferia. Las tasas de mortalidad m\u00e1s elevadas se detectaron en el sur y norte de la provincia. la edad media de los casos fue de 57 a\u00f1os para hombres y 53 a\u00f1os para las mujeres(44%). El melanoma de extension superficial fue el tipo histologico mas frecuente en ambos sexos<\/p>\n<p>&nbsp;<\/p>\n<h3>Datos acad\u00e9micos de la tesis doctoral \u00ab<strong>Incidencia, mortalidad y factores pronosticos del melanoma maligno cutaneo en la provincia de granada, 1985-1992.<\/strong>\u00ab<\/h3>\n<ul>\n<li><strong>T\u00edtulo de la tesis:<\/strong>\u00a0 Incidencia, mortalidad y factores pronosticos del melanoma maligno cutaneo en la provincia de granada, 1985-1992. <\/li>\n<li><strong>Autor:<\/strong>\u00a0 Ricardo Gonzalo Oca\u00f1a Riola <\/li>\n<li><strong>Universidad:<\/strong>\u00a0 Barcelona<\/li>\n<li><strong>Fecha de lectura de la tesis:<\/strong>\u00a0 26\/11\/1999<\/li>\n<\/ul>\n<p>&nbsp;<\/p>\n<h3>Direcci\u00f3n y tribunal<\/h3>\n<ul>\n<li><strong>Director de la tesis<\/strong>\n<ul>\n<li>Jaume Canela Soler<\/li>\n<\/ul>\n<\/li>\n<li><strong>Tribunal<\/strong>\n<ul>\n<li>Presidente del tribunal: ram\u00f3n Segura cardona <\/li>\n<li>benedetto Terracini (vocal)<\/li>\n<li>antoni Vall\u00e9s segal\u00e9s (vocal)<\/li>\n<li>Emilio Sanchez-cantalejo ramirez (vocal)<\/li>\n<\/ul>\n<\/li>\n<\/ul>\n<p>&nbsp;<\/p>\n","protected":false},"excerpt":{"rendered":"<p>Tesis doctoral de Ricardo Gonzalo Oca\u00f1a Riola Objetivo: estudiar la incidencia, mortalidad y supervivencia del melanoma maligno cut\u00e1neo en la [&hellip;]<\/p>\n","protected":false},"author":1,"featured_media":0,"comment_status":"open","ping_status":"open","sticky":false,"template":"","format":"standard","meta":{"site-sidebar-layout":"default","site-content-layout":"","ast-site-content-layout":"","site-content-style":"default","site-sidebar-style":"default","ast-global-header-display":"","ast-banner-title-visibility":"","ast-main-header-display":"","ast-hfb-above-header-display":"","ast-hfb-below-header-display":"","ast-hfb-mobile-header-display":"","site-post-title":"","ast-breadcrumbs-content":"","ast-featured-img":"","footer-sml-layout":"","theme-transparent-header-meta":"","adv-header-id-meta":"","stick-header-meta":"","header-above-stick-meta":"","header-main-stick-meta":"","header-below-stick-meta":"","astra-migrate-meta-layouts":"default","ast-page-background-enabled":"default","ast-page-background-meta":{"desktop":{"background-color":"var(--ast-global-color-4)","background-image":"","background-repeat":"repeat","background-position":"center center","background-size":"auto","background-attachment":"scroll","background-type":"","background-media":"","overlay-type":"","overlay-color":"","overlay-gradient":""},"tablet":{"background-color":"","background-image":"","background-repeat":"repeat","background-position":"center center","background-size":"auto","background-attachment":"scroll","background-type":"","background-media":"","overlay-type":"","overlay-color":"","overlay-gradient":""},"mobile":{"background-color":"","background-image":"","background-repeat":"repeat","background-position":"center center","background-size":"auto","background-attachment":"scroll","background-type":"","background-media":"","overlay-type":"","overlay-color":"","overlay-gradient":""}},"ast-content-background-meta":{"desktop":{"background-color":"var(--ast-global-color-5)","background-image":"","background-repeat":"repeat","background-position":"center center","background-size":"auto","background-attachment":"scroll","background-type":"","background-media":"","overlay-type":"","overlay-color":"","overlay-gradient":""},"tablet":{"background-color":"var(--ast-global-color-5)","background-image":"","background-repeat":"repeat","background-position":"center center","background-size":"auto","background-attachment":"scroll","background-type":"","background-media":"","overlay-type":"","overlay-color":"","overlay-gradient":""},"mobile":{"background-color":"var(--ast-global-color-5)","background-image":"","background-repeat":"repeat","background-position":"center center","background-size":"auto","background-attachment":"scroll","background-type":"","background-media":"","overlay-type":"","overlay-color":"","overlay-gradient":""}},"footnotes":""},"categories":[951,8405,7016,35,9,967],"tags":[28573,92230,58484,1090,20257,173654],"class_list":["post-81366","post","type-post","status-publish","format-standard","hentry","category-barcelona","category-bioestadistica","category-biomatematicas","category-ciencias-de-la-vida","category-ciencias-medicas","category-salud-publica","tag-antoni-valles-segales","tag-benedetto-terracini","tag-emilio-sanchez-cantalejo-ramirez","tag-jaume-canela-soler","tag-ramon-segura-cardona","tag-ricardo-gonzalo-ocana-riola"],"_links":{"self":[{"href":"https:\/\/www.deberes.net\/tesis\/wp-json\/wp\/v2\/posts\/81366","targetHints":{"allow":["GET"]}}],"collection":[{"href":"https:\/\/www.deberes.net\/tesis\/wp-json\/wp\/v2\/posts"}],"about":[{"href":"https:\/\/www.deberes.net\/tesis\/wp-json\/wp\/v2\/types\/post"}],"author":[{"embeddable":true,"href":"https:\/\/www.deberes.net\/tesis\/wp-json\/wp\/v2\/users\/1"}],"replies":[{"embeddable":true,"href":"https:\/\/www.deberes.net\/tesis\/wp-json\/wp\/v2\/comments?post=81366"}],"version-history":[{"count":0,"href":"https:\/\/www.deberes.net\/tesis\/wp-json\/wp\/v2\/posts\/81366\/revisions"}],"wp:attachment":[{"href":"https:\/\/www.deberes.net\/tesis\/wp-json\/wp\/v2\/media?parent=81366"}],"wp:term":[{"taxonomy":"category","embeddable":true,"href":"https:\/\/www.deberes.net\/tesis\/wp-json\/wp\/v2\/categories?post=81366"},{"taxonomy":"post_tag","embeddable":true,"href":"https:\/\/www.deberes.net\/tesis\/wp-json\/wp\/v2\/tags?post=81366"}],"curies":[{"name":"wp","href":"https:\/\/api.w.org\/{rel}","templated":true}]}}