{"id":81368,"date":"2018-03-10T00:05:14","date_gmt":"2018-03-10T00:05:14","guid":{"rendered":"https:\/\/www.deberes.net\/tesis\/sin-categoria\/los-puentes-del-guadalquivir\/"},"modified":"2018-03-10T00:05:14","modified_gmt":"2018-03-10T00:05:14","slug":"los-puentes-del-guadalquivir","status":"publish","type":"post","link":"https:\/\/www.deberes.net\/tesis\/historia\/los-puentes-del-guadalquivir\/","title":{"rendered":"Los puentes del guadalquivir"},"content":{"rendered":"<h2>Tesis doctoral de <strong>  Rubiato La Cambra Francisco Javier <\/strong><\/h2>\n<p>Los puentes del guadalquivir:  trabajo de investigaci\u00f3n relativo a la historia de los puentes que toma como eje el r\u00edo guadalquivir. En el se realiza un acercamiento te\u00f3rico al puente, analizando su naturaleza y el porqu\u00e9 de su existencia junto con aspectos de tipo geogr\u00e1fico, social e hist\u00f3rico. Por otro lado se lleva a cabo un pormenorizado estudio de los elementos que lo conforman y de la evoluci\u00f3n hist\u00f3rica de los procesos constructivos.  el n\u00facleo del trabajo lo constituye la investigaci\u00f3n y estudio de los puentes construidos sobre este r\u00edo, analizando su origen, morfolog\u00eda y el proceso de su mantenimiento hist\u00f3rico. El trabajo se completa con una detallada catalogaci\u00f3n de cada una de las piezas existentes sobre el guadalquivir, en la que aparecen datos de inter\u00e9s como la localizaci\u00f3n de la obra, sus dimensiones, factura, etc., As\u00ed como todo la documentaci\u00f3n existente sobre cada una de ellas en particular, todo ello fruto de una intensa labor de campo realizada y completada con la investigaci\u00f3n efectuada en los distintos archivos y bibliotecas relacionadas con el tema. Por \u00faltimo, es de destacar la confecci\u00f3n de un amplio anexo de gran valor hist\u00f3rico y documental.  se trata, en definitiva de colocar las bases fundamentales del estudio del puente en relaci\u00f3n a la historia del arte y concienciar sobre la importancia de este patrimonio hasta ahora poco valorado.<\/p>\n<p>&nbsp;<\/p>\n<h3>Datos acad\u00e9micos de la tesis doctoral \u00ab<strong>Los puentes del guadalquivir<\/strong>\u00ab<\/h3>\n<ul>\n<li><strong>T\u00edtulo de la tesis:<\/strong>\u00a0 Los puentes del guadalquivir <\/li>\n<li><strong>Autor:<\/strong>\u00a0  Rubiato La Cambra Francisco Javier <\/li>\n<li><strong>Universidad:<\/strong>\u00a0 C\u00f3rdoba<\/li>\n<li><strong>Fecha de lectura de la tesis:<\/strong>\u00a0 26\/11\/1999<\/li>\n<\/ul>\n<p>&nbsp;<\/p>\n<h3>Direcci\u00f3n y tribunal<\/h3>\n<ul>\n<li><strong>Director de la tesis<\/strong>\n<ul>\n<li>Alberto Villar Movellan<\/li>\n<\/ul>\n<\/li>\n<li><strong>Tribunal<\/strong>\n<ul>\n<li>Presidente del tribunal: Jos\u00e9 manuel De bernardo  ares <\/li>\n<li>victor Perez escolano (vocal)<\/li>\n<li>pedro Navascues palacio (vocal)<\/li>\n<li>inmaculada Aguilar civera (vocal)<\/li>\n<\/ul>\n<\/li>\n<\/ul>\n<p>&nbsp;<\/p>\n","protected":false},"excerpt":{"rendered":"<p>Tesis doctoral de Rubiato La Cambra Francisco Javier Los puentes del guadalquivir: trabajo de investigaci\u00f3n relativo a la historia de [&hellip;]<\/p>\n","protected":false},"author":1,"featured_media":0,"comment_status":"open","ping_status":"open","sticky":false,"template":"","format":"standard","meta":{"site-sidebar-layout":"default","site-content-layout":"","ast-site-content-layout":"","site-content-style":"default","site-sidebar-style":"default","ast-global-header-display":"","ast-banner-title-visibility":"","ast-main-header-display":"","ast-hfb-above-header-display":"","ast-hfb-below-header-display":"","ast-hfb-mobile-header-display":"","site-post-title":"","ast-breadcrumbs-content":"","ast-featured-img":"","footer-sml-layout":"","theme-transparent-header-meta":"","adv-header-id-meta":"","stick-header-meta":"","header-above-stick-meta":"","header-main-stick-meta":"","header-below-stick-meta":"","astra-migrate-meta-layouts":"default","ast-page-background-enabled":"default","ast-page-background-meta":{"desktop":{"background-color":"var(--ast-global-color-4)","background-image":"","background-repeat":"repeat","background-position":"center center","background-size":"auto","background-attachment":"scroll","background-type":"","background-media":"","overlay-type":"","overlay-color":"","overlay-gradient":""},"tablet":{"background-color":"","background-image":"","background-repeat":"repeat","background-position":"center center","background-size":"auto","background-attachment":"scroll","background-type":"","background-media":"","overlay-type":"","overlay-color":"","overlay-gradient":""},"mobile":{"background-color":"","background-image":"","background-repeat":"repeat","background-position":"center center","background-size":"auto","background-attachment":"scroll","background-type":"","background-media":"","overlay-type":"","overlay-color":"","overlay-gradient":""}},"ast-content-background-meta":{"desktop":{"background-color":"var(--ast-global-color-5)","background-image":"","background-repeat":"repeat","background-position":"center center","background-size":"auto","background-attachment":"scroll","background-type":"","background-media":"","overlay-type":"","overlay-color":"","overlay-gradient":""},"tablet":{"background-color":"var(--ast-global-color-5)","background-image":"","background-repeat":"repeat","background-position":"center center","background-size":"auto","background-attachment":"scroll","background-type":"","background-media":"","overlay-type":"","overlay-color":"","overlay-gradient":""},"mobile":{"background-color":"var(--ast-global-color-5)","background-image":"","background-repeat":"repeat","background-position":"center center","background-size":"auto","background-attachment":"scroll","background-type":"","background-media":"","overlay-type":"","overlay-color":"","overlay-gradient":""}},"footnotes":""},"categories":[332,973,104,1014,222,13113],"tags":[2075,27045,8767,12905,173656,11230],"class_list":["post-81368","post","type-post","status-publish","format-standard","hentry","category-ciencias-tecnologicas","category-cordoba","category-historia","category-historia-del-arte","category-historias-especializadas","category-planificacion-urbana","tag-alberto-villar-movellan","tag-inmaculada-aguilar-civera","tag-jose-manuel-de-bernardo-ares","tag-pedro-navascues-palacio","tag-rubiato-la-cambra-francisco-javier","tag-victor-perez-escolano"],"_links":{"self":[{"href":"https:\/\/www.deberes.net\/tesis\/wp-json\/wp\/v2\/posts\/81368","targetHints":{"allow":["GET"]}}],"collection":[{"href":"https:\/\/www.deberes.net\/tesis\/wp-json\/wp\/v2\/posts"}],"about":[{"href":"https:\/\/www.deberes.net\/tesis\/wp-json\/wp\/v2\/types\/post"}],"author":[{"embeddable":true,"href":"https:\/\/www.deberes.net\/tesis\/wp-json\/wp\/v2\/users\/1"}],"replies":[{"embeddable":true,"href":"https:\/\/www.deberes.net\/tesis\/wp-json\/wp\/v2\/comments?post=81368"}],"version-history":[{"count":0,"href":"https:\/\/www.deberes.net\/tesis\/wp-json\/wp\/v2\/posts\/81368\/revisions"}],"wp:attachment":[{"href":"https:\/\/www.deberes.net\/tesis\/wp-json\/wp\/v2\/media?parent=81368"}],"wp:term":[{"taxonomy":"category","embeddable":true,"href":"https:\/\/www.deberes.net\/tesis\/wp-json\/wp\/v2\/categories?post=81368"},{"taxonomy":"post_tag","embeddable":true,"href":"https:\/\/www.deberes.net\/tesis\/wp-json\/wp\/v2\/tags?post=81368"}],"curies":[{"name":"wp","href":"https:\/\/api.w.org\/{rel}","templated":true}]}}