{"id":81372,"date":"2018-03-10T00:05:14","date_gmt":"2018-03-10T00:05:14","guid":{"rendered":"https:\/\/www.deberes.net\/tesis\/sin-categoria\/la-regulacion-economica-en-las-dictaduras-el-condicionamiento-industrial-en-espana-y-portugal-durante-el-siglo-xx\/"},"modified":"2018-03-10T00:05:14","modified_gmt":"2018-03-10T00:05:14","slug":"la-regulacion-economica-en-las-dictaduras-el-condicionamiento-industrial-en-espana-y-portugal-durante-el-siglo-xx","status":"publish","type":"post","link":"https:\/\/www.deberes.net\/tesis\/ciencias-economicas\/la-regulacion-economica-en-las-dictaduras-el-condicionamiento-industrial-en-espana-y-portugal-durante-el-siglo-xx\/","title":{"rendered":"La regulacion economica en las dictaduras: el condicionamiento industrial en espa\u00f1a y portugal durante el siglo xx"},"content":{"rendered":"<h2>Tesis doctoral de <strong> Luis Pires Jim\u00e9nez <\/strong><\/h2>\n<p>El marco general de esta tesis es el proceso de crecimiento econ\u00f3mico y la convergencia de espa\u00f1a y portugal hacia los pa\u00edses m\u00e1s adelantados de europa. Para ello se pone la experiencia espa\u00f1ola enperspectiva comparada con la protuguesa, centrando la atenci\u00f3n en las dictaduras que han tenido ambos pa\u00edses durante la mayor parte del siglo xx.  tanto las caracter\u00edsticas pol\u00edticas de esas dictaduras, como las pol\u00edticas econ\u00f3micas e industriales que llevaron a cabo, frenaron y entorpecieron sus procesos de desarrollo econ\u00f3mico y de convergencia.  para comprobar estas hip\u00f3tesis, la tesis estudia con profunidad una de las pol\u00edticas econ\u00f3micas m\u00e1s importantes de ambas dictaduras: el condicionamiento industrial. Esta regulaci\u00f3n era un sistema de autorizaci\u00f3n previa por el que las industrias necesitaban el permiso del estado para abrir y realizar modificaciones en sus establecimientos.  aprovechando las \u00faltimas aportaciones de la ciencia econ\u00f3mica sobre las teor\u00edas de la regulaci\u00f3n, esta tesis resalta el papel predominante del estado frente a otros agentes que intervinieron en el proceso regulador, como los ingenieros industriales,los economistas o los sindicatos.  tambi\u00e9n explora la influencia de las ideas en la aplicaci\u00f3n pr\u00e1ctica de esta regulaci\u00f3n. Por \u00faltimo, en la tesis se argumenta en contra de la interpretaci\u00f3n tradicional del condicioneamiento industrial como una pol\u00edtica que fue utilizada por los industriales establecidos para protegerse de la competencia de los nuevos entrantes.  no hubo apenas captura del regulador por parte del regulado, sino todo lo contrario: el predomno de los intereses del estado frente al resto de los factores que interven\u00edan en el condicionamiento industrial (ideas, grupos de inter\u00e9s). Esta situaci\u00f3n viene explicada, en \u00faltima instancia, por el marco dictatorial donde se desarroll\u00f3 el condicionamiento.<\/p>\n<p>&nbsp;<\/p>\n<h3>Datos acad\u00e9micos de la tesis doctoral \u00ab<strong>La regulacion economica en las dictaduras: el condicionamiento industrial en espa\u00f1a y portugal durante el siglo xx<\/strong>\u00ab<\/h3>\n<ul>\n<li><strong>T\u00edtulo de la tesis:<\/strong>\u00a0 La regulacion economica en las dictaduras: el condicionamiento industrial en espa\u00f1a y portugal durante el siglo xx <\/li>\n<li><strong>Autor:<\/strong>\u00a0 Luis Pires Jim\u00e9nez <\/li>\n<li><strong>Universidad:<\/strong>\u00a0 Complutense de Madrid<\/li>\n<li><strong>Fecha de lectura de la tesis:<\/strong>\u00a0 26\/11\/1999<\/li>\n<\/ul>\n<p>&nbsp;<\/p>\n<h3>Direcci\u00f3n y tribunal<\/h3>\n<ul>\n<li><strong>Director de la tesis<\/strong>\n<ul>\n<li>Pedro Fraile Balbin<\/li>\n<\/ul>\n<\/li>\n<li><strong>Tribunal<\/strong>\n<ul>\n<li>Presidente del tribunal: alejandro Lorca corrons <\/li>\n<li>victoriano Martin martin (vocal)<\/li>\n<li>mikel Buesa blanco (vocal)<\/li>\n<li>Santiago Manuel L\u00f3pez Garc\u00eda (vocal)<\/li>\n<\/ul>\n<\/li>\n<\/ul>\n<p>&nbsp;<\/p>\n","protected":false},"excerpt":{"rendered":"<p>Tesis doctoral de Luis Pires Jim\u00e9nez El marco general de esta tesis es el proceso de crecimiento econ\u00f3mico y la [&hellip;]<\/p>\n","protected":false},"author":1,"featured_media":0,"comment_status":"open","ping_status":"open","sticky":false,"template":"","format":"standard","meta":{"site-sidebar-layout":"default","site-content-layout":"","ast-site-content-layout":"","site-content-style":"default","site-sidebar-style":"default","ast-global-header-display":"","ast-banner-title-visibility":"","ast-main-header-display":"","ast-hfb-above-header-display":"","ast-hfb-below-header-display":"","ast-hfb-mobile-header-display":"","site-post-title":"","ast-breadcrumbs-content":"","ast-featured-img":"","footer-sml-layout":"","theme-transparent-header-meta":"","adv-header-id-meta":"","stick-header-meta":"","header-above-stick-meta":"","header-main-stick-meta":"","header-below-stick-meta":"","astra-migrate-meta-layouts":"default","ast-page-background-enabled":"default","ast-page-background-meta":{"desktop":{"background-color":"var(--ast-global-color-4)","background-image":"","background-repeat":"repeat","background-position":"center center","background-size":"auto","background-attachment":"scroll","background-type":"","background-media":"","overlay-type":"","overlay-color":"","overlay-gradient":""},"tablet":{"background-color":"","background-image":"","background-repeat":"repeat","background-position":"center center","background-size":"auto","background-attachment":"scroll","background-type":"","background-media":"","overlay-type":"","overlay-color":"","overlay-gradient":""},"mobile":{"background-color":"","background-image":"","background-repeat":"repeat","background-position":"center center","background-size":"auto","background-attachment":"scroll","background-type":"","background-media":"","overlay-type":"","overlay-color":"","overlay-gradient":""}},"ast-content-background-meta":{"desktop":{"background-color":"var(--ast-global-color-5)","background-image":"","background-repeat":"repeat","background-position":"center center","background-size":"auto","background-attachment":"scroll","background-type":"","background-media":"","overlay-type":"","overlay-color":"","overlay-gradient":""},"tablet":{"background-color":"var(--ast-global-color-5)","background-image":"","background-repeat":"repeat","background-position":"center center","background-size":"auto","background-attachment":"scroll","background-type":"","background-media":"","overlay-type":"","overlay-color":"","overlay-gradient":""},"mobile":{"background-color":"var(--ast-global-color-5)","background-image":"","background-repeat":"repeat","background-position":"center center","background-size":"auto","background-attachment":"scroll","background-type":"","background-media":"","overlay-type":"","overlay-color":"","overlay-gradient":""}},"footnotes":""},"categories":[82,891,2825,9215,737],"tags":[15272,173661,6486,37359,6485,47639],"class_list":["post-81372","post","type-post","status-publish","format-standard","hentry","category-ciencias-economicas","category-estudios-de-desarrollo-economico","category-organizacion-industrial-y-sector-publico","category-regulacion-gubernamental-del-sector-privado","category-teoria-economica","tag-alejandro-lorca-corrons","tag-luis-pires-jimenez","tag-mikel-buesa-blanco","tag-pedro-fraile-balbin","tag-santiago-manuel-lopez-garcia","tag-victoriano-martin-martin"],"_links":{"self":[{"href":"https:\/\/www.deberes.net\/tesis\/wp-json\/wp\/v2\/posts\/81372","targetHints":{"allow":["GET"]}}],"collection":[{"href":"https:\/\/www.deberes.net\/tesis\/wp-json\/wp\/v2\/posts"}],"about":[{"href":"https:\/\/www.deberes.net\/tesis\/wp-json\/wp\/v2\/types\/post"}],"author":[{"embeddable":true,"href":"https:\/\/www.deberes.net\/tesis\/wp-json\/wp\/v2\/users\/1"}],"replies":[{"embeddable":true,"href":"https:\/\/www.deberes.net\/tesis\/wp-json\/wp\/v2\/comments?post=81372"}],"version-history":[{"count":0,"href":"https:\/\/www.deberes.net\/tesis\/wp-json\/wp\/v2\/posts\/81372\/revisions"}],"wp:attachment":[{"href":"https:\/\/www.deberes.net\/tesis\/wp-json\/wp\/v2\/media?parent=81372"}],"wp:term":[{"taxonomy":"category","embeddable":true,"href":"https:\/\/www.deberes.net\/tesis\/wp-json\/wp\/v2\/categories?post=81372"},{"taxonomy":"post_tag","embeddable":true,"href":"https:\/\/www.deberes.net\/tesis\/wp-json\/wp\/v2\/tags?post=81372"}],"curies":[{"name":"wp","href":"https:\/\/api.w.org\/{rel}","templated":true}]}}