{"id":81384,"date":"2018-03-10T00:05:14","date_gmt":"2018-03-10T00:05:14","guid":{"rendered":"https:\/\/www.deberes.net\/tesis\/sin-categoria\/el-poema-en-prosa-en-espana-1940-1990\/"},"modified":"2018-03-10T00:05:14","modified_gmt":"2018-03-10T00:05:14","slug":"el-poema-en-prosa-en-espana-1940-1990","status":"publish","type":"post","link":"https:\/\/www.deberes.net\/tesis\/historia\/el-poema-en-prosa-en-espana-1940-1990\/","title":{"rendered":"El poema en prosa en espa\u00f1a (1940-1990)"},"content":{"rendered":"<h2>Tesis doctoral de <strong> Benigno Le\u00f3n  Felipe <\/strong><\/h2>\n<p>La tesis viene acompletar el panorama de un g\u00e9nero tan representativo de la modernidad como poco atendido en lso manuales de literatura, ocup\u00e1ndose enuna \u00e9poca que ha sido escasamente carte grafiada, precisamente por su cercan\u00eda.  la tesis cosnta de dostomos, un primero en que se analiza la trayectoria del g\u00e9nero y un segundo en el que se aporta una antolog\u00eda de textos.  en el cap\u00edtulo i del tomo i se sientan las bases del tema objeto de estudio expres\u00e1ndose de forma concisa el estado de la cuesti\u00f3n sobre el g\u00e9nero. En el cap\u00edtulo ii el autor se ocupa de las caracter\u00edsticas del g\u00e9nero como tal, se\u00f1alando su especificidad frente a otros modos de expresi\u00f3n colindantes como el relato l\u00edrico o la prosa po\u00e9tica de forma razonada.  el cap\u00edtulo iii se ocupa del desarrollo del g\u00e9nero conanteioridad al per\u00edodo elegido. Los cap\u00edtulos iv y v y vi se ocupan ya de autores y obras concretos, con especial atenci\u00f3n a juan ram\u00f3n jim\u00e9nez y luis cernuda, dos figuras capitales en la consolidaci\u00f3n del g\u00e9nero y de la \u00e9poca estudiada. al tratarse de una panorama ciertamente exhaustivo que incluye una n\u00f3mina de casi un centenar de autores, esta tesis no se atiende en el an\u00e1lisis pormenorizado de las obras propiamente dichas, pues su objeto es el de establecer un marco general del que pueda extarse una idea bastante n\u00edtida sobre la traycetoria del g\u00e9nero, no el comentario minucioso de cada una de las manifestaciones en lso autores antologados.  el tomo segundo es una antolog\u00eda eneromemente completa y \u00fatil que sirve como aval textual de todo lo expuesto en el primer tomo.<\/p>\n<p>&nbsp;<\/p>\n<h3>Datos acad\u00e9micos de la tesis doctoral \u00ab<strong>El poema en prosa en espa\u00f1a (1940-1990)<\/strong>\u00ab<\/h3>\n<ul>\n<li><strong>T\u00edtulo de la tesis:<\/strong>\u00a0 El poema en prosa en espa\u00f1a (1940-1990) <\/li>\n<li><strong>Autor:<\/strong>\u00a0 Benigno Le\u00f3n  Felipe <\/li>\n<li><strong>Universidad:<\/strong>\u00a0 La laguna<\/li>\n<li><strong>Fecha de lectura de la tesis:<\/strong>\u00a0 26\/11\/1999<\/li>\n<\/ul>\n<p>&nbsp;<\/p>\n<h3>Direcci\u00f3n y tribunal<\/h3>\n<ul>\n<li><strong>Director de la tesis<\/strong>\n<ul>\n<li>Andres Sanchez Robayna<\/li>\n<\/ul>\n<\/li>\n<li><strong>Tribunal<\/strong>\n<ul>\n<li>Presidente del tribunal: jenaro Talens carmona <\/li>\n<li> Cruz hern\u00e1ndez Juan  Jos\u00e9 (vocal)<\/li>\n<li>pedro Aull\u00f3n de haro (vocal)<\/li>\n<li> Garc\u00eda d\u00e9niz Jos\u00e9 Antonio (vocal)<\/li>\n<\/ul>\n<\/li>\n<\/ul>\n<p>&nbsp;<\/p>\n","protected":false},"excerpt":{"rendered":"<p>Tesis doctoral de Benigno Le\u00f3n Felipe La tesis viene acompletar el panorama de un g\u00e9nero tan representativo de la modernidad [&hellip;]<\/p>\n","protected":false},"author":1,"featured_media":0,"comment_status":"open","ping_status":"open","sticky":false,"template":"","format":"standard","meta":{"site-sidebar-layout":"default","site-content-layout":"","ast-site-content-layout":"","site-content-style":"default","site-sidebar-style":"default","ast-global-header-display":"","ast-banner-title-visibility":"","ast-main-header-display":"","ast-hfb-above-header-display":"","ast-hfb-below-header-display":"","ast-hfb-mobile-header-display":"","site-post-title":"","ast-breadcrumbs-content":"","ast-featured-img":"","footer-sml-layout":"","theme-transparent-header-meta":"","adv-header-id-meta":"","stick-header-meta":"","header-above-stick-meta":"","header-main-stick-meta":"","header-below-stick-meta":"","astra-migrate-meta-layouts":"default","ast-page-background-enabled":"default","ast-page-background-meta":{"desktop":{"background-color":"var(--ast-global-color-4)","background-image":"","background-repeat":"repeat","background-position":"center center","background-size":"auto","background-attachment":"scroll","background-type":"","background-media":"","overlay-type":"","overlay-color":"","overlay-gradient":""},"tablet":{"background-color":"","background-image":"","background-repeat":"repeat","background-position":"center center","background-size":"auto","background-attachment":"scroll","background-type":"","background-media":"","overlay-type":"","overlay-color":"","overlay-gradient":""},"mobile":{"background-color":"","background-image":"","background-repeat":"repeat","background-position":"center center","background-size":"auto","background-attachment":"scroll","background-type":"","background-media":"","overlay-type":"","overlay-color":"","overlay-gradient":""}},"ast-content-background-meta":{"desktop":{"background-color":"var(--ast-global-color-5)","background-image":"","background-repeat":"repeat","background-position":"center center","background-size":"auto","background-attachment":"scroll","background-type":"","background-media":"","overlay-type":"","overlay-color":"","overlay-gradient":""},"tablet":{"background-color":"var(--ast-global-color-5)","background-image":"","background-repeat":"repeat","background-position":"center center","background-size":"auto","background-attachment":"scroll","background-type":"","background-media":"","overlay-type":"","overlay-color":"","overlay-gradient":""},"mobile":{"background-color":"var(--ast-global-color-5)","background-image":"","background-repeat":"repeat","background-position":"center center","background-size":"auto","background-attachment":"scroll","background-type":"","background-media":"","overlay-type":"","overlay-color":"","overlay-gradient":""}},"footnotes":""},"categories":[148,147,104,713,1867,222,9915,628],"tags":[62100,58074,74520,173677,4740,24853],"class_list":["post-81384","post","type-post","status-publish","format-standard","hentry","category-analisis-literario","category-ciencias-de-las-artes-y-las-letras","category-historia","category-historia-de-la-literatura","category-historia-de-la-literatura-espanola","category-historias-especializadas","category-la-laguna","category-teoria-analisis-y-critica-literarios","tag-andres-sanchez-robayna","tag-benigno-leon-felipe","tag-cruz-hernandez-juan-jose","tag-garcia-deniz-jose-antonio","tag-jenaro-talens-carmona","tag-pedro-aullon-de-haro"],"_links":{"self":[{"href":"https:\/\/www.deberes.net\/tesis\/wp-json\/wp\/v2\/posts\/81384","targetHints":{"allow":["GET"]}}],"collection":[{"href":"https:\/\/www.deberes.net\/tesis\/wp-json\/wp\/v2\/posts"}],"about":[{"href":"https:\/\/www.deberes.net\/tesis\/wp-json\/wp\/v2\/types\/post"}],"author":[{"embeddable":true,"href":"https:\/\/www.deberes.net\/tesis\/wp-json\/wp\/v2\/users\/1"}],"replies":[{"embeddable":true,"href":"https:\/\/www.deberes.net\/tesis\/wp-json\/wp\/v2\/comments?post=81384"}],"version-history":[{"count":0,"href":"https:\/\/www.deberes.net\/tesis\/wp-json\/wp\/v2\/posts\/81384\/revisions"}],"wp:attachment":[{"href":"https:\/\/www.deberes.net\/tesis\/wp-json\/wp\/v2\/media?parent=81384"}],"wp:term":[{"taxonomy":"category","embeddable":true,"href":"https:\/\/www.deberes.net\/tesis\/wp-json\/wp\/v2\/categories?post=81384"},{"taxonomy":"post_tag","embeddable":true,"href":"https:\/\/www.deberes.net\/tesis\/wp-json\/wp\/v2\/tags?post=81384"}],"curies":[{"name":"wp","href":"https:\/\/api.w.org\/{rel}","templated":true}]}}