{"id":81508,"date":"1999-03-12T00:00:00","date_gmt":"1999-03-12T00:00:00","guid":{"rendered":"https:\/\/www.deberes.net\/tesis\/sin-categoria\/ciclo-y-dinamica-economica-en-europa\/"},"modified":"1999-03-12T00:00:00","modified_gmt":"1999-03-12T00:00:00","slug":"ciclo-y-dinamica-economica-en-europa","status":"publish","type":"post","link":"https:\/\/www.deberes.net\/tesis\/ciencias-economicas\/ciclo-y-dinamica-economica-en-europa\/","title":{"rendered":"Ciclo y dinamica economica en europa"},"content":{"rendered":"<h2>Tesis doctoral de <strong> Pedro Jose Perez Vazquez <\/strong><\/h2>\n<p>El objeto de estudio de la tesis son los ciclos econ\u00f3micos, realiz\u00e1ndose cuatro estudios emp\u00edricos utilizando t\u00e9cnicas de series temporales. El primer cap\u00edtulo trata de determinar si el ciclo econ\u00f3mico es un fen\u00f3meno con caracter\u00edstica fundamentalmente similares en las principales econom\u00edas de mercado. En el segundo cap\u00edtulo se analiza la posible existencia de un ciclo econ\u00f3mico com\u00fan entre los paises europeos. El cap\u00edtulo tercero estudia la importancia relativa de las perturbaciones de oferta y demanda en la variabilidad del producto real. Por \u00faltimo, el cuarto cap\u00edtulo se plantea si las fluctuaciones observadas en la econom\u00eda espa\u00f1ola se ajustan a la visi\u00f3n tradicional de las fluctuaciones econ\u00f3micas, representada para el paradigma keynesiano. Los rsultados de los distintos cap\u00edtulos apuntan la existencia de una gran similitud en las propiedades c\u00edclicas de las econom\u00edas analizadas; as\u00ed como la posible existencia de un componente c\u00edclico especificamente europeo. Los resultados de los cap\u00edtulo tercero y cuarto indican que si bien las perturbaciones de oferta explican la mayor parte de la variabilidad en el producto real, tambi\u00e9n se evidenci\u00f3 la relevancia emp\u00edrica de ciertos mecanismos de transmisi\u00f3n propugnados por el paradigma keynesiano.<\/p>\n<p>&nbsp;<\/p>\n<h3>Datos acad\u00e9micos de la tesis doctoral \u00ab<strong>Ciclo y dinamica economica en europa<\/strong>\u00ab<\/h3>\n<ul>\n<li><strong>T\u00edtulo de la tesis:<\/strong>\u00a0 Ciclo y dinamica economica en europa <\/li>\n<li><strong>Autor:<\/strong>\u00a0 Pedro Jose Perez Vazquez <\/li>\n<li><strong>Universidad:<\/strong>\u00a0 Universitat de val\u00e9ncia (estudi general)<\/li>\n<li><strong>Fecha de lectura de la tesis:<\/strong>\u00a0 03\/12\/1999<\/li>\n<\/ul>\n<p>&nbsp;<\/p>\n<h3>Direcci\u00f3n y tribunal<\/h3>\n<ul>\n<li><strong>Director de la tesis<\/strong>\n<ul>\n<li> Goerlich Gisbert Francisco Jose<\/li>\n<\/ul>\n<\/li>\n<li><strong>Tribunal<\/strong>\n<ul>\n<li>Presidente del tribunal: Javierangel Andres domingo <\/li>\n<li>Mar\u00eda  amparo Camarero olivas (vocal)<\/li>\n<li>Jes\u00fas Vazquez perez (vocal)<\/li>\n<li>Javier Valles liberal (vocal)<\/li>\n<\/ul>\n<\/li>\n<\/ul>\n<p>&nbsp;<\/p>\n","protected":false},"excerpt":{"rendered":"<p>Tesis doctoral de Pedro Jose Perez Vazquez El objeto de estudio de la tesis son los ciclos econ\u00f3micos, realiz\u00e1ndose cuatro [&hellip;]<\/p>\n","protected":false},"author":1,"featured_media":0,"comment_status":"open","ping_status":"open","sticky":false,"template":"","format":"standard","meta":{"site-sidebar-layout":"default","site-content-layout":"","ast-site-content-layout":"","site-content-style":"default","site-sidebar-style":"default","ast-global-header-display":"","ast-banner-title-visibility":"","ast-main-header-display":"","ast-hfb-above-header-display":"","ast-hfb-below-header-display":"","ast-hfb-mobile-header-display":"","site-post-title":"","ast-breadcrumbs-content":"","ast-featured-img":"","footer-sml-layout":"","theme-transparent-header-meta":"","adv-header-id-meta":"","stick-header-meta":"","header-above-stick-meta":"","header-main-stick-meta":"","header-below-stick-meta":"","astra-migrate-meta-layouts":"default","ast-page-background-enabled":"default","ast-page-background-meta":{"desktop":{"background-color":"var(--ast-global-color-4)","background-image":"","background-repeat":"repeat","background-position":"center center","background-size":"auto","background-attachment":"scroll","background-type":"","background-media":"","overlay-type":"","overlay-color":"","overlay-gradient":""},"tablet":{"background-color":"","background-image":"","background-repeat":"repeat","background-position":"center center","background-size":"auto","background-attachment":"scroll","background-type":"","background-media":"","overlay-type":"","overlay-color":"","overlay-gradient":""},"mobile":{"background-color":"","background-image":"","background-repeat":"repeat","background-position":"center center","background-size":"auto","background-attachment":"scroll","background-type":"","background-media":"","overlay-type":"","overlay-color":"","overlay-gradient":""}},"ast-content-background-meta":{"desktop":{"background-color":"var(--ast-global-color-5)","background-image":"","background-repeat":"repeat","background-position":"center center","background-size":"auto","background-attachment":"scroll","background-type":"","background-media":"","overlay-type":"","overlay-color":"","overlay-gradient":""},"tablet":{"background-color":"var(--ast-global-color-5)","background-image":"","background-repeat":"repeat","background-position":"center center","background-size":"auto","background-attachment":"scroll","background-type":"","background-media":"","overlay-type":"","overlay-color":"","overlay-gradient":""},"mobile":{"background-color":"var(--ast-global-color-5)","background-image":"","background-repeat":"repeat","background-position":"center center","background-size":"auto","background-attachment":"scroll","background-type":"","background-media":"","overlay-type":"","overlay-color":"","overlay-gradient":""}},"footnotes":""},"categories":[82,83,910,18716,737],"tags":[54727,47407,11615,54542,11534,173886],"class_list":["post-81508","post","type-post","status-publish","format-standard","hentry","category-ciencias-economicas","category-economia-del-area-europea","category-economia-internacional","category-fluctuaciones-economicas","category-teoria-economica","tag-goerlich-gisbert-francisco-jose","tag-javier-valles-liberal","tag-javierangel-andres-domingo","tag-jesus-vazquez-perez","tag-maria-amparo-camarero-olivas","tag-pedro-jose-perez-vazquez"],"_links":{"self":[{"href":"https:\/\/www.deberes.net\/tesis\/wp-json\/wp\/v2\/posts\/81508","targetHints":{"allow":["GET"]}}],"collection":[{"href":"https:\/\/www.deberes.net\/tesis\/wp-json\/wp\/v2\/posts"}],"about":[{"href":"https:\/\/www.deberes.net\/tesis\/wp-json\/wp\/v2\/types\/post"}],"author":[{"embeddable":true,"href":"https:\/\/www.deberes.net\/tesis\/wp-json\/wp\/v2\/users\/1"}],"replies":[{"embeddable":true,"href":"https:\/\/www.deberes.net\/tesis\/wp-json\/wp\/v2\/comments?post=81508"}],"version-history":[{"count":0,"href":"https:\/\/www.deberes.net\/tesis\/wp-json\/wp\/v2\/posts\/81508\/revisions"}],"wp:attachment":[{"href":"https:\/\/www.deberes.net\/tesis\/wp-json\/wp\/v2\/media?parent=81508"}],"wp:term":[{"taxonomy":"category","embeddable":true,"href":"https:\/\/www.deberes.net\/tesis\/wp-json\/wp\/v2\/categories?post=81508"},{"taxonomy":"post_tag","embeddable":true,"href":"https:\/\/www.deberes.net\/tesis\/wp-json\/wp\/v2\/tags?post=81508"}],"curies":[{"name":"wp","href":"https:\/\/api.w.org\/{rel}","templated":true}]}}