{"id":81513,"date":"1999-03-12T00:00:00","date_gmt":"1999-03-12T00:00:00","guid":{"rendered":"https:\/\/www.deberes.net\/tesis\/sin-categoria\/el-regimen-jura%c2%addico-de-la-normalizacion-tecnica\/"},"modified":"1999-03-12T00:00:00","modified_gmt":"1999-03-12T00:00:00","slug":"el-regimen-jura%c2%addico-de-la-normalizacion-tecnica","status":"publish","type":"post","link":"https:\/\/www.deberes.net\/tesis\/ciencias-juridicas-y-derecho\/el-regimen-jura%c2%addico-de-la-normalizacion-tecnica\/","title":{"rendered":"El r\u00e9gimen jur\u00eddico de la normalizaci\u00f3n t\u00e9cnica"},"content":{"rendered":"<h2>Tesis doctoral de <strong> Ramon Jordi Moles  Plaza <\/strong><\/h2>\n<p>La tesis describe el r\u00e9gimen jur\u00eddico de la normalizaci\u00f3n t\u00e9cnica en espa\u00f1a constatando que en origen es ya una actividad de inter\u00e9s general tutelada por el poder p\u00fablico.  la primera parte estudia la definici\u00f3n caracter\u00edsticas y tipolog\u00eda de las normas t\u00e9cnicas en tanto que objeto de regulaci\u00f3n por parte del derecho.  la segunda parte se centra en una visi\u00f3n aplciada de la norma t\u00e9cnica a partir del estudio de las estructuras de normalizaci\u00f3n t\u00e9cnica en europa.  la tercera parte del trabajo define el estatus juridico de la norma t\u00e9cnica, distingui\u00e9ndola de la reglamentaci\u00f3n t\u00e9cnica obligatoria, de la \u00abley artis\u00bb y de las prescripciones t\u00e9cnicas &#8212;.  el trabajo concluye que la norma t\u00e9cnica es un concepto disinto de los anteriores que es objeto de regulaci\u00f3n por el derecho adminsitrativo y que no es ajeno a las t\u00e9cnicas &#8212; del derecho p\u00fablico en lo que se refiere incluso a la contrataci\u00f3n p\u00fablica.  la normalizaci\u00f3n t\u00e9cnica espa\u00f1ola gota de une status jur\u00eddico p\u00fablico en el se\u00f1o del sitema de la calidad industrial previsto en la ley 21\/1992, de 16 de julio de industria, estatus que hunde sus raices, sin embargo, en el sistema anterior a la citada ley.<\/p>\n<p>&nbsp;<\/p>\n<h3>Datos acad\u00e9micos de la tesis doctoral \u00ab<strong>El r\u00e9gimen jur\u00eddico de la normalizaci\u00f3n t\u00e9cnica<\/strong>\u00ab<\/h3>\n<ul>\n<li><strong>T\u00edtulo de la tesis:<\/strong>\u00a0 El r\u00e9gimen jur\u00eddico de la normalizaci\u00f3n t\u00e9cnica <\/li>\n<li><strong>Autor:<\/strong>\u00a0 Ramon Jordi Moles  Plaza <\/li>\n<li><strong>Universidad:<\/strong>\u00a0 Aut\u00f3noma de barcelona<\/li>\n<li><strong>Fecha de lectura de la tesis:<\/strong>\u00a0 03\/12\/1999<\/li>\n<\/ul>\n<p>&nbsp;<\/p>\n<h3>Direcci\u00f3n y tribunal<\/h3>\n<ul>\n<li><strong>Director de la tesis<\/strong>\n<ul>\n<li>Manuel Ballb\u00e9 Mallol<\/li>\n<\/ul>\n<\/li>\n<li><strong>Tribunal<\/strong>\n<ul>\n<li>Presidente del tribunal: fernando Sainz moreno <\/li>\n<li>Antonio Jim\u00e9nez blanco (vocal)<\/li>\n<li>bernard Auby jean (vocal)<\/li>\n<li>antoni Milian massana (vocal)<\/li>\n<\/ul>\n<\/li>\n<\/ul>\n<p>&nbsp;<\/p>\n","protected":false},"excerpt":{"rendered":"<p>Tesis doctoral de Ramon Jordi Moles Plaza La tesis describe el r\u00e9gimen jur\u00eddico de la normalizaci\u00f3n t\u00e9cnica en espa\u00f1a constatando [&hellip;]<\/p>\n","protected":false},"author":1,"featured_media":0,"comment_status":"open","ping_status":"open","sticky":false,"template":"","format":"standard","meta":{"site-sidebar-layout":"default","site-content-layout":"","ast-site-content-layout":"","site-content-style":"default","site-sidebar-style":"default","ast-global-header-display":"","ast-banner-title-visibility":"","ast-main-header-display":"","ast-hfb-above-header-display":"","ast-hfb-below-header-display":"","ast-hfb-mobile-header-display":"","site-post-title":"","ast-breadcrumbs-content":"","ast-featured-img":"","footer-sml-layout":"","theme-transparent-header-meta":"","adv-header-id-meta":"","stick-header-meta":"","header-above-stick-meta":"","header-main-stick-meta":"","header-below-stick-meta":"","astra-migrate-meta-layouts":"default","ast-page-background-enabled":"default","ast-page-background-meta":{"desktop":{"background-color":"var(--ast-global-color-4)","background-image":"","background-repeat":"repeat","background-position":"center center","background-size":"auto","background-attachment":"scroll","background-type":"","background-media":"","overlay-type":"","overlay-color":"","overlay-gradient":""},"tablet":{"background-color":"","background-image":"","background-repeat":"repeat","background-position":"center center","background-size":"auto","background-attachment":"scroll","background-type":"","background-media":"","overlay-type":"","overlay-color":"","overlay-gradient":""},"mobile":{"background-color":"","background-image":"","background-repeat":"repeat","background-position":"center center","background-size":"auto","background-attachment":"scroll","background-type":"","background-media":"","overlay-type":"","overlay-color":"","overlay-gradient":""}},"ast-content-background-meta":{"desktop":{"background-color":"var(--ast-global-color-5)","background-image":"","background-repeat":"repeat","background-position":"center center","background-size":"auto","background-attachment":"scroll","background-type":"","background-media":"","overlay-type":"","overlay-color":"","overlay-gradient":""},"tablet":{"background-color":"var(--ast-global-color-5)","background-image":"","background-repeat":"repeat","background-position":"center center","background-size":"auto","background-attachment":"scroll","background-type":"","background-media":"","overlay-type":"","overlay-color":"","overlay-gradient":""},"mobile":{"background-color":"var(--ast-global-color-5)","background-image":"","background-repeat":"repeat","background-position":"center center","background-size":"auto","background-attachment":"scroll","background-type":"","background-media":"","overlay-type":"","overlay-color":"","overlay-gradient":""}},"footnotes":""},"categories":[612,1442,979],"tags":[65292,38087,84591,7137,1026,173897],"class_list":["post-81513","post","type-post","status-publish","format-standard","hentry","category-ciencias-juridicas-y-derecho","category-derecho-administrativo","category-derecho-y-legislacion-nacionales","tag-antoni-milian-massana","tag-antonio-jimenez-blanco","tag-bernard-auby-jean","tag-fernando-sainz-moreno","tag-manuel-ballbe-mallol","tag-ramon-jordi-moles-plaza"],"_links":{"self":[{"href":"https:\/\/www.deberes.net\/tesis\/wp-json\/wp\/v2\/posts\/81513","targetHints":{"allow":["GET"]}}],"collection":[{"href":"https:\/\/www.deberes.net\/tesis\/wp-json\/wp\/v2\/posts"}],"about":[{"href":"https:\/\/www.deberes.net\/tesis\/wp-json\/wp\/v2\/types\/post"}],"author":[{"embeddable":true,"href":"https:\/\/www.deberes.net\/tesis\/wp-json\/wp\/v2\/users\/1"}],"replies":[{"embeddable":true,"href":"https:\/\/www.deberes.net\/tesis\/wp-json\/wp\/v2\/comments?post=81513"}],"version-history":[{"count":0,"href":"https:\/\/www.deberes.net\/tesis\/wp-json\/wp\/v2\/posts\/81513\/revisions"}],"wp:attachment":[{"href":"https:\/\/www.deberes.net\/tesis\/wp-json\/wp\/v2\/media?parent=81513"}],"wp:term":[{"taxonomy":"category","embeddable":true,"href":"https:\/\/www.deberes.net\/tesis\/wp-json\/wp\/v2\/categories?post=81513"},{"taxonomy":"post_tag","embeddable":true,"href":"https:\/\/www.deberes.net\/tesis\/wp-json\/wp\/v2\/tags?post=81513"}],"curies":[{"name":"wp","href":"https:\/\/api.w.org\/{rel}","templated":true}]}}