{"id":81542,"date":"1999-10-12T00:00:00","date_gmt":"1999-10-12T00:00:00","guid":{"rendered":"https:\/\/www.deberes.net\/tesis\/sin-categoria\/eutopia-una-propuesta-alternativa-al-modelo-socioeconomico-neoliberal-como-paradigma-del-pensamiento-unico\/"},"modified":"1999-10-12T00:00:00","modified_gmt":"1999-10-12T00:00:00","slug":"eutopia-una-propuesta-alternativa-al-modelo-socioeconomico-neoliberal-como-paradigma-del-pensamiento-unico","status":"publish","type":"post","link":"https:\/\/www.deberes.net\/tesis\/ciencias-economicas\/eutopia-una-propuesta-alternativa-al-modelo-socioeconomico-neoliberal-como-paradigma-del-pensamiento-unico\/","title":{"rendered":"Eutopia: una propuesta alternativa al modelo socioecon\u00f3mico neoliberal como paradigma del pensamiento unico"},"content":{"rendered":"<h2>Tesis doctoral de <strong> Eduardo Firmenich Mario <\/strong><\/h2>\n<p>La tesis analiza el modelo socioecon\u00f3mico neoliberal como paradigma dominante a ra\u00edz de la crisis de los paradigmas marxistas y key nesiano. plantea que un modelo alternativo no debe ser utopia inalcanzable, de ah\u00ed la necesidad de asumir un triple desafio-teorico \u00e9tico y pol\u00edtico-t\u00e9cnico, para definir la eutopia (del griego \u00abku\u00bb: el bien \u00abtopos\u00bb: lugar) realizable. el concepto conductor es el an\u00e1lisis de la asignaci\u00f3n y uso de los excedentes, lo cual depende de decisiones institucionales.La din\u00e1mica del sistema sale as\u00ed del campo de la econom\u00eda pura. Desarrolla entonces la teor\u00eda de los ssitemas pol\u00edtico-econ\u00f3micos conceptualizando realizades emp\u00edricamente constatadas desde la prehistoria hasta las sociedades industriales. Concluye que una sociedad que genera excedentes es un sistema compuesto por los subsistemas econ\u00f3micos y pol\u00edtico. Se analiza la globalizaci\u00f3n, con enfasis en lo tecnol\u00f3gico y financiero, como causa de la crisis de los modelos marxistas y keynesiano. Considera que las tendencias del modelo neoliberal lo caracterizan como insostenible en los sentidos social, econ\u00f3mico ecol\u00f3gico y pol\u00edtico. Desde el analisis de los ciclos de larga duraci\u00f3n, sostiene la hip\u00f3tesis de que la globalizaci\u00f3n puede enmarcarse en el fin del ciclo largo iniciado en la segunda guerra mundial y el inicio de un nuevo ciclo a mediados de los a\u00f1os 90. Un modelo alterantivo, desde la perspectiva teor\u00edca planteada, exige una explicitaci\u00f3n de juicios de valor. En funci\u00f3n de ello se formulan hip\u00f3tesis de pol\u00edticas factibles en los planos fiscales, monetario, de administraci\u00f3n de la demanda, previsional, educativa, de reformas institucionales. Se testea algunas de ellas con simulaciones basadas en datos de la evidencia emp\u00edrica. Concluye que el enfoque te\u00f3rico planteado en la tesis implica un cambio de paradigma para analizar la econom\u00eda y agrega que dicho enfoque abreva en tres grandes corrientes: la din\u00e1mica econ\u00f3mica de<\/p>\n<p>&nbsp;<\/p>\n<h3>Datos acad\u00e9micos de la tesis doctoral \u00ab<strong>Eutopia: una propuesta alternativa al modelo socioecon\u00f3mico neoliberal como paradigma del pensamiento unico<\/strong>\u00ab<\/h3>\n<ul>\n<li><strong>T\u00edtulo de la tesis:<\/strong>\u00a0 Eutopia: una propuesta alternativa al modelo socioecon\u00f3mico neoliberal como paradigma del pensamiento unico <\/li>\n<li><strong>Autor:<\/strong>\u00a0 Eduardo Firmenich Mario <\/li>\n<li><strong>Universidad:<\/strong>\u00a0 Barcelona<\/li>\n<li><strong>Fecha de lectura de la tesis:<\/strong>\u00a0 10\/12\/1999<\/li>\n<\/ul>\n<p>&nbsp;<\/p>\n<h3>Direcci\u00f3n y tribunal<\/h3>\n<ul>\n<li><strong>Director de la tesis<\/strong>\n<ul>\n<li>Alfons Barcelo<\/li>\n<\/ul>\n<\/li>\n<li><strong>Tribunal<\/strong>\n<ul>\n<li>Presidente del tribunal: Luis Barbe <\/li>\n<li>arcadi Oliveres (vocal)<\/li>\n<li>Luis De sebastian (vocal)<\/li>\n<li>joaquim Sempere (vocal)<\/li>\n<\/ul>\n<\/li>\n<\/ul>\n<p>&nbsp;<\/p>\n","protected":false},"excerpt":{"rendered":"<p>Tesis doctoral de Eduardo Firmenich Mario La tesis analiza el modelo socioecon\u00f3mico neoliberal como paradigma dominante a ra\u00edz de la [&hellip;]<\/p>\n","protected":false},"author":1,"featured_media":0,"comment_status":"open","ping_status":"open","sticky":false,"template":"","format":"standard","meta":{"site-sidebar-layout":"default","site-content-layout":"","ast-site-content-layout":"","site-content-style":"default","site-sidebar-style":"default","ast-global-header-display":"","ast-banner-title-visibility":"","ast-main-header-display":"","ast-hfb-above-header-display":"","ast-hfb-below-header-display":"","ast-hfb-mobile-header-display":"","site-post-title":"","ast-breadcrumbs-content":"","ast-featured-img":"","footer-sml-layout":"","theme-transparent-header-meta":"","adv-header-id-meta":"","stick-header-meta":"","header-above-stick-meta":"","header-main-stick-meta":"","header-below-stick-meta":"","astra-migrate-meta-layouts":"default","ast-page-background-enabled":"default","ast-page-background-meta":{"desktop":{"background-color":"var(--ast-global-color-4)","background-image":"","background-repeat":"repeat","background-position":"center center","background-size":"auto","background-attachment":"scroll","background-type":"","background-media":"","overlay-type":"","overlay-color":"","overlay-gradient":""},"tablet":{"background-color":"","background-image":"","background-repeat":"repeat","background-position":"center center","background-size":"auto","background-attachment":"scroll","background-type":"","background-media":"","overlay-type":"","overlay-color":"","overlay-gradient":""},"mobile":{"background-color":"","background-image":"","background-repeat":"repeat","background-position":"center center","background-size":"auto","background-attachment":"scroll","background-type":"","background-media":"","overlay-type":"","overlay-color":"","overlay-gradient":""}},"ast-content-background-meta":{"desktop":{"background-color":"var(--ast-global-color-5)","background-image":"","background-repeat":"repeat","background-position":"center center","background-size":"auto","background-attachment":"scroll","background-type":"","background-media":"","overlay-type":"","overlay-color":"","overlay-gradient":""},"tablet":{"background-color":"var(--ast-global-color-5)","background-image":"","background-repeat":"repeat","background-position":"center center","background-size":"auto","background-attachment":"scroll","background-type":"","background-media":"","overlay-type":"","overlay-color":"","overlay-gradient":""},"mobile":{"background-color":"var(--ast-global-color-5)","background-image":"","background-repeat":"repeat","background-position":"center center","background-size":"auto","background-attachment":"scroll","background-type":"","background-media":"","overlay-type":"","overlay-color":"","overlay-gradient":""}},"footnotes":""},"categories":[951,82,910,18716,11533,737],"tags":[173945,96192,173944,33919,89789,100721],"class_list":["post-81542","post","type-post","status-publish","format-standard","hentry","category-barcelona","category-ciencias-economicas","category-economia-internacional","category-fluctuaciones-economicas","category-organizacion-monetaria-internacional","category-teoria-economica","tag-alfons-barcelo","tag-arcadi-oliveres","tag-eduardo-firmenich-mario","tag-joaquim-sempere","tag-luis-barbe","tag-luis-de-sebastian"],"_links":{"self":[{"href":"https:\/\/www.deberes.net\/tesis\/wp-json\/wp\/v2\/posts\/81542","targetHints":{"allow":["GET"]}}],"collection":[{"href":"https:\/\/www.deberes.net\/tesis\/wp-json\/wp\/v2\/posts"}],"about":[{"href":"https:\/\/www.deberes.net\/tesis\/wp-json\/wp\/v2\/types\/post"}],"author":[{"embeddable":true,"href":"https:\/\/www.deberes.net\/tesis\/wp-json\/wp\/v2\/users\/1"}],"replies":[{"embeddable":true,"href":"https:\/\/www.deberes.net\/tesis\/wp-json\/wp\/v2\/comments?post=81542"}],"version-history":[{"count":0,"href":"https:\/\/www.deberes.net\/tesis\/wp-json\/wp\/v2\/posts\/81542\/revisions"}],"wp:attachment":[{"href":"https:\/\/www.deberes.net\/tesis\/wp-json\/wp\/v2\/media?parent=81542"}],"wp:term":[{"taxonomy":"category","embeddable":true,"href":"https:\/\/www.deberes.net\/tesis\/wp-json\/wp\/v2\/categories?post=81542"},{"taxonomy":"post_tag","embeddable":true,"href":"https:\/\/www.deberes.net\/tesis\/wp-json\/wp\/v2\/tags?post=81542"}],"curies":[{"name":"wp","href":"https:\/\/api.w.org\/{rel}","templated":true}]}}