{"id":81704,"date":"2018-03-10T00:05:37","date_gmt":"2018-03-10T00:05:37","guid":{"rendered":"https:\/\/www.deberes.net\/tesis\/sin-categoria\/la-real-botica-en-el-siglo-xix\/"},"modified":"2018-03-10T00:05:37","modified_gmt":"2018-03-10T00:05:37","slug":"la-real-botica-en-el-siglo-xix","status":"publish","type":"post","link":"https:\/\/www.deberes.net\/tesis\/historia\/la-real-botica-en-el-siglo-xix\/","title":{"rendered":"La real botica en el siglo xix"},"content":{"rendered":"<h2>Tesis doctoral de <strong> Eduardo Valverde Ruiz <\/strong><\/h2>\n<p>Estudio de la instituci\u00f3n a lo largo de cien a\u00f1os desde la aprobaci\u00f3n de la concordia y reales ordenanzas para el gobierno de la facultad de farmacia en el a\u00f1o 1800. A partir de ese momento, y con la creaci\u00f3n de la real junta superior gubernativa de la facultad de farmacia, la real botica aglutina todo el poder relacionado con la profesi\u00f3n farmace\u00fatica. ser\u00e1 a partir de la muerte de fernando vii y la instauraci\u00f3n en espa\u00f1a de una forma de estado liberal cuando este organismo comenzar\u00e1 una p\u00e9rdida de funciones pol\u00edticas y comenzar\u00e1 a ejercer otras nuevas dentro de los campos cient\u00edficos y profesionales. Durante este estudio se investiga la trayectoria profesional del personal que integra la instituci\u00f3n, los aspectos legislativos y reglamentarios relacionados con la misma, los servicios que presta en los diferentes momentos a la corona y los aspectos econ\u00f3micos relacionados con la real botica.  la real botica como instituci\u00f3n es una pieza clave para entender la historia de la farmacia y de otras ciencias, como la qu\u00edmica o la bot\u00e1nica, desde su fundaci\u00f3n en 1594 hasta la p\u00e9rdida de su influencia pol\u00edtica en el reinado de isabel ii.  haber elegido los archivos de palacio y real botica para su estudio ha sido porque hemos considerado que la informaci\u00f3n en ellos contenida es lo suficientemente amplia y abundante para conseguir la verificaci\u00f3n de la hip\u00f3tesis que nos planteamos a comienzo del trabajo.<\/p>\n<p>&nbsp;<\/p>\n<h3>Datos acad\u00e9micos de la tesis doctoral \u00ab<strong>La real botica en el siglo xix<\/strong>\u00ab<\/h3>\n<ul>\n<li><strong>T\u00edtulo de la tesis:<\/strong>\u00a0 La real botica en el siglo xix <\/li>\n<li><strong>Autor:<\/strong>\u00a0 Eduardo Valverde Ruiz <\/li>\n<li><strong>Universidad:<\/strong>\u00a0 Complutense de Madrid<\/li>\n<li><strong>Fecha de lectura de la tesis:<\/strong>\u00a0 16\/12\/1999<\/li>\n<\/ul>\n<p>&nbsp;<\/p>\n<h3>Direcci\u00f3n y tribunal<\/h3>\n<ul>\n<li><strong>Director de la tesis<\/strong>\n<ul>\n<li>Mar\u00eda  Esther Alegre Perez<\/li>\n<\/ul>\n<\/li>\n<li><strong>Tribunal<\/strong>\n<ul>\n<li>Presidente del tribunal: Francisco javier Puerto sarmiento <\/li>\n<li>esteban Moreno toral (vocal)<\/li>\n<li> Esteve de sagrera Juan (vocal)<\/li>\n<li> G\u00f3mez molinero M\u00aa encarnaci\u00f3n (vocal)<\/li>\n<\/ul>\n<\/li>\n<\/ul>\n<p>&nbsp;<\/p>\n","protected":false},"excerpt":{"rendered":"<p>Tesis doctoral de Eduardo Valverde Ruiz Estudio de la instituci\u00f3n a lo largo de cien a\u00f1os desde la aprobaci\u00f3n de [&hellip;]<\/p>\n","protected":false},"author":1,"featured_media":0,"comment_status":"open","ping_status":"open","sticky":false,"template":"","format":"standard","meta":{"site-sidebar-layout":"default","site-content-layout":"","ast-site-content-layout":"","site-content-style":"default","site-sidebar-style":"default","ast-global-header-display":"","ast-banner-title-visibility":"","ast-main-header-display":"","ast-hfb-above-header-display":"","ast-hfb-below-header-display":"","ast-hfb-mobile-header-display":"","site-post-title":"","ast-breadcrumbs-content":"","ast-featured-img":"","footer-sml-layout":"","theme-transparent-header-meta":"","adv-header-id-meta":"","stick-header-meta":"","header-above-stick-meta":"","header-main-stick-meta":"","header-below-stick-meta":"","astra-migrate-meta-layouts":"default","ast-page-background-enabled":"default","ast-page-background-meta":{"desktop":{"background-color":"var(--ast-global-color-4)","background-image":"","background-repeat":"repeat","background-position":"center center","background-size":"auto","background-attachment":"scroll","background-type":"","background-media":"","overlay-type":"","overlay-color":"","overlay-gradient":""},"tablet":{"background-color":"","background-image":"","background-repeat":"repeat","background-position":"center center","background-size":"auto","background-attachment":"scroll","background-type":"","background-media":"","overlay-type":"","overlay-color":"","overlay-gradient":""},"mobile":{"background-color":"","background-image":"","background-repeat":"repeat","background-position":"center center","background-size":"auto","background-attachment":"scroll","background-type":"","background-media":"","overlay-type":"","overlay-color":"","overlay-gradient":""}},"ast-content-background-meta":{"desktop":{"background-color":"var(--ast-global-color-5)","background-image":"","background-repeat":"repeat","background-position":"center center","background-size":"auto","background-attachment":"scroll","background-type":"","background-media":"","overlay-type":"","overlay-color":"","overlay-gradient":""},"tablet":{"background-color":"var(--ast-global-color-5)","background-image":"","background-repeat":"repeat","background-position":"center center","background-size":"auto","background-attachment":"scroll","background-type":"","background-media":"","overlay-type":"","overlay-color":"","overlay-gradient":""},"mobile":{"background-color":"var(--ast-global-color-5)","background-image":"","background-repeat":"repeat","background-position":"center center","background-size":"auto","background-attachment":"scroll","background-type":"","background-media":"","overlay-type":"","overlay-color":"","overlay-gradient":""}},"footnotes":""},"categories":[104,360,222],"tags":[174196,26654,174197,5887,174198,39568],"class_list":["post-81704","post","type-post","status-publish","format-standard","hentry","category-historia","category-historia-de-la-farmacia","category-historias-especializadas","tag-eduardo-valverde-ruiz","tag-esteban-moreno-toral","tag-esteve-de-sagrera-juan","tag-francisco-javier-puerto-sarmiento","tag-gomez-molinero-ma-encarnacion","tag-maria-esther-alegre-perez"],"_links":{"self":[{"href":"https:\/\/www.deberes.net\/tesis\/wp-json\/wp\/v2\/posts\/81704","targetHints":{"allow":["GET"]}}],"collection":[{"href":"https:\/\/www.deberes.net\/tesis\/wp-json\/wp\/v2\/posts"}],"about":[{"href":"https:\/\/www.deberes.net\/tesis\/wp-json\/wp\/v2\/types\/post"}],"author":[{"embeddable":true,"href":"https:\/\/www.deberes.net\/tesis\/wp-json\/wp\/v2\/users\/1"}],"replies":[{"embeddable":true,"href":"https:\/\/www.deberes.net\/tesis\/wp-json\/wp\/v2\/comments?post=81704"}],"version-history":[{"count":0,"href":"https:\/\/www.deberes.net\/tesis\/wp-json\/wp\/v2\/posts\/81704\/revisions"}],"wp:attachment":[{"href":"https:\/\/www.deberes.net\/tesis\/wp-json\/wp\/v2\/media?parent=81704"}],"wp:term":[{"taxonomy":"category","embeddable":true,"href":"https:\/\/www.deberes.net\/tesis\/wp-json\/wp\/v2\/categories?post=81704"},{"taxonomy":"post_tag","embeddable":true,"href":"https:\/\/www.deberes.net\/tesis\/wp-json\/wp\/v2\/tags?post=81704"}],"curies":[{"name":"wp","href":"https:\/\/api.w.org\/{rel}","templated":true}]}}