{"id":81709,"date":"2018-03-10T00:05:37","date_gmt":"2018-03-10T00:05:37","guid":{"rendered":"https:\/\/www.deberes.net\/tesis\/sin-categoria\/epidemiologia-del-pie-plano-en-la-poblacion-preescolar-de-malaga\/"},"modified":"2018-03-10T00:05:37","modified_gmt":"2018-03-10T00:05:37","slug":"epidemiologia-del-pie-plano-en-la-poblacion-preescolar-de-malaga","status":"publish","type":"post","link":"https:\/\/www.deberes.net\/tesis\/ciencias-medicas\/epidemiologia-del-pie-plano-en-la-poblacion-preescolar-de-malaga\/","title":{"rendered":"Epidemiolog\u00eda del pie plano en la poblacion preescolar de malaga."},"content":{"rendered":"<h2>Tesis doctoral de <strong> Mar\u00eda  Concepcion Perez Romero De La Cruz <\/strong><\/h2>\n<p>El objetivo es conocer la situaci\u00f3n del pi\u00e9 plano en la poblaci\u00f3n infantil de 2 y 3 a\u00f1os de la provincia de m\u00e1laga; estudiar la epidemiolog\u00eda descriptiva de esta poblaci\u00f3n en relaci\u00f3n a las variables sexo, peso, talla e \u00edndice d emasa corporal.; Y analizar las asociaciones del pie plano con el eje del calc\u00e1neo, eje plantar, flexi\u00f3n dorsal del tobillo, genu valgo y varo, eje lateral de la rodilla, movilidad de la cadera y \u00e1ngulo muslo-pie. Adem\u00e1s, se ha comprobar\u00e1 si en estas etapas del crecimiento la presencia del pie plano guarda relaci\u00f3n con el tratamiento ortop\u00e9dico instaurado. Por \u00faltimo, se realiz\u00f3 un an\u00e1lisis multivariante para observar el efecto ajustado que las distintas variables estudiadas tienen sobre la presencia ausencia del pie plano.  la poblaci\u00f3n a estudiar han sido 14.368 ni\u00f1os de 2 y 3 a\u00f1os censados en m\u00e1laga, de los que se tomaron una muestra representativa y aleatoria con un nivel de confianza del 95% y un margen de error del 5%. Se han estudiado 796 ni\u00f1os. Se visitaron 11 centros previamente informados, y se exploraron los ni\u00f1os midiendo los \u00e1ngulos principales con la misma t\u00e9cnica. Se dise\u00f1o una base de datos con las 25 variables recogidas. El an\u00e1lisis de los datos se hizo mediante el programas spss\/pc ver. 7,5 para windows.  la preValencia del pie plano en la poblaci\u00f3n entre los 2 y 3 a\u00f1os de edad es del 62,9% con un predominio del sexo masculino de 1,6 a 1. El modelo multivariante presenta una relaci\u00f3n del pie plano con las siguientes variables: grupo de edad de 2 a\u00f1os, el sexo masculino, marcha en valgo de tal\u00f3n, y la existencia de un alineamiento incorrecto del miembro inferior. Teniendo presente los resultados podemos concluir que el diagn\u00f3stico de pie plano en etapas precoces del crecimiento es arriesgado, considerando que a estas edades la huella plana es normal.<\/p>\n<p>&nbsp;<\/p>\n<h3>Datos acad\u00e9micos de la tesis doctoral \u00ab<strong>Epidemiolog\u00eda del pie plano en la poblacion preescolar de malaga.<\/strong>\u00ab<\/h3>\n<ul>\n<li><strong>T\u00edtulo de la tesis:<\/strong>\u00a0 Epidemiolog\u00eda del pie plano en la poblacion preescolar de malaga. <\/li>\n<li><strong>Autor:<\/strong>\u00a0 Mar\u00eda  Concepcion Perez Romero De La Cruz <\/li>\n<li><strong>Universidad:<\/strong>\u00a0 M\u00e1laga<\/li>\n<li><strong>Fecha de lectura de la tesis:<\/strong>\u00a0 16\/12\/1999<\/li>\n<\/ul>\n<p>&nbsp;<\/p>\n<h3>Direcci\u00f3n y tribunal<\/h3>\n<ul>\n<li><strong>Director de la tesis<\/strong>\n<ul>\n<li>Antonio Garcia Rodriguez<\/li>\n<\/ul>\n<\/li>\n<li><strong>Tribunal<\/strong>\n<ul>\n<li>Presidente del tribunal: vicente Dom\u00ednguez rojas <\/li>\n<li>Manuel Carnero varo (vocal)<\/li>\n<li> Martin jimenez Jos\u00e9 felipe (vocal)<\/li>\n<li>cesar Cayuelas ant\u00f3n (vocal)<\/li>\n<\/ul>\n<\/li>\n<\/ul>\n<p>&nbsp;<\/p>\n","protected":false},"excerpt":{"rendered":"<p>Tesis doctoral de Mar\u00eda Concepcion Perez Romero De La Cruz El objetivo es conocer la situaci\u00f3n del pi\u00e9 plano en [&hellip;]<\/p>\n","protected":false},"author":1,"featured_media":0,"comment_status":"open","ping_status":"open","sticky":false,"template":"","format":"standard","meta":{"site-sidebar-layout":"default","site-content-layout":"","ast-site-content-layout":"","site-content-style":"default","site-sidebar-style":"default","ast-global-header-display":"","ast-banner-title-visibility":"","ast-main-header-display":"","ast-hfb-above-header-display":"","ast-hfb-below-header-display":"","ast-hfb-mobile-header-display":"","site-post-title":"","ast-breadcrumbs-content":"","ast-featured-img":"","footer-sml-layout":"","theme-transparent-header-meta":"","adv-header-id-meta":"","stick-header-meta":"","header-above-stick-meta":"","header-main-stick-meta":"","header-below-stick-meta":"","astra-migrate-meta-layouts":"default","ast-page-background-enabled":"default","ast-page-background-meta":{"desktop":{"background-color":"var(--ast-global-color-4)","background-image":"","background-repeat":"repeat","background-position":"center center","background-size":"auto","background-attachment":"scroll","background-type":"","background-media":"","overlay-type":"","overlay-color":"","overlay-gradient":""},"tablet":{"background-color":"","background-image":"","background-repeat":"repeat","background-position":"center center","background-size":"auto","background-attachment":"scroll","background-type":"","background-media":"","overlay-type":"","overlay-color":"","overlay-gradient":""},"mobile":{"background-color":"","background-image":"","background-repeat":"repeat","background-position":"center center","background-size":"auto","background-attachment":"scroll","background-type":"","background-media":"","overlay-type":"","overlay-color":"","overlay-gradient":""}},"ast-content-background-meta":{"desktop":{"background-color":"var(--ast-global-color-5)","background-image":"","background-repeat":"repeat","background-position":"center center","background-size":"auto","background-attachment":"scroll","background-type":"","background-media":"","overlay-type":"","overlay-color":"","overlay-gradient":""},"tablet":{"background-color":"var(--ast-global-color-5)","background-image":"","background-repeat":"repeat","background-position":"center center","background-size":"auto","background-attachment":"scroll","background-type":"","background-media":"","overlay-type":"","overlay-color":"","overlay-gradient":""},"mobile":{"background-color":"var(--ast-global-color-5)","background-image":"","background-repeat":"repeat","background-position":"center center","background-size":"auto","background-attachment":"scroll","background-type":"","background-media":"","overlay-type":"","overlay-color":"","overlay-gradient":""}},"footnotes":""},"categories":[9,1086,7834,1686,967],"tags":[3636,20835,3340,52513,8051,2687],"class_list":["post-81709","post","type-post","status-publish","format-standard","hentry","category-ciencias-medicas","category-epidemiologia","category-malaga","category-medicina-preventiva","category-salud-publica","tag-antonio-garcia-rodriguez","tag-cesar-cayuelas-anton","tag-manuel-carnero-varo","tag-maria-concepcion-perez-romero-de-la-cruz","tag-martin-jimenez-jose-felipe","tag-vicente-dominguez-rojas"],"_links":{"self":[{"href":"https:\/\/www.deberes.net\/tesis\/wp-json\/wp\/v2\/posts\/81709","targetHints":{"allow":["GET"]}}],"collection":[{"href":"https:\/\/www.deberes.net\/tesis\/wp-json\/wp\/v2\/posts"}],"about":[{"href":"https:\/\/www.deberes.net\/tesis\/wp-json\/wp\/v2\/types\/post"}],"author":[{"embeddable":true,"href":"https:\/\/www.deberes.net\/tesis\/wp-json\/wp\/v2\/users\/1"}],"replies":[{"embeddable":true,"href":"https:\/\/www.deberes.net\/tesis\/wp-json\/wp\/v2\/comments?post=81709"}],"version-history":[{"count":0,"href":"https:\/\/www.deberes.net\/tesis\/wp-json\/wp\/v2\/posts\/81709\/revisions"}],"wp:attachment":[{"href":"https:\/\/www.deberes.net\/tesis\/wp-json\/wp\/v2\/media?parent=81709"}],"wp:term":[{"taxonomy":"category","embeddable":true,"href":"https:\/\/www.deberes.net\/tesis\/wp-json\/wp\/v2\/categories?post=81709"},{"taxonomy":"post_tag","embeddable":true,"href":"https:\/\/www.deberes.net\/tesis\/wp-json\/wp\/v2\/tags?post=81709"}],"curies":[{"name":"wp","href":"https:\/\/api.w.org\/{rel}","templated":true}]}}