{"id":81737,"date":"2018-03-10T00:05:37","date_gmt":"2018-03-10T00:05:37","guid":{"rendered":"https:\/\/www.deberes.net\/tesis\/sin-categoria\/un-modelo-de-integracion-de-la-dimension-corporal-en-psicoterapia\/"},"modified":"2018-03-10T00:05:37","modified_gmt":"2018-03-10T00:05:37","slug":"un-modelo-de-integracion-de-la-dimension-corporal-en-psicoterapia","status":"publish","type":"post","link":"https:\/\/www.deberes.net\/tesis\/psicologia\/un-modelo-de-integracion-de-la-dimension-corporal-en-psicoterapia\/","title":{"rendered":"Un modelo de integraci\u00f3n de la dimensi\u00f3n corporal en psicoterapia"},"content":{"rendered":"<h2>Tesis doctoral de <strong> Ana Mar\u00eda Gimeno-bay\u00f3n Cobos <\/strong><\/h2>\n<p>El trabjo se halla estructurado (aparte de la introducic\u00f3n, las conclusiones, los anexos y referencias bibliogr\u00e1ficas), en tres partes. La primera, m\u00e1s general, se subdivide en cuatro cap\u00edtulos, destinados:  a &#8211; a tratar cuestiones preliminares, como son la realizaci\u00f3n de un repaso somero a la concepci\u00f3n del cuerop en la historal del pensamiento y a a cotar qu\u00e9 se enter\u00e1 por psicoterapias corporales.  b- revisar la evoluci\u00f3n reciente de las psicoterapias corporales.  c- resumir la situaci\u00f3n actual de proliferaci\u00f3n de modelos y m\u00e9todos, y apuntar posibles clasificaciones.  d- realizar una reflexi\u00f3n cr\u00edtica, a apartir de la experiencia psicoterap\u00e9utica, sobre los criterios que parecen suyacentes -a juicio de la autora- a los diferentes abordajes corporales y las ventajas y dificultades de cada uno de ellos.  la segunda parte ofrece una propuesta de integraci\u00f3n de la dimensi\u00f3n corporal en el proceso psicoterap\u00e9utico, en el marco del modelo creado por la autora -junto con ram\u00f3nrosal- y que se viene aplicando desde hace m\u00e1s de una d\u00e9cada, por el equipo psicoterap\u00e9utico que ambos dirigen.  la tercera parte, la parte emp\u00edrica, recoge los resultados de dos investigaciones realizadas comprobando que la dimensi\u00f3n corporal en la psicoterapia es relevante a la hora de incrementar el potencial de cambio dentro del proceso.<\/p>\n<p>&nbsp;<\/p>\n<h3>Datos acad\u00e9micos de la tesis doctoral \u00ab<strong>Un modelo de integraci\u00f3n de la dimensi\u00f3n corporal en psicoterapia<\/strong>\u00ab<\/h3>\n<ul>\n<li><strong>T\u00edtulo de la tesis:<\/strong>\u00a0 Un modelo de integraci\u00f3n de la dimensi\u00f3n corporal en psicoterapia <\/li>\n<li><strong>Autor:<\/strong>\u00a0 Ana Mar\u00eda Gimeno-bay\u00f3n Cobos <\/li>\n<li><strong>Universidad:<\/strong>\u00a0 Deusto<\/li>\n<li><strong>Fecha de lectura de la tesis:<\/strong>\u00a0 16\/12\/1999<\/li>\n<\/ul>\n<p>&nbsp;<\/p>\n<h3>Direcci\u00f3n y tribunal<\/h3>\n<ul>\n<li><strong>Director de la tesis<\/strong>\n<ul>\n<li>Manuel Marroquin Perez<\/li>\n<\/ul>\n<\/li>\n<li><strong>Tribunal<\/strong>\n<ul>\n<li>Presidente del tribunal: sabino Ayestar\u00e1n etxebarria <\/li>\n<li>carmen Mateu marques (vocal)<\/li>\n<li>guillem Feixas viaplana (vocal)<\/li>\n<li> Garma sordo Ana Mar\u00eda (vocal)<\/li>\n<\/ul>\n<\/li>\n<\/ul>\n<p>&nbsp;<\/p>\n","protected":false},"excerpt":{"rendered":"<p>Tesis doctoral de Ana Mar\u00eda Gimeno-bay\u00f3n Cobos El trabjo se halla estructurado (aparte de la introducic\u00f3n, las conclusiones, los anexos [&hellip;]<\/p>\n","protected":false},"author":1,"featured_media":0,"comment_status":"open","ping_status":"open","sticky":false,"template":"","format":"standard","meta":{"site-sidebar-layout":"default","site-content-layout":"","ast-site-content-layout":"","site-content-style":"default","site-sidebar-style":"default","ast-global-header-display":"","ast-banner-title-visibility":"","ast-main-header-display":"","ast-hfb-above-header-display":"","ast-hfb-below-header-display":"","ast-hfb-mobile-header-display":"","site-post-title":"","ast-breadcrumbs-content":"","ast-featured-img":"","footer-sml-layout":"","theme-transparent-header-meta":"","adv-header-id-meta":"","stick-header-meta":"","header-above-stick-meta":"","header-main-stick-meta":"","header-below-stick-meta":"","astra-migrate-meta-layouts":"default","ast-page-background-enabled":"default","ast-page-background-meta":{"desktop":{"background-color":"var(--ast-global-color-4)","background-image":"","background-repeat":"repeat","background-position":"center center","background-size":"auto","background-attachment":"scroll","background-type":"","background-media":"","overlay-type":"","overlay-color":"","overlay-gradient":""},"tablet":{"background-color":"","background-image":"","background-repeat":"repeat","background-position":"center center","background-size":"auto","background-attachment":"scroll","background-type":"","background-media":"","overlay-type":"","overlay-color":"","overlay-gradient":""},"mobile":{"background-color":"","background-image":"","background-repeat":"repeat","background-position":"center center","background-size":"auto","background-attachment":"scroll","background-type":"","background-media":"","overlay-type":"","overlay-color":"","overlay-gradient":""}},"ast-content-background-meta":{"desktop":{"background-color":"var(--ast-global-color-5)","background-image":"","background-repeat":"repeat","background-position":"center center","background-size":"auto","background-attachment":"scroll","background-type":"","background-media":"","overlay-type":"","overlay-color":"","overlay-gradient":""},"tablet":{"background-color":"var(--ast-global-color-5)","background-image":"","background-repeat":"repeat","background-position":"center center","background-size":"auto","background-attachment":"scroll","background-type":"","background-media":"","overlay-type":"","overlay-color":"","overlay-gradient":""},"mobile":{"background-color":"var(--ast-global-color-5)","background-image":"","background-repeat":"repeat","background-position":"center center","background-size":"auto","background-attachment":"scroll","background-type":"","background-media":"","overlay-type":"","overlay-color":"","overlay-gradient":""}},"footnotes":""},"categories":[4264,31910,324,9116],"tags":[174251,41787,174252,80832,89288,26788],"class_list":["post-81737","post","type-post","status-publish","format-standard","hentry","category-asesoramiento-y-orientacion-psicologicas","category-deusto","category-psicologia","category-psicoterapia","tag-ana-maria-gimeno-bayon-cobos","tag-carmen-mateu-marques","tag-garma-sordo-ana-maria","tag-guillem-feixas-viaplana","tag-manuel-marroquin-perez","tag-sabino-ayestaran-etxebarria"],"_links":{"self":[{"href":"https:\/\/www.deberes.net\/tesis\/wp-json\/wp\/v2\/posts\/81737","targetHints":{"allow":["GET"]}}],"collection":[{"href":"https:\/\/www.deberes.net\/tesis\/wp-json\/wp\/v2\/posts"}],"about":[{"href":"https:\/\/www.deberes.net\/tesis\/wp-json\/wp\/v2\/types\/post"}],"author":[{"embeddable":true,"href":"https:\/\/www.deberes.net\/tesis\/wp-json\/wp\/v2\/users\/1"}],"replies":[{"embeddable":true,"href":"https:\/\/www.deberes.net\/tesis\/wp-json\/wp\/v2\/comments?post=81737"}],"version-history":[{"count":0,"href":"https:\/\/www.deberes.net\/tesis\/wp-json\/wp\/v2\/posts\/81737\/revisions"}],"wp:attachment":[{"href":"https:\/\/www.deberes.net\/tesis\/wp-json\/wp\/v2\/media?parent=81737"}],"wp:term":[{"taxonomy":"category","embeddable":true,"href":"https:\/\/www.deberes.net\/tesis\/wp-json\/wp\/v2\/categories?post=81737"},{"taxonomy":"post_tag","embeddable":true,"href":"https:\/\/www.deberes.net\/tesis\/wp-json\/wp\/v2\/tags?post=81737"}],"curies":[{"name":"wp","href":"https:\/\/api.w.org\/{rel}","templated":true}]}}