{"id":81770,"date":"2018-03-10T00:05:41","date_gmt":"2018-03-10T00:05:41","guid":{"rendered":"https:\/\/www.deberes.net\/tesis\/sin-categoria\/el-medio-ambiente-como-problema-constitucional-en-el-estado-social-el-impulso-democratico-ambiental\/"},"modified":"2018-03-10T00:05:41","modified_gmt":"2018-03-10T00:05:41","slug":"el-medio-ambiente-como-problema-constitucional-en-el-estado-social-el-impulso-democratico-ambiental","status":"publish","type":"post","link":"https:\/\/www.deberes.net\/tesis\/ciencias-juridicas-y-derecho\/el-medio-ambiente-como-problema-constitucional-en-el-estado-social-el-impulso-democratico-ambiental\/","title":{"rendered":"El medio ambiente como problema constitucional en el estado social el impulso democratico ambiental"},"content":{"rendered":"<h2>Tesis doctoral de <strong> Carmen Parra Mundaca <\/strong><\/h2>\n<p>A trav\u00e9s de esta tesis doctoral se expone una visi\u00f3n comparada entre los mecanismos chilenos y espa\u00f1oles de protecci\u00f3n juridica del medio ambiente. del mismo modo, se revisan las legislaciones que en materia ambiental ofrecen paises de europa, am\u00e9rica latina y estados unidos.  entre sus objetivos, la presente tesis aborda el medio ambiente en sus dos dimensiones: como derecho individual y derecho colectivo. Esto nos conduce necesariamente, a revisar la efectividad de los derechos sociales, al tiempo que rentaliza al estado social y el contenido axiologico, siempre presente en los textos constitucionales.  finalmente, se intenta analizar el fen\u00f3meno de los grupos de presi\u00f3n y su influencia en los temas ambientales. Ello tiene interes, desde la optica del derecho pol\u00edtico y constitucional, toda vez que supone admitir la importancia creciente que las fuerzas politicas organizadas y, de modo especifico las organizaciones no gubernamentales, pueden tener en la toma, de decisiones pol\u00edticas y economicas, vinculadas a la problem\u00e1tica ambiental.<\/p>\n<p>&nbsp;<\/p>\n<h3>Datos acad\u00e9micos de la tesis doctoral \u00ab<strong>El medio ambiente como problema constitucional en el estado social el impulso democratico ambiental<\/strong>\u00ab<\/h3>\n<ul>\n<li><strong>T\u00edtulo de la tesis:<\/strong>\u00a0 El medio ambiente como problema constitucional en el estado social el impulso democratico ambiental <\/li>\n<li><strong>Autor:<\/strong>\u00a0 Carmen Parra Mundaca <\/li>\n<li><strong>Universidad:<\/strong>\u00a0 Complutense de Madrid<\/li>\n<li><strong>Fecha de lectura de la tesis:<\/strong>\u00a0 17\/12\/1999<\/li>\n<\/ul>\n<p>&nbsp;<\/p>\n<h3>Direcci\u00f3n y tribunal<\/h3>\n<ul>\n<li><strong>Director de la tesis<\/strong>\n<ul>\n<li>Ra\u00fal Leopoldo Canosa Usera<\/li>\n<\/ul>\n<\/li>\n<li><strong>Tribunal<\/strong>\n<ul>\n<li>Presidente del tribunal: pablo Lucas verdu <\/li>\n<li>Francisco Fern\u00e1ndez segado (vocal)<\/li>\n<li>pedro De vega garcia (vocal)<\/li>\n<li>eloy Garcia lopez (vocal)<\/li>\n<\/ul>\n<\/li>\n<\/ul>\n<p>&nbsp;<\/p>\n","protected":false},"excerpt":{"rendered":"<p>Tesis doctoral de Carmen Parra Mundaca A trav\u00e9s de esta tesis doctoral se expone una visi\u00f3n comparada entre los mecanismos [&hellip;]<\/p>\n","protected":false},"author":1,"featured_media":0,"comment_status":"open","ping_status":"open","sticky":false,"template":"","format":"standard","meta":{"site-sidebar-layout":"default","site-content-layout":"","ast-site-content-layout":"","site-content-style":"default","site-sidebar-style":"default","ast-global-header-display":"","ast-banner-title-visibility":"","ast-main-header-display":"","ast-hfb-above-header-display":"","ast-hfb-below-header-display":"","ast-hfb-mobile-header-display":"","site-post-title":"","ast-breadcrumbs-content":"","ast-featured-img":"","footer-sml-layout":"","theme-transparent-header-meta":"","adv-header-id-meta":"","stick-header-meta":"","header-above-stick-meta":"","header-main-stick-meta":"","header-below-stick-meta":"","astra-migrate-meta-layouts":"default","ast-page-background-enabled":"default","ast-page-background-meta":{"desktop":{"background-color":"var(--ast-global-color-4)","background-image":"","background-repeat":"repeat","background-position":"center center","background-size":"auto","background-attachment":"scroll","background-type":"","background-media":"","overlay-type":"","overlay-color":"","overlay-gradient":""},"tablet":{"background-color":"","background-image":"","background-repeat":"repeat","background-position":"center center","background-size":"auto","background-attachment":"scroll","background-type":"","background-media":"","overlay-type":"","overlay-color":"","overlay-gradient":""},"mobile":{"background-color":"","background-image":"","background-repeat":"repeat","background-position":"center center","background-size":"auto","background-attachment":"scroll","background-type":"","background-media":"","overlay-type":"","overlay-color":"","overlay-gradient":""}},"ast-content-background-meta":{"desktop":{"background-color":"var(--ast-global-color-5)","background-image":"","background-repeat":"repeat","background-position":"center center","background-size":"auto","background-attachment":"scroll","background-type":"","background-media":"","overlay-type":"","overlay-color":"","overlay-gradient":""},"tablet":{"background-color":"var(--ast-global-color-5)","background-image":"","background-repeat":"repeat","background-position":"center center","background-size":"auto","background-attachment":"scroll","background-type":"","background-media":"","overlay-type":"","overlay-color":"","overlay-gradient":""},"mobile":{"background-color":"var(--ast-global-color-5)","background-image":"","background-repeat":"repeat","background-position":"center center","background-size":"auto","background-attachment":"scroll","background-type":"","background-media":"","overlay-type":"","overlay-color":"","overlay-gradient":""}},"footnotes":""},"categories":[612,1450,979],"tags":[174316,22881,24409,18971,9449,46277],"class_list":["post-81770","post","type-post","status-publish","format-standard","hentry","category-ciencias-juridicas-y-derecho","category-derecho-constitucional","category-derecho-y-legislacion-nacionales","tag-carmen-parra-mundaca","tag-eloy-garcia-lopez","tag-francisco-fernandez-segado","tag-pablo-lucas-verdu","tag-pedro-de-vega-garcia","tag-raul-leopoldo-canosa-usera"],"_links":{"self":[{"href":"https:\/\/www.deberes.net\/tesis\/wp-json\/wp\/v2\/posts\/81770","targetHints":{"allow":["GET"]}}],"collection":[{"href":"https:\/\/www.deberes.net\/tesis\/wp-json\/wp\/v2\/posts"}],"about":[{"href":"https:\/\/www.deberes.net\/tesis\/wp-json\/wp\/v2\/types\/post"}],"author":[{"embeddable":true,"href":"https:\/\/www.deberes.net\/tesis\/wp-json\/wp\/v2\/users\/1"}],"replies":[{"embeddable":true,"href":"https:\/\/www.deberes.net\/tesis\/wp-json\/wp\/v2\/comments?post=81770"}],"version-history":[{"count":0,"href":"https:\/\/www.deberes.net\/tesis\/wp-json\/wp\/v2\/posts\/81770\/revisions"}],"wp:attachment":[{"href":"https:\/\/www.deberes.net\/tesis\/wp-json\/wp\/v2\/media?parent=81770"}],"wp:term":[{"taxonomy":"category","embeddable":true,"href":"https:\/\/www.deberes.net\/tesis\/wp-json\/wp\/v2\/categories?post=81770"},{"taxonomy":"post_tag","embeddable":true,"href":"https:\/\/www.deberes.net\/tesis\/wp-json\/wp\/v2\/tags?post=81770"}],"curies":[{"name":"wp","href":"https:\/\/api.w.org\/{rel}","templated":true}]}}