{"id":8180,"date":"1995-01-01T00:00:00","date_gmt":"1995-01-01T00:00:00","guid":{"rendered":"https:\/\/www.deberes.net\/tesis\/1995\/01\/01\/el-diezmo-y-la-iglesia\/"},"modified":"1995-01-01T00:00:00","modified_gmt":"1995-01-01T00:00:00","slug":"el-diezmo-y-la-iglesia","status":"publish","type":"post","link":"https:\/\/www.deberes.net\/tesis\/historia\/el-diezmo-y-la-iglesia\/","title":{"rendered":"El diezmo y la iglesia."},"content":{"rendered":"<h2>Tesis doctoral de <strong> Santiago Iba\u00f1ez Rodriguez <\/strong><\/h2>\n<p>A partir del estudio economico de las rentas de la diocesis de calahorra y la calzada y, especialmente, de la rioja, durante todo el antiguo regimen, se analizan dos temas de especial importancia en la historiografia espa\u00f1ola: el diezmo y la iglesia.La primera parte se dedica a la detraccion decimal del producto agrario y de la primicia. Una vez delimitadas y definidas las rentas se aborda la disputa entre el clero secular y el regular por el diezmo; mientras aquel intenta mantener el monopolio de la detraccion de cuanto produce la tierra en exclusiva, este pretende hacer valer las exenciones papales para liberar a sus propiedad de semejante carga.  se observa los procesos que se siguen para su obtencion, las caracteristicas de las jurisdiccion decimales, los mecanismos mediatos que hacen posible su cobro y los gastos que ocasionan. La primera parte se completa con los regimenes de explotacion del diezmo y las primicias y se apuntan las condiciones que se deben observar para utilizar el diezmo como fuente de la evolucion agraria.  en la segunda parte, el diezmo es considerado como una de las rentas mas importantes del clero desde el siglo xvi al xviii. Una vez comprobada que la propiedad del diezmo no vario durante toda la edad moderna, se analiza la redistribucion de las rentas decimales y su impacto economico en la diocesis estudiando los ingresos de las diferentes personas e instituciones del estamento eclesiastico, desde el cura parroco al prelado, de la parroquia local a las mesas catedrales de los monasterios al rey.<\/p>\n<p>&nbsp;<\/p>\n<h3>Datos acad\u00e9micos de la tesis doctoral \u00ab<strong>El diezmo y la iglesia.<\/strong>\u00ab<\/h3>\n<ul>\n<li><strong>T\u00edtulo de la tesis:<\/strong>\u00a0 El diezmo y la iglesia. <\/li>\n<li><strong>Autor:<\/strong>\u00a0 Santiago Iba\u00f1ez Rodriguez <\/li>\n<li><strong>Universidad:<\/strong>\u00a0 Zaragoza<\/li>\n<li><strong>Fecha de lectura de la tesis:<\/strong>\u00a0 01\/01\/1995<\/li>\n<\/ul>\n<p>&nbsp;<\/p>\n<h3>Direcci\u00f3n y tribunal<\/h3>\n<ul>\n<li><strong>Director de la tesis<\/strong>\n<ul>\n<li> Gomez Urda\u00f1ez Jos\u00e9 Luis<\/li>\n<\/ul>\n<\/li>\n<li><strong>Tribunal<\/strong>\n<ul>\n<li>Presidente del tribunal: Teofanes Egido Lopez <\/li>\n<li>Juli\u00e1n Montemayor (vocal)<\/li>\n<li>Roberto Fernandez Diaz (vocal)<\/li>\n<li>Miguel \u00e1ngel Mel\u00f3n Jim\u00e9nez (vocal)<\/li>\n<\/ul>\n<\/li>\n<\/ul>\n<p>&nbsp;<\/p>\n","protected":false},"excerpt":{"rendered":"<p>Tesis doctoral de Santiago Iba\u00f1ez Rodriguez A partir del estudio economico de las rentas de la diocesis de calahorra y [&hellip;]<\/p>\n","protected":false},"author":1,"featured_media":0,"comment_status":"open","ping_status":"open","sticky":false,"template":"","format":"standard","meta":{"site-sidebar-layout":"default","site-content-layout":"","ast-site-content-layout":"","site-content-style":"default","site-sidebar-style":"default","ast-global-header-display":"","ast-banner-title-visibility":"","ast-main-header-display":"","ast-hfb-above-header-display":"","ast-hfb-below-header-display":"","ast-hfb-mobile-header-display":"","site-post-title":"","ast-breadcrumbs-content":"","ast-featured-img":"","footer-sml-layout":"","theme-transparent-header-meta":"","adv-header-id-meta":"","stick-header-meta":"","header-above-stick-meta":"","header-main-stick-meta":"","header-below-stick-meta":"","astra-migrate-meta-layouts":"default","ast-page-background-enabled":"default","ast-page-background-meta":{"desktop":{"background-color":"var(--ast-global-color-4)","background-image":"","background-repeat":"repeat","background-position":"center center","background-size":"auto","background-attachment":"scroll","background-type":"","background-media":"","overlay-type":"","overlay-color":"","overlay-gradient":""},"tablet":{"background-color":"","background-image":"","background-repeat":"repeat","background-position":"center center","background-size":"auto","background-attachment":"scroll","background-type":"","background-media":"","overlay-type":"","overlay-color":"","overlay-gradient":""},"mobile":{"background-color":"","background-image":"","background-repeat":"repeat","background-position":"center center","background-size":"auto","background-attachment":"scroll","background-type":"","background-media":"","overlay-type":"","overlay-color":"","overlay-gradient":""}},"ast-content-background-meta":{"desktop":{"background-color":"var(--ast-global-color-5)","background-image":"","background-repeat":"repeat","background-position":"center center","background-size":"auto","background-attachment":"scroll","background-type":"","background-media":"","overlay-type":"","overlay-color":"","overlay-gradient":""},"tablet":{"background-color":"var(--ast-global-color-5)","background-image":"","background-repeat":"repeat","background-position":"center center","background-size":"auto","background-attachment":"scroll","background-type":"","background-media":"","overlay-type":"","overlay-color":"","overlay-gradient":""},"mobile":{"background-color":"var(--ast-global-color-5)","background-image":"","background-repeat":"repeat","background-position":"center center","background-size":"auto","background-attachment":"scroll","background-type":"","background-media":"","overlay-type":"","overlay-color":"","overlay-gradient":""}},"footnotes":""},"categories":[104,3967,1015,220,222,13610],"tags":[28803,28804,28805,12528,28802,3360],"class_list":["post-8180","post","type-post","status-publish","format-standard","hentry","category-historia","category-historia-de-la-iglesia","category-historia-moderna-del-area-europea","category-historia-por-epocas","category-historias-especializadas","category-zaragoza","tag-gomez-urdanez-jose-luis","tag-julian-montemayor","tag-miguel-angel-melon-jimenez","tag-roberto-fernandez-diaz","tag-santiago-ibanez-rodriguez","tag-teofanes-egido-lopez"],"_links":{"self":[{"href":"https:\/\/www.deberes.net\/tesis\/wp-json\/wp\/v2\/posts\/8180","targetHints":{"allow":["GET"]}}],"collection":[{"href":"https:\/\/www.deberes.net\/tesis\/wp-json\/wp\/v2\/posts"}],"about":[{"href":"https:\/\/www.deberes.net\/tesis\/wp-json\/wp\/v2\/types\/post"}],"author":[{"embeddable":true,"href":"https:\/\/www.deberes.net\/tesis\/wp-json\/wp\/v2\/users\/1"}],"replies":[{"embeddable":true,"href":"https:\/\/www.deberes.net\/tesis\/wp-json\/wp\/v2\/comments?post=8180"}],"version-history":[{"count":0,"href":"https:\/\/www.deberes.net\/tesis\/wp-json\/wp\/v2\/posts\/8180\/revisions"}],"wp:attachment":[{"href":"https:\/\/www.deberes.net\/tesis\/wp-json\/wp\/v2\/media?parent=8180"}],"wp:term":[{"taxonomy":"category","embeddable":true,"href":"https:\/\/www.deberes.net\/tesis\/wp-json\/wp\/v2\/categories?post=8180"},{"taxonomy":"post_tag","embeddable":true,"href":"https:\/\/www.deberes.net\/tesis\/wp-json\/wp\/v2\/tags?post=8180"}],"curies":[{"name":"wp","href":"https:\/\/api.w.org\/{rel}","templated":true}]}}