{"id":81845,"date":"2018-03-10T00:05:45","date_gmt":"2018-03-10T00:05:45","guid":{"rendered":"https:\/\/www.deberes.net\/tesis\/sin-categoria\/el-poder-de-control-del-empresario-en-la-relacion-laboral\/"},"modified":"2018-03-10T00:05:45","modified_gmt":"2018-03-10T00:05:45","slug":"el-poder-de-control-del-empresario-en-la-relacion-laboral","status":"publish","type":"post","link":"https:\/\/www.deberes.net\/tesis\/derecho-del-trabajo-y-de-la-seguridad-social\/el-poder-de-control-del-empresario-en-la-relacion-laboral\/","title":{"rendered":"El poder de control del empresario en la relaci\u00f3n laboral"},"content":{"rendered":"<h2>Tesis doctoral de <strong> Daniel Mart\u00ednez Fons <\/strong><\/h2>\n<p>La facultad de control empresarial constituye un instrumento esencial para la satisfacci\u00f3n del inter\u00e9s del empresario en la relaci\u00f3n de trabajo. En lso \u00faltimos tiempos, la aplicaci\u00f3n de nuevas tecnolog\u00edas en el control de los trabajadores, as\u00ed como el replanteamiento del papel de \u00e9stos en el seno de las organizaciones empresariales ha puesto de manifiesto un verdadero riesgo de corrupci\u00f3n de la subordinaci\u00f3n jur\u00eddica en la que descansa el contrato de trabajo.     a trav\u00e9s del estuido delos distintos medios de control y su repercusi\u00f3n en la esfera personal del trabajador, se ha tratado de analizar la efectividad y suficiencia de los l\u00edmites jur\u00eddicos que encauzan el ejercicio de la facultad empresarial de control, ante la situaci\u00f3n descrita.     as\u00ed, por un lado, se analiza la articulaci\u00f3n de los derechos fundamentales en la limitaci\u00f3n del a facultad empresarial de control. Por otro, se abordan los mecanismos de compensaci\u00f3n que, a nivel colectivo, prev\u00e9 el legislador.<\/p>\n<p>&nbsp;<\/p>\n<h3>Datos acad\u00e9micos de la tesis doctoral \u00ab<strong>El poder de control del empresario en la relaci\u00f3n laboral<\/strong>\u00ab<\/h3>\n<ul>\n<li><strong>T\u00edtulo de la tesis:<\/strong>\u00a0 El poder de control del empresario en la relaci\u00f3n laboral <\/li>\n<li><strong>Autor:<\/strong>\u00a0 Daniel Mart\u00ednez Fons <\/li>\n<li><strong>Universidad:<\/strong>\u00a0 Pompeu fabra<\/li>\n<li><strong>Fecha de lectura de la tesis:<\/strong>\u00a0 17\/12\/1999<\/li>\n<\/ul>\n<p>&nbsp;<\/p>\n<h3>Direcci\u00f3n y tribunal<\/h3>\n<ul>\n<li><strong>Director de la tesis<\/strong>\n<ul>\n<li>Salvador Del Rey Guanter<\/li>\n<\/ul>\n<\/li>\n<li><strong>Tribunal<\/strong>\n<ul>\n<li>Presidente del tribunal: Antonio Mart\u00edn Valverde <\/li>\n<li>Marc Carrillo Lopez (vocal)<\/li>\n<li>Francisco P\u00e9rez De Los Cobos Orihuel (vocal)<\/li>\n<li>Jes\u00fas Cruz Villal\u00f3n (vocal)<\/li>\n<\/ul>\n<\/li>\n<\/ul>\n<p>&nbsp;<\/p>\n","protected":false},"excerpt":{"rendered":"<p>Tesis doctoral de Daniel Mart\u00ednez Fons La facultad de control empresarial constituye un instrumento esencial para la satisfacci\u00f3n del inter\u00e9s [&hellip;]<\/p>\n","protected":false},"author":1,"featured_media":0,"comment_status":"open","ping_status":"open","sticky":false,"template":"","format":"standard","meta":{"site-sidebar-layout":"default","site-content-layout":"","ast-site-content-layout":"","site-content-style":"default","site-sidebar-style":"default","ast-global-header-display":"","ast-banner-title-visibility":"","ast-main-header-display":"","ast-hfb-above-header-display":"","ast-hfb-below-header-display":"","ast-hfb-mobile-header-display":"","site-post-title":"","ast-breadcrumbs-content":"","ast-featured-img":"","footer-sml-layout":"","theme-transparent-header-meta":"","adv-header-id-meta":"","stick-header-meta":"","header-above-stick-meta":"","header-main-stick-meta":"","header-below-stick-meta":"","astra-migrate-meta-layouts":"default","ast-page-background-enabled":"default","ast-page-background-meta":{"desktop":{"background-color":"var(--ast-global-color-4)","background-image":"","background-repeat":"repeat","background-position":"center center","background-size":"auto","background-attachment":"scroll","background-type":"","background-media":"","overlay-type":"","overlay-color":"","overlay-gradient":""},"tablet":{"background-color":"","background-image":"","background-repeat":"repeat","background-position":"center center","background-size":"auto","background-attachment":"scroll","background-type":"","background-media":"","overlay-type":"","overlay-color":"","overlay-gradient":""},"mobile":{"background-color":"","background-image":"","background-repeat":"repeat","background-position":"center center","background-size":"auto","background-attachment":"scroll","background-type":"","background-media":"","overlay-type":"","overlay-color":"","overlay-gradient":""}},"ast-content-background-meta":{"desktop":{"background-color":"var(--ast-global-color-5)","background-image":"","background-repeat":"repeat","background-position":"center center","background-size":"auto","background-attachment":"scroll","background-type":"","background-media":"","overlay-type":"","overlay-color":"","overlay-gradient":""},"tablet":{"background-color":"var(--ast-global-color-5)","background-image":"","background-repeat":"repeat","background-position":"center center","background-size":"auto","background-attachment":"scroll","background-type":"","background-media":"","overlay-type":"","overlay-color":"","overlay-gradient":""},"mobile":{"background-color":"var(--ast-global-color-5)","background-image":"","background-repeat":"repeat","background-position":"center center","background-size":"auto","background-attachment":"scroll","background-type":"","background-media":"","overlay-type":"","overlay-color":"","overlay-gradient":""}},"footnotes":""},"categories":[2170,18712],"tags":[11489,174437,36384,26865,9368,2175],"class_list":["post-81845","post","type-post","status-publish","format-standard","hentry","category-derecho-del-trabajo-y-de-la-seguridad-social","category-pompeu-fabra","tag-antonio-martin-valverde","tag-daniel-Martinez-fons","tag-francisco-perez-de-los-cobos-orihuel","tag-jesus-cruz-villalon","tag-marc-carrillo-lopez","tag-salvador-del-rey-guanter"],"_links":{"self":[{"href":"https:\/\/www.deberes.net\/tesis\/wp-json\/wp\/v2\/posts\/81845","targetHints":{"allow":["GET"]}}],"collection":[{"href":"https:\/\/www.deberes.net\/tesis\/wp-json\/wp\/v2\/posts"}],"about":[{"href":"https:\/\/www.deberes.net\/tesis\/wp-json\/wp\/v2\/types\/post"}],"author":[{"embeddable":true,"href":"https:\/\/www.deberes.net\/tesis\/wp-json\/wp\/v2\/users\/1"}],"replies":[{"embeddable":true,"href":"https:\/\/www.deberes.net\/tesis\/wp-json\/wp\/v2\/comments?post=81845"}],"version-history":[{"count":0,"href":"https:\/\/www.deberes.net\/tesis\/wp-json\/wp\/v2\/posts\/81845\/revisions"}],"wp:attachment":[{"href":"https:\/\/www.deberes.net\/tesis\/wp-json\/wp\/v2\/media?parent=81845"}],"wp:term":[{"taxonomy":"category","embeddable":true,"href":"https:\/\/www.deberes.net\/tesis\/wp-json\/wp\/v2\/categories?post=81845"},{"taxonomy":"post_tag","embeddable":true,"href":"https:\/\/www.deberes.net\/tesis\/wp-json\/wp\/v2\/tags?post=81845"}],"curies":[{"name":"wp","href":"https:\/\/api.w.org\/{rel}","templated":true}]}}