{"id":81851,"date":"2018-03-10T00:05:45","date_gmt":"2018-03-10T00:05:45","guid":{"rendered":"https:\/\/www.deberes.net\/tesis\/sin-categoria\/las-expresiones-referenciales-estudio-semantico-del-sintagma-nominal\/"},"modified":"2018-03-10T00:05:45","modified_gmt":"2018-03-10T00:05:45","slug":"las-expresiones-referenciales-estudio-semantico-del-sintagma-nominal","status":"publish","type":"post","link":"https:\/\/www.deberes.net\/tesis\/linguistica\/las-expresiones-referenciales-estudio-semantico-del-sintagma-nominal\/","title":{"rendered":"Las expresiones referenciales. estudio sem\u00e1ntico del sintagma nominal"},"content":{"rendered":"<h2>Tesis doctoral de <strong> Mar\u00eda  Amparo Alcina Caudet <\/strong><\/h2>\n<p>El objetivo de esta tesis es el estudio de los sintagmas nominales desde el punto de vista de la referencia, es decir, como expresiones referenciales que aportan informacion sobre c\u00f3mo son los objetos a los que los hablantes aluden y c\u00f3mo se relacionan con el hablante y con el oyente. Este enfoque en el estudio del sintagmas nominales seg\u00fan el tipo de referencia que aportan a la oraci\u00f3n y se estudia su estructura seg\u00fan ese tipo de referencia. Se demuestra, de este modo, que el estudio sem\u00e1ntico del sintagma nominal aporta datos relevantes sobre su estructura sint\u00e1ctica.  todo sintagma nominal que invoca una representaci\u00f3n mental de un objeto o clase de objetos y que puede funcionar como antecedentes de otros sintagmas nominales en una expresi\u00f3n referencial.  el an\u00e1lisis sem\u00e1ntico de los sintagmas nominales conduce a distintas interpretaciones relacionadas con los referentes a los que aluden. Se puede distinguir los siguientes criterios para la clasificaci\u00f3n de las expresiones referenciales:  1.- Atendiendo a la existencia del referente:referente real y referente irreal.  2.- Atendiendo a la identificabilidad del referente en la realidad extraling\u00ed\u00bcistica: referencia mentadora y referencia atributiva.  3.- Atendiendo a la extensi\u00f3n: referencia cero, referencia individual, referencia fraccionaria y referencia a una clase.  4.- Atendiendo a la existencia en el universo del discurso: referente nuevo y referente evocado.  5.- Atendiendo a la identificabilidad del referente en el universo del discurso: marcadores de accesibilidad alta, intermedia y baja.  6.- Atendiendo a que la expresi\u00f3n aluda a un conjunto de referentes pragm\u00e1ticamente delimitado: referencia inclusiva y referencia exclusiva.<\/p>\n<p>&nbsp;<\/p>\n<h3>Datos acad\u00e9micos de la tesis doctoral \u00ab<strong>Las expresiones referenciales. estudio sem\u00e1ntico del sintagma nominal<\/strong>\u00ab<\/h3>\n<ul>\n<li><strong>T\u00edtulo de la tesis:<\/strong>\u00a0 Las expresiones referenciales. estudio sem\u00e1ntico del sintagma nominal <\/li>\n<li><strong>Autor:<\/strong>\u00a0 Mar\u00eda  Amparo Alcina Caudet <\/li>\n<li><strong>Universidad:<\/strong>\u00a0 Universitat de val\u00e9ncia (estudi general)<\/li>\n<li><strong>Fecha de lectura de la tesis:<\/strong>\u00a0 18\/12\/1999<\/li>\n<\/ul>\n<p>&nbsp;<\/p>\n<h3>Direcci\u00f3n y tribunal<\/h3>\n<ul>\n<li><strong>Director de la tesis<\/strong>\n<ul>\n<li>Manuel Pru\u00f1onosa Tom\u00e1s<\/li>\n<\/ul>\n<\/li>\n<li><strong>Tribunal<\/strong>\n<ul>\n<li>Presidente del tribunal: \u00e1ngel L\u00f3pez Garc\u00eda <\/li>\n<li>salvador Guti\u00e9rrez ord\u00f3\u00f1ez (vocal)<\/li>\n<li>ram\u00f3n Cerd\u00ed\u00a0 mass\u00f3 (vocal)<\/li>\n<li>adoraci\u00f3n S\u00e1nchez Garc\u00eda (vocal)<\/li>\n<\/ul>\n<\/li>\n<\/ul>\n<p>&nbsp;<\/p>\n","protected":false},"excerpt":{"rendered":"<p>Tesis doctoral de Mar\u00eda Amparo Alcina Caudet El objetivo de esta tesis es el estudio de los sintagmas nominales desde [&hellip;]<\/p>\n","protected":false},"author":1,"featured_media":0,"comment_status":"open","ping_status":"open","sticky":false,"template":"","format":"standard","meta":{"site-sidebar-layout":"default","site-content-layout":"","ast-site-content-layout":"","site-content-style":"default","site-sidebar-style":"default","ast-global-header-display":"","ast-banner-title-visibility":"","ast-main-header-display":"","ast-hfb-above-header-display":"","ast-hfb-below-header-display":"","ast-hfb-mobile-header-display":"","site-post-title":"","ast-breadcrumbs-content":"","ast-featured-img":"","footer-sml-layout":"","theme-transparent-header-meta":"","adv-header-id-meta":"","stick-header-meta":"","header-above-stick-meta":"","header-main-stick-meta":"","header-below-stick-meta":"","astra-migrate-meta-layouts":"default","ast-page-background-enabled":"default","ast-page-background-meta":{"desktop":{"background-color":"var(--ast-global-color-4)","background-image":"","background-repeat":"repeat","background-position":"center center","background-size":"auto","background-attachment":"scroll","background-type":"","background-media":"","overlay-type":"","overlay-color":"","overlay-gradient":""},"tablet":{"background-color":"","background-image":"","background-repeat":"repeat","background-position":"center center","background-size":"auto","background-attachment":"scroll","background-type":"","background-media":"","overlay-type":"","overlay-color":"","overlay-gradient":""},"mobile":{"background-color":"","background-image":"","background-repeat":"repeat","background-position":"center center","background-size":"auto","background-attachment":"scroll","background-type":"","background-media":"","overlay-type":"","overlay-color":"","overlay-gradient":""}},"ast-content-background-meta":{"desktop":{"background-color":"var(--ast-global-color-5)","background-image":"","background-repeat":"repeat","background-position":"center center","background-size":"auto","background-attachment":"scroll","background-type":"","background-media":"","overlay-type":"","overlay-color":"","overlay-gradient":""},"tablet":{"background-color":"var(--ast-global-color-5)","background-image":"","background-repeat":"repeat","background-position":"center center","background-size":"auto","background-attachment":"scroll","background-type":"","background-media":"","overlay-type":"","overlay-color":"","overlay-gradient":""},"mobile":{"background-color":"var(--ast-global-color-5)","background-image":"","background-repeat":"repeat","background-position":"center center","background-size":"auto","background-attachment":"scroll","background-type":"","background-media":"","overlay-type":"","overlay-color":"","overlay-gradient":""}},"footnotes":""},"categories":[59,62,886],"tags":[19121,1515,58586,77805,68,3018],"class_list":["post-81851","post","type-post","status-publish","format-standard","hentry","category-linguistica","category-linguistica-sincronica","category-semantica","tag-adoracion-sanchez-garcia","tag-angel-lopez-garcia","tag-manuel-prunonosa-tomas","tag-maria-amparo-alcina-caudet","tag-ramon-cerdi-masso","tag-salvador-gutierrez-ordonez"],"_links":{"self":[{"href":"https:\/\/www.deberes.net\/tesis\/wp-json\/wp\/v2\/posts\/81851","targetHints":{"allow":["GET"]}}],"collection":[{"href":"https:\/\/www.deberes.net\/tesis\/wp-json\/wp\/v2\/posts"}],"about":[{"href":"https:\/\/www.deberes.net\/tesis\/wp-json\/wp\/v2\/types\/post"}],"author":[{"embeddable":true,"href":"https:\/\/www.deberes.net\/tesis\/wp-json\/wp\/v2\/users\/1"}],"replies":[{"embeddable":true,"href":"https:\/\/www.deberes.net\/tesis\/wp-json\/wp\/v2\/comments?post=81851"}],"version-history":[{"count":0,"href":"https:\/\/www.deberes.net\/tesis\/wp-json\/wp\/v2\/posts\/81851\/revisions"}],"wp:attachment":[{"href":"https:\/\/www.deberes.net\/tesis\/wp-json\/wp\/v2\/media?parent=81851"}],"wp:term":[{"taxonomy":"category","embeddable":true,"href":"https:\/\/www.deberes.net\/tesis\/wp-json\/wp\/v2\/categories?post=81851"},{"taxonomy":"post_tag","embeddable":true,"href":"https:\/\/www.deberes.net\/tesis\/wp-json\/wp\/v2\/tags?post=81851"}],"curies":[{"name":"wp","href":"https:\/\/api.w.org\/{rel}","templated":true}]}}