{"id":81881,"date":"2018-03-10T00:05:50","date_gmt":"2018-03-10T00:05:50","guid":{"rendered":"https:\/\/www.deberes.net\/tesis\/sin-categoria\/desastres-y-procesos-psicosociales-desde-la-crisis-en-la-gestion-hacia-la-gestion-de-la-crisis\/"},"modified":"2018-03-10T00:05:50","modified_gmt":"2018-03-10T00:05:50","slug":"desastres-y-procesos-psicosociales-desde-la-crisis-en-la-gestion-hacia-la-gestion-de-la-crisis","status":"publish","type":"post","link":"https:\/\/www.deberes.net\/tesis\/psicologia\/desastres-y-procesos-psicosociales-desde-la-crisis-en-la-gestion-hacia-la-gestion-de-la-crisis\/","title":{"rendered":"Desastres y procesos psicosociales. desde la crisis en la gestion hacia la gesti\u00f3n de la crisis."},"content":{"rendered":"<h2>Tesis doctoral de <strong> Beatriz Cortes Canarella <\/strong><\/h2>\n<p>El an\u00e1lisis de emergencias y desastres cosntituye un \u00e1mbito de investigaci\u00f3n no s\u00f3lo novoedos sino tambi\u00e9n privilegiado para las ciencias sociales en general, y para la psicolog\u00eda social en particular. La presente tesis organiza, en primer lugar, una lectura hist\u00f3rica de las aportaciones sociolog\u00edcas y psicol\u00f3gicas al estudio de estos temas, contextualizando los cambios en las orientaciones te\u00f3ricas y explicitando los principales interrogantes ceint\u00edficos de cada uno de los per\u00edodos identificados. Tal historia cient\u00edfico-social permite vislumbrar unnovedoso campo: el de la gesti\u00f3n de crisis, que aspira a desterrar las connotaciones de mala suerte y fatalidad imbricadas eitmol\u00f3gicamente a la palabra desastre.  el concepto de crisis se convierte as\u00ed en el hilo conductor de la investigaci\u00f3n em\u00edricia que se presenta en segundo t\u00e9rmino. Proyectando la investigaci\u00f3n de crisis industrailes a ambientes urbanos vulnerables, y se desarrolla una propuesta metodol\u00f3gica para la reconstrucci\u00f3n y diagn\u00f3stico de dos casos de grandes incendios en la ciudad de Madrid. El an\u00e1lisis comparativo de \u00e9stos es el recurso escog\u00eddo para hacer inferencias acerca de los procesos piscosociales en ellos impl\u00edcados.  si la expresi\u00f3n crisis en la gesti\u00f3n supone recalcar los aspectos de incertidubmre, desorganizaci\u00f3n, estr\u00e9s y perturbaci\u00f3n en situaciones que exigen tomar decisiones y actuar contra reloj, ser\u00e1n los postulados de la gesti\u00f3n de crisis los que permitan captar los procesos organizacionales subyacentes de l as mismas y los que se movilizan al afrontarlas.  Es decir, trascendiendo los factores que operan como meros desencadenantes se resit\u00faan aquellos que pueden contribuir entareas de prevenci\u00f3n.  por ello se concluye con un esbozo de modelo integrador de compos de investigaci\u00f3n de riesgos, crisis y desastres que art\u00edcula conceptualmente diversas \u00e1reas de especializaci\u00f3n; las mismas han alcanzado distintos grados de ma<\/p>\n<p>&nbsp;<\/p>\n<h3>Datos acad\u00e9micos de la tesis doctoral \u00ab<strong>Desastres y procesos psicosociales. desde la crisis en la gestion hacia la gesti\u00f3n de la crisis.<\/strong>\u00ab<\/h3>\n<ul>\n<li><strong>T\u00edtulo de la tesis:<\/strong>\u00a0 Desastres y procesos psicosociales. desde la crisis en la gestion hacia la gesti\u00f3n de la crisis. <\/li>\n<li><strong>Autor:<\/strong>\u00a0 Beatriz Cortes Canarella <\/li>\n<li><strong>Universidad:<\/strong>\u00a0 Complutense de Madrid<\/li>\n<li><strong>Fecha de lectura de la tesis:<\/strong>\u00a0 20\/12\/1999<\/li>\n<\/ul>\n<p>&nbsp;<\/p>\n<h3>Direcci\u00f3n y tribunal<\/h3>\n<ul>\n<li><strong>Director de la tesis<\/strong>\n<ul>\n<li>Juan  Ignacio Aragon\u00e9s Tapia<\/li>\n<\/ul>\n<\/li>\n<li><strong>Tribunal<\/strong>\n<ul>\n<li>Presidente del tribunal: rosario Martinez arias <\/li>\n<li>isabel Lopez barrio (vocal)<\/li>\n<li>Mar\u00eda Amergio cuervo arango (vocal)<\/li>\n<li>lupicinio I\u00f1iguez rueda (vocal)<\/li>\n<\/ul>\n<\/li>\n<\/ul>\n<p>&nbsp;<\/p>\n","protected":false},"excerpt":{"rendered":"<p>Tesis doctoral de Beatriz Cortes Canarella El an\u00e1lisis de emergencias y desastres cosntituye un \u00e1mbito de investigaci\u00f3n no s\u00f3lo novoedos [&hellip;]<\/p>\n","protected":false},"author":1,"featured_media":0,"comment_status":"open","ping_status":"open","sticky":false,"template":"","format":"standard","meta":{"site-sidebar-layout":"default","site-content-layout":"","ast-site-content-layout":"","site-content-style":"default","site-sidebar-style":"default","ast-global-header-display":"","ast-banner-title-visibility":"","ast-main-header-display":"","ast-hfb-above-header-display":"","ast-hfb-below-header-display":"","ast-hfb-mobile-header-display":"","site-post-title":"","ast-breadcrumbs-content":"","ast-featured-img":"","footer-sml-layout":"","theme-transparent-header-meta":"","adv-header-id-meta":"","stick-header-meta":"","header-above-stick-meta":"","header-main-stick-meta":"","header-below-stick-meta":"","astra-migrate-meta-layouts":"default","ast-page-background-enabled":"default","ast-page-background-meta":{"desktop":{"background-color":"var(--ast-global-color-4)","background-image":"","background-repeat":"repeat","background-position":"center center","background-size":"auto","background-attachment":"scroll","background-type":"","background-media":"","overlay-type":"","overlay-color":"","overlay-gradient":""},"tablet":{"background-color":"","background-image":"","background-repeat":"repeat","background-position":"center center","background-size":"auto","background-attachment":"scroll","background-type":"","background-media":"","overlay-type":"","overlay-color":"","overlay-gradient":""},"mobile":{"background-color":"","background-image":"","background-repeat":"repeat","background-position":"center center","background-size":"auto","background-attachment":"scroll","background-type":"","background-media":"","overlay-type":"","overlay-color":"","overlay-gradient":""}},"ast-content-background-meta":{"desktop":{"background-color":"var(--ast-global-color-5)","background-image":"","background-repeat":"repeat","background-position":"center center","background-size":"auto","background-attachment":"scroll","background-type":"","background-media":"","overlay-type":"","overlay-color":"","overlay-gradient":""},"tablet":{"background-color":"var(--ast-global-color-5)","background-image":"","background-repeat":"repeat","background-position":"center center","background-size":"auto","background-attachment":"scroll","background-type":"","background-media":"","overlay-type":"","overlay-color":"","overlay-gradient":""},"mobile":{"background-color":"var(--ast-global-color-5)","background-image":"","background-repeat":"repeat","background-position":"center center","background-size":"auto","background-attachment":"scroll","background-type":"","background-media":"","overlay-type":"","overlay-color":"","overlay-gradient":""}},"footnotes":""},"categories":[324,996,21119],"tags":[143933,28260,7229,1171,174492,5937],"class_list":["post-81881","post","type-post","status-publish","format-standard","hentry","category-psicologia","category-psicologia-social","category-resolucion-de-conflictos","tag-beatriz-cortes-canarella","tag-isabel-lopez-barrio","tag-juan-ignacio-aragones-tapia","tag-lupicinio-iniguez-rueda","tag-maria-amergio-cuervo-arango","tag-rosario-Martinez-arias"],"_links":{"self":[{"href":"https:\/\/www.deberes.net\/tesis\/wp-json\/wp\/v2\/posts\/81881","targetHints":{"allow":["GET"]}}],"collection":[{"href":"https:\/\/www.deberes.net\/tesis\/wp-json\/wp\/v2\/posts"}],"about":[{"href":"https:\/\/www.deberes.net\/tesis\/wp-json\/wp\/v2\/types\/post"}],"author":[{"embeddable":true,"href":"https:\/\/www.deberes.net\/tesis\/wp-json\/wp\/v2\/users\/1"}],"replies":[{"embeddable":true,"href":"https:\/\/www.deberes.net\/tesis\/wp-json\/wp\/v2\/comments?post=81881"}],"version-history":[{"count":0,"href":"https:\/\/www.deberes.net\/tesis\/wp-json\/wp\/v2\/posts\/81881\/revisions"}],"wp:attachment":[{"href":"https:\/\/www.deberes.net\/tesis\/wp-json\/wp\/v2\/media?parent=81881"}],"wp:term":[{"taxonomy":"category","embeddable":true,"href":"https:\/\/www.deberes.net\/tesis\/wp-json\/wp\/v2\/categories?post=81881"},{"taxonomy":"post_tag","embeddable":true,"href":"https:\/\/www.deberes.net\/tesis\/wp-json\/wp\/v2\/tags?post=81881"}],"curies":[{"name":"wp","href":"https:\/\/api.w.org\/{rel}","templated":true}]}}