{"id":81882,"date":"2018-03-10T00:05:50","date_gmt":"2018-03-10T00:05:50","guid":{"rendered":"https:\/\/www.deberes.net\/tesis\/sin-categoria\/los-derechos-fundamentales-de-contenido-social\/"},"modified":"2018-03-10T00:05:50","modified_gmt":"2018-03-10T00:05:50","slug":"los-derechos-fundamentales-de-contenido-social","status":"publish","type":"post","link":"https:\/\/www.deberes.net\/tesis\/ciencias-juridicas-y-derecho\/los-derechos-fundamentales-de-contenido-social\/","title":{"rendered":"Los derechos fundamentales de contenido social"},"content":{"rendered":"<h2>Tesis doctoral de <strong> Jose Cespedes Caballo <\/strong><\/h2>\n<p>Objetivos: la realizaci\u00f3n de un trabajo de investigaci\u00f3n que posibilite amplio conocimiento acerca de los \u00abderechos fundamentales de contenido social\u00bb, as\u00ed como las exigencias y limitaciones que \u00e9stos hacen decaer en el actuar de las instituciones, como l\u00f3gica evoluci\u00f3n de los derechos humanos.  metodolog\u00eda:tomando como elementos de investigacion y fuentes de conocimiento obras de los m\u00e1s destacados tratadistas de la tem\u00e1tica, grandes declaraciones, constituciones, convenios internacionales, normas juridicas y doctrina tc, realiza destacada labor de s\u00edntesis. Consta de diversos apartados, al tiempo que el fondo de la investigacion se contiene en tres capitulos, en los que se adentra en el an\u00e1lisis de los derechos humanos desde una perspectiva lusnaturalista, de los derechos sociales como parte de aquellos y se degrana como deben actuar las intituciones.  conclusiones: la tesis concluye con los siguientes puntos:a) definici\u00f3n de los derechos sociales;b) los derechos sociales entre los derechos humanos; c) rango de los derechos sociales en realaci\u00f3n a los derechos humanos y d) otros derechos sociales. Constituyendo una novedad as\u00ed la manera de entender los derechos sociales como su clasificaci\u00f3n y catalogaci\u00f3n.<\/p>\n<p>&nbsp;<\/p>\n<h3>Datos acad\u00e9micos de la tesis doctoral \u00ab<strong>Los derechos fundamentales de contenido social<\/strong>\u00ab<\/h3>\n<ul>\n<li><strong>T\u00edtulo de la tesis:<\/strong>\u00a0 Los derechos fundamentales de contenido social <\/li>\n<li><strong>Autor:<\/strong>\u00a0 Jose Cespedes Caballo <\/li>\n<li><strong>Universidad:<\/strong>\u00a0 M\u00e1laga<\/li>\n<li><strong>Fecha de lectura de la tesis:<\/strong>\u00a0 20\/12\/1999<\/li>\n<\/ul>\n<p>&nbsp;<\/p>\n<h3>Direcci\u00f3n y tribunal<\/h3>\n<ul>\n<li><strong>Director de la tesis<\/strong>\n<ul>\n<li>Angela Sanchez De Vera Torres<\/li>\n<\/ul>\n<\/li>\n<li><strong>Tribunal<\/strong>\n<ul>\n<li>Presidente del tribunal: angela Sanchez de vera torres <\/li>\n<li> Carrera raya Francisco j. (vocal)<\/li>\n<li>pablo Badillo o`farrell (vocal)<\/li>\n<li>Juan  Antonio Mart\u00ednez mu\u00f1oz (vocal)<\/li>\n<\/ul>\n<\/li>\n<\/ul>\n<p>&nbsp;<\/p>\n","protected":false},"excerpt":{"rendered":"<p>Tesis doctoral de Jose Cespedes Caballo Objetivos: la realizaci\u00f3n de un trabajo de investigaci\u00f3n que posibilite amplio conocimiento acerca de [&hellip;]<\/p>\n","protected":false},"author":1,"featured_media":0,"comment_status":"open","ping_status":"open","sticky":false,"template":"","format":"standard","meta":{"site-sidebar-layout":"default","site-content-layout":"","ast-site-content-layout":"","site-content-style":"default","site-sidebar-style":"default","ast-global-header-display":"","ast-banner-title-visibility":"","ast-main-header-display":"","ast-hfb-above-header-display":"","ast-hfb-below-header-display":"","ast-hfb-mobile-header-display":"","site-post-title":"","ast-breadcrumbs-content":"","ast-featured-img":"","footer-sml-layout":"","theme-transparent-header-meta":"","adv-header-id-meta":"","stick-header-meta":"","header-above-stick-meta":"","header-main-stick-meta":"","header-below-stick-meta":"","astra-migrate-meta-layouts":"default","ast-page-background-enabled":"default","ast-page-background-meta":{"desktop":{"background-color":"var(--ast-global-color-4)","background-image":"","background-repeat":"repeat","background-position":"center center","background-size":"auto","background-attachment":"scroll","background-type":"","background-media":"","overlay-type":"","overlay-color":"","overlay-gradient":""},"tablet":{"background-color":"","background-image":"","background-repeat":"repeat","background-position":"center center","background-size":"auto","background-attachment":"scroll","background-type":"","background-media":"","overlay-type":"","overlay-color":"","overlay-gradient":""},"mobile":{"background-color":"","background-image":"","background-repeat":"repeat","background-position":"center center","background-size":"auto","background-attachment":"scroll","background-type":"","background-media":"","overlay-type":"","overlay-color":"","overlay-gradient":""}},"ast-content-background-meta":{"desktop":{"background-color":"var(--ast-global-color-5)","background-image":"","background-repeat":"repeat","background-position":"center center","background-size":"auto","background-attachment":"scroll","background-type":"","background-media":"","overlay-type":"","overlay-color":"","overlay-gradient":""},"tablet":{"background-color":"var(--ast-global-color-5)","background-image":"","background-repeat":"repeat","background-position":"center center","background-size":"auto","background-attachment":"scroll","background-type":"","background-media":"","overlay-type":"","overlay-color":"","overlay-gradient":""},"mobile":{"background-color":"var(--ast-global-color-5)","background-image":"","background-repeat":"repeat","background-position":"center center","background-size":"auto","background-attachment":"scroll","background-type":"","background-media":"","overlay-type":"","overlay-color":"","overlay-gradient":""}},"footnotes":""},"categories":[612,1450,979,7834],"tags":[7135,174494,174493,135637,11056],"class_list":["post-81882","post","type-post","status-publish","format-standard","hentry","category-ciencias-juridicas-y-derecho","category-derecho-constitucional","category-derecho-y-legislacion-nacionales","category-malaga","tag-angela-sanchez-de-vera-torres","tag-carrera-raya-francisco-j","tag-jose-cespedes-caballo","tag-juan-antonio-Martinez-munoz","tag-pablo-badillo-ofarrell"],"_links":{"self":[{"href":"https:\/\/www.deberes.net\/tesis\/wp-json\/wp\/v2\/posts\/81882","targetHints":{"allow":["GET"]}}],"collection":[{"href":"https:\/\/www.deberes.net\/tesis\/wp-json\/wp\/v2\/posts"}],"about":[{"href":"https:\/\/www.deberes.net\/tesis\/wp-json\/wp\/v2\/types\/post"}],"author":[{"embeddable":true,"href":"https:\/\/www.deberes.net\/tesis\/wp-json\/wp\/v2\/users\/1"}],"replies":[{"embeddable":true,"href":"https:\/\/www.deberes.net\/tesis\/wp-json\/wp\/v2\/comments?post=81882"}],"version-history":[{"count":0,"href":"https:\/\/www.deberes.net\/tesis\/wp-json\/wp\/v2\/posts\/81882\/revisions"}],"wp:attachment":[{"href":"https:\/\/www.deberes.net\/tesis\/wp-json\/wp\/v2\/media?parent=81882"}],"wp:term":[{"taxonomy":"category","embeddable":true,"href":"https:\/\/www.deberes.net\/tesis\/wp-json\/wp\/v2\/categories?post=81882"},{"taxonomy":"post_tag","embeddable":true,"href":"https:\/\/www.deberes.net\/tesis\/wp-json\/wp\/v2\/tags?post=81882"}],"curies":[{"name":"wp","href":"https:\/\/api.w.org\/{rel}","templated":true}]}}