{"id":81889,"date":"2018-03-10T00:05:50","date_gmt":"2018-03-10T00:05:50","guid":{"rendered":"https:\/\/www.deberes.net\/tesis\/sin-categoria\/la-inaplicacion-salarial-del-convenio-colectivo\/"},"modified":"2018-03-10T00:05:50","modified_gmt":"2018-03-10T00:05:50","slug":"la-inaplicacion-salarial-del-convenio-colectivo","status":"publish","type":"post","link":"https:\/\/www.deberes.net\/tesis\/ciencias-juridicas-y-derecho\/la-inaplicacion-salarial-del-convenio-colectivo\/","title":{"rendered":"La inaplicaci\u00f3n salarial del convenio colectivo"},"content":{"rendered":"<h2>Tesis doctoral de <strong>  Moreno De Vega Lomo Fernando <\/strong><\/h2>\n<p>La regulaci\u00f3n de las cla\u00fasulas de inaplicaci\u00f3n salarial constituye una de las principales novedades que, en el plano normativo, integran la reforma laboral que se desarrolla en el ordenamiento laboral espa\u00f1ol a lo largo del a\u00f1o 1994. La mencionada operaci\u00f3n de reforma postula como objetivo prioritario el incluir al sistema de negociaci\u00f3n colectiva en el modelo din\u00e1mica que permite una mayor adaptaci\u00f3n a los cambios que la realidad social y econ\u00f3mica va progresivamente evidenciando.  la intituci\u00f3n objeto del presentado trabajo, contribuye a este cometido permitiendo la posibilidad de que todas aquellas empresas que se encuentren en una espec\u00edfica situaci\u00f3n de d\u00e9ficit econ\u00f3mico puedan liberarse, bajo estricto cumplimiento de ciertas pautas legales, de las condiciones salariales previstas en un convenio colectivo para pasar a regirse por un r\u00e9gimen econ\u00f3mico alternativo.  a lo largo de esta memoria, se analizan en profundidad las principales consideraciones que informan el estudio cient\u00edfico de esta prerrogativa, con especial atenci\u00f3n a su perspectiva hist\u00f3rica regulaci\u00f3n nomativa en el estatuto de los trabajadores y tratamiento convencional por los agentes sociales, tarea esta \u00faltima que viene complementada por un anexo de convenios colectivos que facilita el acceso y compresi\u00f3n de las conclusiones m\u00e1s interesantes.<\/p>\n<p>&nbsp;<\/p>\n<h3>Datos acad\u00e9micos de la tesis doctoral \u00ab<strong>La inaplicaci\u00f3n salarial del convenio colectivo<\/strong>\u00ab<\/h3>\n<ul>\n<li><strong>T\u00edtulo de la tesis:<\/strong>\u00a0 La inaplicaci\u00f3n salarial del convenio colectivo <\/li>\n<li><strong>Autor:<\/strong>\u00a0  Moreno De Vega Lomo Fernando <\/li>\n<li><strong>Universidad:<\/strong>\u00a0 Salamanca<\/li>\n<li><strong>Fecha de lectura de la tesis:<\/strong>\u00a0 20\/12\/1999<\/li>\n<\/ul>\n<p>&nbsp;<\/p>\n<h3>Direcci\u00f3n y tribunal<\/h3>\n<ul>\n<li><strong>Director de la tesis<\/strong>\n<ul>\n<li>Manuel Carlos Palomeque L\u00f3pez<\/li>\n<\/ul>\n<\/li>\n<li><strong>Tribunal<\/strong>\n<ul>\n<li>Presidente del tribunal: ignacio Garcia-perrote escartin <\/li>\n<li>dionisio Fernandez de gatta sanchez (vocal)<\/li>\n<li>Jos\u00e9 Luis Go\u00f1i se\u00edn (vocal)<\/li>\n<li> Ramos quintana margarita isabel (vocal)<\/li>\n<\/ul>\n<\/li>\n<\/ul>\n<p>&nbsp;<\/p>\n","protected":false},"excerpt":{"rendered":"<p>Tesis doctoral de Moreno De Vega Lomo Fernando La regulaci\u00f3n de las cla\u00fasulas de inaplicaci\u00f3n salarial constituye una de las [&hellip;]<\/p>\n","protected":false},"author":1,"featured_media":0,"comment_status":"open","ping_status":"open","sticky":false,"template":"","format":"standard","meta":{"site-sidebar-layout":"default","site-content-layout":"","ast-site-content-layout":"","site-content-style":"default","site-sidebar-style":"default","ast-global-header-display":"","ast-banner-title-visibility":"","ast-main-header-display":"","ast-hfb-above-header-display":"","ast-hfb-below-header-display":"","ast-hfb-mobile-header-display":"","site-post-title":"","ast-breadcrumbs-content":"","ast-featured-img":"","footer-sml-layout":"","theme-transparent-header-meta":"","adv-header-id-meta":"","stick-header-meta":"","header-above-stick-meta":"","header-main-stick-meta":"","header-below-stick-meta":"","astra-migrate-meta-layouts":"default","ast-page-background-enabled":"default","ast-page-background-meta":{"desktop":{"background-color":"var(--ast-global-color-4)","background-image":"","background-repeat":"repeat","background-position":"center center","background-size":"auto","background-attachment":"scroll","background-type":"","background-media":"","overlay-type":"","overlay-color":"","overlay-gradient":""},"tablet":{"background-color":"","background-image":"","background-repeat":"repeat","background-position":"center center","background-size":"auto","background-attachment":"scroll","background-type":"","background-media":"","overlay-type":"","overlay-color":"","overlay-gradient":""},"mobile":{"background-color":"","background-image":"","background-repeat":"repeat","background-position":"center center","background-size":"auto","background-attachment":"scroll","background-type":"","background-media":"","overlay-type":"","overlay-color":"","overlay-gradient":""}},"ast-content-background-meta":{"desktop":{"background-color":"var(--ast-global-color-5)","background-image":"","background-repeat":"repeat","background-position":"center center","background-size":"auto","background-attachment":"scroll","background-type":"","background-media":"","overlay-type":"","overlay-color":"","overlay-gradient":""},"tablet":{"background-color":"var(--ast-global-color-5)","background-image":"","background-repeat":"repeat","background-position":"center center","background-size":"auto","background-attachment":"scroll","background-type":"","background-media":"","overlay-type":"","overlay-color":"","overlay-gradient":""},"mobile":{"background-color":"var(--ast-global-color-5)","background-image":"","background-repeat":"repeat","background-position":"center center","background-size":"auto","background-attachment":"scroll","background-type":"","background-media":"","overlay-type":"","overlay-color":"","overlay-gradient":""}},"footnotes":""},"categories":[612,2170,979,9386],"tags":[41002,18488,32492,9454,174501,66155],"class_list":["post-81889","post","type-post","status-publish","format-standard","hentry","category-ciencias-juridicas-y-derecho","category-derecho-del-trabajo-y-de-la-seguridad-social","category-derecho-y-legislacion-nacionales","category-salamanca","tag-dionisio-fernandez-de-gatta-sanchez","tag-ignacio-garcia-perrote-escartin","tag-jose-luis-goni-sein","tag-manuel-carlos-palomeque-lopez","tag-moreno-de-vega-lomo-fernando","tag-ramos-quintana-margarita-isabel"],"_links":{"self":[{"href":"https:\/\/www.deberes.net\/tesis\/wp-json\/wp\/v2\/posts\/81889","targetHints":{"allow":["GET"]}}],"collection":[{"href":"https:\/\/www.deberes.net\/tesis\/wp-json\/wp\/v2\/posts"}],"about":[{"href":"https:\/\/www.deberes.net\/tesis\/wp-json\/wp\/v2\/types\/post"}],"author":[{"embeddable":true,"href":"https:\/\/www.deberes.net\/tesis\/wp-json\/wp\/v2\/users\/1"}],"replies":[{"embeddable":true,"href":"https:\/\/www.deberes.net\/tesis\/wp-json\/wp\/v2\/comments?post=81889"}],"version-history":[{"count":0,"href":"https:\/\/www.deberes.net\/tesis\/wp-json\/wp\/v2\/posts\/81889\/revisions"}],"wp:attachment":[{"href":"https:\/\/www.deberes.net\/tesis\/wp-json\/wp\/v2\/media?parent=81889"}],"wp:term":[{"taxonomy":"category","embeddable":true,"href":"https:\/\/www.deberes.net\/tesis\/wp-json\/wp\/v2\/categories?post=81889"},{"taxonomy":"post_tag","embeddable":true,"href":"https:\/\/www.deberes.net\/tesis\/wp-json\/wp\/v2\/tags?post=81889"}],"curies":[{"name":"wp","href":"https:\/\/api.w.org\/{rel}","templated":true}]}}