{"id":81893,"date":"2018-03-10T00:05:50","date_gmt":"2018-03-10T00:05:50","guid":{"rendered":"https:\/\/www.deberes.net\/tesis\/sin-categoria\/el-medio-urbano-en-la-educacion-secundaria-obligatoria-las-ideas-de-los-alumnos-y-sus-implicaciones-curriculares\/"},"modified":"2018-03-10T00:05:50","modified_gmt":"2018-03-10T00:05:50","slug":"el-medio-urbano-en-la-educacion-secundaria-obligatoria-las-ideas-de-los-alumnos-y-sus-implicaciones-curriculares","status":"publish","type":"post","link":"https:\/\/www.deberes.net\/tesis\/pedagogia\/el-medio-urbano-en-la-educacion-secundaria-obligatoria-las-ideas-de-los-alumnos-y-sus-implicaciones-curriculares\/","title":{"rendered":"El medio urbano en la educaci\u00f3n secundaria obligatoria: las ideas de los alumnos y sus implicaciones curriculares"},"content":{"rendered":"<h2>Tesis doctoral de <strong> Francisco Florentino Garc\u00eda P\u00e9rez <\/strong><\/h2>\n<p>Este trabajo investiga las concepciones o ideas de los alumnos adolescentes en relaci\u00f3n al medio urbano(a la ciudad). El trabajo se desarrollo sobre una muestra de 118 alumnos (entre 13 y 16 a\u00f1os) de e.G.B y b.U.P de cinco centros escolares de la ciudad de sevilla a los que se pasa un cuestionario de 238 cuestionarios respondidos, cuyo contenido es trabajando, mediante \u00abanalisis del contenido\u00bb,con un sistema de categor\u00edas organizado seg\u00fan una hip\u00f3tesis general de evoluci\u00f3n de la concepci\u00f3n del medio. Los n\u00facleos conceptuales en torno a los cuales se organiza el sistema de categor\u00edas y sobre los que se obtienen resultados son las ideas de \u00abciudad\u00bb,\u00bbbarrio\u00bb \u00abequipamientos\u00bb y \u00abvivienda\u00bb; a partir de estos primeros resultados se obtienen inferencias acerca de conceptos m\u00e1s generales como son \u00abdesigualdad social urbana\u00bb y \u00abcalidad de vida urbana\u00bb. Los resultados obtenidos muestran la existencia de una gradaci\u00f3n en estas concepciones de los alumnos desde formulaciones m\u00e1s sencillas proximas a una visi\u00f3n arm\u00f3nica y sincr\u00e9tica del medio urbano, hasta formulaciones del car\u00e1cter que tienen hacia una visi\u00f3n compleja y sistem\u00e1tica de la ciudad; de esta gradaci\u00f3n se detectan una serie de obst\u00e1culos que dificultan el progreso del aprendizaje y sobre los que la ense\u00f1anza ha de trabajar especialmente.  el establecimiento de resultados y conclusiones sobre las concepciones de los alumnos se enmarca en un proyecto de car\u00e1cter did\u00e1ctico, en cuanto que la investigaci\u00f3n preten conocer mejor dichas concepciones para poder elaborar un conocimiento escolar m\u00e1s adecuado m\u00e1s ense\u00f1ar el medio urbano a los adolescentes de la actual eduaci\u00f3n secundaria obligatoria, en el contexto de un proyecto curricular-el proyecto \u00abinvestigaci\u00f3n y renovaci\u00f3n escolar\u00bb (ires)-que define los prop\u00f3sitos educativos y orienta la ense\u00f1anza. por ello en la primera parte de la tesis se define un marco te\u00f3rico general(capitulo 2), se analizan diversidad de p<\/p>\n<p>&nbsp;<\/p>\n<h3>Datos acad\u00e9micos de la tesis doctoral \u00ab<strong>El medio urbano en la educaci\u00f3n secundaria obligatoria: las ideas de los alumnos y sus implicaciones curriculares<\/strong>\u00ab<\/h3>\n<ul>\n<li><strong>T\u00edtulo de la tesis:<\/strong>\u00a0 El medio urbano en la educaci\u00f3n secundaria obligatoria: las ideas de los alumnos y sus implicaciones curriculares <\/li>\n<li><strong>Autor:<\/strong>\u00a0 Francisco Florentino Garc\u00eda P\u00e9rez <\/li>\n<li><strong>Universidad:<\/strong>\u00a0 Sevilla<\/li>\n<li><strong>Fecha de lectura de la tesis:<\/strong>\u00a0 20\/12\/1999<\/li>\n<\/ul>\n<p>&nbsp;<\/p>\n<h3>Direcci\u00f3n y tribunal<\/h3>\n<ul>\n<li><strong>Director de la tesis<\/strong>\n<ul>\n<li>Rafael Porlan Ariza<\/li>\n<\/ul>\n<\/li>\n<li><strong>Tribunal<\/strong>\n<ul>\n<li>Presidente del tribunal:  Val merino Juan  del <\/li>\n<li>M\u00aarosario Pi\u00f1eiro peleteiro (vocal)<\/li>\n<li>horacio Capel saez (vocal)<\/li>\n<li>Jos\u00e9 eduardo Garcia diaz (vocal)<\/li>\n<\/ul>\n<\/li>\n<\/ul>\n<p>&nbsp;<\/p>\n","protected":false},"excerpt":{"rendered":"<p>Tesis doctoral de Francisco Florentino Garc\u00eda P\u00e9rez Este trabajo investiga las concepciones o ideas de los alumnos adolescentes en relaci\u00f3n [&hellip;]<\/p>\n","protected":false},"author":1,"featured_media":0,"comment_status":"open","ping_status":"open","sticky":false,"template":"","format":"standard","meta":{"site-sidebar-layout":"default","site-content-layout":"","ast-site-content-layout":"","site-content-style":"default","site-sidebar-style":"default","ast-global-header-display":"","ast-banner-title-visibility":"","ast-main-header-display":"","ast-hfb-above-header-display":"","ast-hfb-below-header-display":"","ast-hfb-mobile-header-display":"","site-post-title":"","ast-breadcrumbs-content":"","ast-featured-img":"","footer-sml-layout":"","theme-transparent-header-meta":"","adv-header-id-meta":"","stick-header-meta":"","header-above-stick-meta":"","header-main-stick-meta":"","header-below-stick-meta":"","astra-migrate-meta-layouts":"default","ast-page-background-enabled":"default","ast-page-background-meta":{"desktop":{"background-color":"var(--ast-global-color-4)","background-image":"","background-repeat":"repeat","background-position":"center center","background-size":"auto","background-attachment":"scroll","background-type":"","background-media":"","overlay-type":"","overlay-color":"","overlay-gradient":""},"tablet":{"background-color":"","background-image":"","background-repeat":"repeat","background-position":"center center","background-size":"auto","background-attachment":"scroll","background-type":"","background-media":"","overlay-type":"","overlay-color":"","overlay-gradient":""},"mobile":{"background-color":"","background-image":"","background-repeat":"repeat","background-position":"center center","background-size":"auto","background-attachment":"scroll","background-type":"","background-media":"","overlay-type":"","overlay-color":"","overlay-gradient":""}},"ast-content-background-meta":{"desktop":{"background-color":"var(--ast-global-color-5)","background-image":"","background-repeat":"repeat","background-position":"center center","background-size":"auto","background-attachment":"scroll","background-type":"","background-media":"","overlay-type":"","overlay-color":"","overlay-gradient":""},"tablet":{"background-color":"var(--ast-global-color-5)","background-image":"","background-repeat":"repeat","background-position":"center center","background-size":"auto","background-attachment":"scroll","background-type":"","background-media":"","overlay-type":"","overlay-color":"","overlay-gradient":""},"mobile":{"background-color":"var(--ast-global-color-5)","background-image":"","background-repeat":"repeat","background-position":"center center","background-size":"auto","background-attachment":"scroll","background-type":"","background-media":"","overlay-type":"","overlay-color":"","overlay-gradient":""}},"footnotes":""},"categories":[2623,1399,3090,8151,1184,1141,10715],"tags":[80982,1404,61669,174506,8692,14656],"class_list":["post-81893","post","type-post","status-publish","format-standard","hentry","category-educacion-basica","category-geografia","category-geografia-regional","category-geografia-urbana","category-organizacion-y-planificacion-de-la-educacion","category-pedagogia","category-sevilla","tag-francisco-florentino-garcia-perez","tag-horacio-capel-saez","tag-jose-eduardo-garcia-diaz","tag-marosario-pineiro-peleteiro","tag-rafael-porlan-ariza","tag-val-merino-juan-del"],"_links":{"self":[{"href":"https:\/\/www.deberes.net\/tesis\/wp-json\/wp\/v2\/posts\/81893","targetHints":{"allow":["GET"]}}],"collection":[{"href":"https:\/\/www.deberes.net\/tesis\/wp-json\/wp\/v2\/posts"}],"about":[{"href":"https:\/\/www.deberes.net\/tesis\/wp-json\/wp\/v2\/types\/post"}],"author":[{"embeddable":true,"href":"https:\/\/www.deberes.net\/tesis\/wp-json\/wp\/v2\/users\/1"}],"replies":[{"embeddable":true,"href":"https:\/\/www.deberes.net\/tesis\/wp-json\/wp\/v2\/comments?post=81893"}],"version-history":[{"count":0,"href":"https:\/\/www.deberes.net\/tesis\/wp-json\/wp\/v2\/posts\/81893\/revisions"}],"wp:attachment":[{"href":"https:\/\/www.deberes.net\/tesis\/wp-json\/wp\/v2\/media?parent=81893"}],"wp:term":[{"taxonomy":"category","embeddable":true,"href":"https:\/\/www.deberes.net\/tesis\/wp-json\/wp\/v2\/categories?post=81893"},{"taxonomy":"post_tag","embeddable":true,"href":"https:\/\/www.deberes.net\/tesis\/wp-json\/wp\/v2\/tags?post=81893"}],"curies":[{"name":"wp","href":"https:\/\/api.w.org\/{rel}","templated":true}]}}