{"id":81922,"date":"2018-03-10T00:05:50","date_gmt":"2018-03-10T00:05:50","guid":{"rendered":"https:\/\/www.deberes.net\/tesis\/sin-categoria\/la-libre-formacion-de-la-conciencia-del-menor\/"},"modified":"2018-03-10T00:05:50","modified_gmt":"2018-03-10T00:05:50","slug":"la-libre-formacion-de-la-conciencia-del-menor","status":"publish","type":"post","link":"https:\/\/www.deberes.net\/tesis\/ciencias-juridicas-y-derecho\/la-libre-formacion-de-la-conciencia-del-menor\/","title":{"rendered":"La libre formacion de la conciencia del menor"},"content":{"rendered":"<h2>Tesis doctoral de <strong> Veronica Puente Alcubilla <\/strong><\/h2>\n<p>El objetivo de este trabajo es el de hacer un estudio de la libre formaci\u00f3n de la conciencia del menor en clave de conflicto entre sujetos interesados, para poder ofrecer, desde el punto de vista de derecho eclesiastico y de los derechos del ni\u00f1o, vias de soluci\u00f3n a los problemas que se plantean en el momento formativo de la conciencia de los menores.  en primer lugar se trata de fijar que se entiende por libre formaci\u00f3n de la conciencia. En segundo lugar se establece el marco jur\u00eddico del reconocimiento de los derechos del ni\u00f1o y concretamente de la libertad de opci\u00f3n en materia de convicciones en el ordenamiento juridico espa\u00f1ol. En tercer lugar se trata la perspectiva hist\u00f3rica de la formaci\u00f3n de la conciencia historica del menor en espa\u00f1a y como se configura la libre formaci\u00f3n de la conciencia para el caso de los menores en el ordenamiento juridica vigente en espa\u00f1a, teniendo en cuenta que es anterior en el tiempo a la elecci\u00f3n por parte del menor de sus convicciones,pero que no puede perder de vista ese derecho. finalmente se observan los \u00e1mbitos en los que se garantiza la libre formaci\u00f3n de la conciencia, ya sea de modo negativo, esto es, con una ausencia de injerencia, como de modo positivo, con una actuaci\u00f3n positiva o promocional.  se establecen a lo largo de todo el trabajo,comparaciones con las soluciones que se han dado en la legislaci\u00f3n y pr\u00e1ctica administrativa y jurisprudencial de otros paises, fundamentalmente de la union europea.<\/p>\n<p>&nbsp;<\/p>\n<h3>Datos acad\u00e9micos de la tesis doctoral \u00ab<strong>La libre formacion de la conciencia del menor<\/strong>\u00ab<\/h3>\n<ul>\n<li><strong>T\u00edtulo de la tesis:<\/strong>\u00a0 La libre formacion de la conciencia del menor <\/li>\n<li><strong>Autor:<\/strong>\u00a0 Veronica Puente Alcubilla <\/li>\n<li><strong>Universidad:<\/strong>\u00a0 Carlos III de Madrid<\/li>\n<li><strong>Fecha de lectura de la tesis:<\/strong>\u00a0 20\/12\/1999<\/li>\n<\/ul>\n<p>&nbsp;<\/p>\n<h3>Direcci\u00f3n y tribunal<\/h3>\n<ul>\n<li><strong>Director de la tesis<\/strong>\n<ul>\n<li> Contreras Mazario Jos\u00e9 M.<\/li>\n<\/ul>\n<\/li>\n<li><strong>Tribunal<\/strong>\n<ul>\n<li>Presidente del tribunal: dionisio Llamazares fernandez <\/li>\n<li>gustavo Suarez pertierra (vocal)<\/li>\n<li>lu\u00eds L\u00f3pez guerra (vocal)<\/li>\n<li> Cubillas recio l. Mar\u00eda no (vocal)<\/li>\n<\/ul>\n<\/li>\n<\/ul>\n<p>&nbsp;<\/p>\n","protected":false},"excerpt":{"rendered":"<p>Tesis doctoral de Veronica Puente Alcubilla El objetivo de este trabajo es el de hacer un estudio de la libre [&hellip;]<\/p>\n","protected":false},"author":1,"featured_media":0,"comment_status":"open","ping_status":"open","sticky":false,"template":"","format":"standard","meta":{"site-sidebar-layout":"default","site-content-layout":"","ast-site-content-layout":"","site-content-style":"default","site-sidebar-style":"default","ast-global-header-display":"","ast-banner-title-visibility":"","ast-main-header-display":"","ast-hfb-above-header-display":"","ast-hfb-below-header-display":"","ast-hfb-mobile-header-display":"","site-post-title":"","ast-breadcrumbs-content":"","ast-featured-img":"","footer-sml-layout":"","theme-transparent-header-meta":"","adv-header-id-meta":"","stick-header-meta":"","header-above-stick-meta":"","header-main-stick-meta":"","header-below-stick-meta":"","astra-migrate-meta-layouts":"default","ast-page-background-enabled":"default","ast-page-background-meta":{"desktop":{"background-color":"var(--ast-global-color-4)","background-image":"","background-repeat":"repeat","background-position":"center center","background-size":"auto","background-attachment":"scroll","background-type":"","background-media":"","overlay-type":"","overlay-color":"","overlay-gradient":""},"tablet":{"background-color":"","background-image":"","background-repeat":"repeat","background-position":"center center","background-size":"auto","background-attachment":"scroll","background-type":"","background-media":"","overlay-type":"","overlay-color":"","overlay-gradient":""},"mobile":{"background-color":"","background-image":"","background-repeat":"repeat","background-position":"center center","background-size":"auto","background-attachment":"scroll","background-type":"","background-media":"","overlay-type":"","overlay-color":"","overlay-gradient":""}},"ast-content-background-meta":{"desktop":{"background-color":"var(--ast-global-color-5)","background-image":"","background-repeat":"repeat","background-position":"center center","background-size":"auto","background-attachment":"scroll","background-type":"","background-media":"","overlay-type":"","overlay-color":"","overlay-gradient":""},"tablet":{"background-color":"var(--ast-global-color-5)","background-image":"","background-repeat":"repeat","background-position":"center center","background-size":"auto","background-attachment":"scroll","background-type":"","background-media":"","overlay-type":"","overlay-color":"","overlay-gradient":""},"mobile":{"background-color":"var(--ast-global-color-5)","background-image":"","background-repeat":"repeat","background-position":"center center","background-size":"auto","background-attachment":"scroll","background-type":"","background-media":"","overlay-type":"","overlay-color":"","overlay-gradient":""}},"footnotes":""},"categories":[18550,612,5964,979],"tags":[65081,174560,63292,59062,9450,174559],"class_list":["post-81922","post","type-post","status-publish","format-standard","hentry","category-carlos-iii-de-madrid","category-ciencias-juridicas-y-derecho","category-derecho-publico","category-derecho-y-legislacion-nacionales","tag-contreras-mazario-jose-m","tag-cubillas-recio-l-maria-no","tag-dionisio-llamazares-fernandez","tag-gustavo-suarez-pertierra","tag-luis-lopez-guerra","tag-veronica-puente-alcubilla"],"_links":{"self":[{"href":"https:\/\/www.deberes.net\/tesis\/wp-json\/wp\/v2\/posts\/81922","targetHints":{"allow":["GET"]}}],"collection":[{"href":"https:\/\/www.deberes.net\/tesis\/wp-json\/wp\/v2\/posts"}],"about":[{"href":"https:\/\/www.deberes.net\/tesis\/wp-json\/wp\/v2\/types\/post"}],"author":[{"embeddable":true,"href":"https:\/\/www.deberes.net\/tesis\/wp-json\/wp\/v2\/users\/1"}],"replies":[{"embeddable":true,"href":"https:\/\/www.deberes.net\/tesis\/wp-json\/wp\/v2\/comments?post=81922"}],"version-history":[{"count":0,"href":"https:\/\/www.deberes.net\/tesis\/wp-json\/wp\/v2\/posts\/81922\/revisions"}],"wp:attachment":[{"href":"https:\/\/www.deberes.net\/tesis\/wp-json\/wp\/v2\/media?parent=81922"}],"wp:term":[{"taxonomy":"category","embeddable":true,"href":"https:\/\/www.deberes.net\/tesis\/wp-json\/wp\/v2\/categories?post=81922"},{"taxonomy":"post_tag","embeddable":true,"href":"https:\/\/www.deberes.net\/tesis\/wp-json\/wp\/v2\/tags?post=81922"}],"curies":[{"name":"wp","href":"https:\/\/api.w.org\/{rel}","templated":true}]}}