{"id":81938,"date":"2018-03-10T00:05:55","date_gmt":"2018-03-10T00:05:55","guid":{"rendered":"https:\/\/www.deberes.net\/tesis\/sin-categoria\/els-noms-de-lloc-i-el-territori-una-interpretacio-geografica-de-la-topona%c2%admia-del-baix-camp-tarragona\/"},"modified":"2018-03-10T00:05:55","modified_gmt":"2018-03-10T00:05:55","slug":"els-noms-de-lloc-i-el-territori-una-interpretacio-geografica-de-la-topona%c2%admia-del-baix-camp-tarragona","status":"publish","type":"post","link":"https:\/\/www.deberes.net\/tesis\/linguistica\/els-noms-de-lloc-i-el-territori-una-interpretacio-geografica-de-la-topona%c2%admia-del-baix-camp-tarragona\/","title":{"rendered":"Els noms de lloc i el territori. una interpretaci\u00f3 geogr\u00e1fica de la topon\u00edmia del baix camp (tarragona)"},"content":{"rendered":"<h2>Tesis doctoral de <strong> Joan Tort Donaza <\/strong><\/h2>\n<p>La tesis pretende aportar una visi\u00f3n amplia de las interacciones entre el territorio y los nombres de lugar (o top\u00f3nimos), y demostrar la idoneidad del enfoque geogr\u00e1fico en el estudio de la toponimia. A estos efectos, el trabajo se ha planteado a dos niveles. Por un lado, se ha profundizado en los aspectos te\u00f3ricos de la ciencia onom\u00e1stica, y se ha podido argumentar que la geograf\u00eda constituye, junto con la ling\u00ed\u00bc\u00edstica y la historia. Uno de los pilares fundamentales de cualquier investigaci\u00f3n sobre los nombres de lugar. Por otro lado, los principios te\u00f3ricos se han aplicado al estudio geogr\u00e1fico-topon\u00edmico de una regi\u00f3n concreta de catalu\u00f1a: la comarca del baix camp (tarragona). A partir de fuentes diversas (en especial, inventarios de nombres y cartograg\u00eda) se ha podido establecer la \u00abtoponimia b\u00e1sica\u00bb de este territorio, cifrada en unas 18.000 unidades. Estos nombres, debidamente ordenados y sistematizados, han sido la base, en \u00faltimo t\u00e9rmino, de un an\u00e1lisis sem\u00e1ntico-onomasiol\u00f3gico del conjunto del territorio comarcal.<\/p>\n<p>&nbsp;<\/p>\n<h3>Datos acad\u00e9micos de la tesis doctoral \u00ab<strong>Els noms de lloc i el territori. una interpretaci\u00f3 geogr\u00e1fica de la topon\u00edmia del baix camp (tarragona)<\/strong>\u00ab<\/h3>\n<ul>\n<li><strong>T\u00edtulo de la tesis:<\/strong>\u00a0 Els noms de lloc i el territori. una interpretaci\u00f3 geogr\u00e1fica de la topon\u00edmia del baix camp (tarragona) <\/li>\n<li><strong>Autor:<\/strong>\u00a0 Joan Tort Donaza <\/li>\n<li><strong>Universidad:<\/strong>\u00a0 Barcelona<\/li>\n<li><strong>Fecha de lectura de la tesis:<\/strong>\u00a0 21\/12\/1999<\/li>\n<\/ul>\n<p>&nbsp;<\/p>\n<h3>Direcci\u00f3n y tribunal<\/h3>\n<ul>\n<li><strong>Director de la tesis<\/strong>\n<ul>\n<li>Vicen\u00c1\u00a7 M. Rossell\u00f3 Verger<\/li>\n<\/ul>\n<\/li>\n<li><strong>Tribunal<\/strong>\n<ul>\n<li>Presidente del tribunal: joan Veny clar <\/li>\n<li>emili Casanova herrero (vocal)<\/li>\n<li> Becat i rajaut joan (vocal)<\/li>\n<li>Rafael Mas hern\u00e1ndez (vocal)<\/li>\n<\/ul>\n<\/li>\n<\/ul>\n<p>&nbsp;<\/p>\n","protected":false},"excerpt":{"rendered":"<p>Tesis doctoral de Joan Tort Donaza La tesis pretende aportar una visi\u00f3n amplia de las interacciones entre el territorio y [&hellip;]<\/p>\n","protected":false},"author":1,"featured_media":0,"comment_status":"open","ping_status":"open","sticky":false,"template":"","format":"standard","meta":{"site-sidebar-layout":"default","site-content-layout":"","ast-site-content-layout":"","site-content-style":"default","site-sidebar-style":"default","ast-global-header-display":"","ast-banner-title-visibility":"","ast-main-header-display":"","ast-hfb-above-header-display":"","ast-hfb-below-header-display":"","ast-hfb-mobile-header-display":"","site-post-title":"","ast-breadcrumbs-content":"","ast-featured-img":"","footer-sml-layout":"","theme-transparent-header-meta":"","adv-header-id-meta":"","stick-header-meta":"","header-above-stick-meta":"","header-main-stick-meta":"","header-below-stick-meta":"","astra-migrate-meta-layouts":"default","ast-page-background-enabled":"default","ast-page-background-meta":{"desktop":{"background-color":"var(--ast-global-color-4)","background-image":"","background-repeat":"repeat","background-position":"center center","background-size":"auto","background-attachment":"scroll","background-type":"","background-media":"","overlay-type":"","overlay-color":"","overlay-gradient":""},"tablet":{"background-color":"","background-image":"","background-repeat":"repeat","background-position":"center center","background-size":"auto","background-attachment":"scroll","background-type":"","background-media":"","overlay-type":"","overlay-color":"","overlay-gradient":""},"mobile":{"background-color":"","background-image":"","background-repeat":"repeat","background-position":"center center","background-size":"auto","background-attachment":"scroll","background-type":"","background-media":"","overlay-type":"","overlay-color":"","overlay-gradient":""}},"ast-content-background-meta":{"desktop":{"background-color":"var(--ast-global-color-5)","background-image":"","background-repeat":"repeat","background-position":"center center","background-size":"auto","background-attachment":"scroll","background-type":"","background-media":"","overlay-type":"","overlay-color":"","overlay-gradient":""},"tablet":{"background-color":"var(--ast-global-color-5)","background-image":"","background-repeat":"repeat","background-position":"center center","background-size":"auto","background-attachment":"scroll","background-type":"","background-media":"","overlay-type":"","overlay-color":"","overlay-gradient":""},"mobile":{"background-color":"var(--ast-global-color-5)","background-image":"","background-repeat":"repeat","background-position":"center center","background-size":"auto","background-attachment":"scroll","background-type":"","background-media":"","overlay-type":"","overlay-color":"","overlay-gradient":""}},"footnotes":""},"categories":[951,1624,1399,1401,33499,104,59,12985,23041],"tags":[174582,32941,40810,13535,28116,110514],"class_list":["post-81938","post","type-post","status-publish","format-standard","hentry","category-barcelona","category-ciencias-auxiliares-de-la-historia","category-geografia","category-geografia-humana","category-geografia-linguistica","category-historia","category-linguistica","category-linguistica-geografica","category-onomastica","tag-becat-i-rajaut-joan","tag-emili-casanova-herrero","tag-joan-tort-donaza","tag-joan-veny-clar","tag-rafael-mas-hernandez","tag-vicena-m-rossello-verger"],"_links":{"self":[{"href":"https:\/\/www.deberes.net\/tesis\/wp-json\/wp\/v2\/posts\/81938","targetHints":{"allow":["GET"]}}],"collection":[{"href":"https:\/\/www.deberes.net\/tesis\/wp-json\/wp\/v2\/posts"}],"about":[{"href":"https:\/\/www.deberes.net\/tesis\/wp-json\/wp\/v2\/types\/post"}],"author":[{"embeddable":true,"href":"https:\/\/www.deberes.net\/tesis\/wp-json\/wp\/v2\/users\/1"}],"replies":[{"embeddable":true,"href":"https:\/\/www.deberes.net\/tesis\/wp-json\/wp\/v2\/comments?post=81938"}],"version-history":[{"count":0,"href":"https:\/\/www.deberes.net\/tesis\/wp-json\/wp\/v2\/posts\/81938\/revisions"}],"wp:attachment":[{"href":"https:\/\/www.deberes.net\/tesis\/wp-json\/wp\/v2\/media?parent=81938"}],"wp:term":[{"taxonomy":"category","embeddable":true,"href":"https:\/\/www.deberes.net\/tesis\/wp-json\/wp\/v2\/categories?post=81938"},{"taxonomy":"post_tag","embeddable":true,"href":"https:\/\/www.deberes.net\/tesis\/wp-json\/wp\/v2\/tags?post=81938"}],"curies":[{"name":"wp","href":"https:\/\/api.w.org\/{rel}","templated":true}]}}