{"id":81971,"date":"2018-03-10T00:05:55","date_gmt":"2018-03-10T00:05:55","guid":{"rendered":"https:\/\/www.deberes.net\/tesis\/sin-categoria\/procesamiento-emocional-de-imagenes-en-poblacion-penitenciaria-evaluada-mediante-el-hare-psychopathy-revised-pcl-r\/"},"modified":"2018-03-10T00:05:55","modified_gmt":"2018-03-10T00:05:55","slug":"procesamiento-emocional-de-imagenes-en-poblacion-penitenciaria-evaluada-mediante-el-hare-psychopathy-revised-pcl-r","status":"publish","type":"post","link":"https:\/\/www.deberes.net\/tesis\/psicologia\/procesamiento-emocional-de-imagenes-en-poblacion-penitenciaria-evaluada-mediante-el-hare-psychopathy-revised-pcl-r\/","title":{"rendered":"Procesamiento emocional de im\u00e1genes en poblacion penitenciaria evaluada mediante el hare psychopathy-revised (pcl-r)"},"content":{"rendered":"<h2>Tesis doctoral de <strong> Rosario Poy Gil <\/strong><\/h2>\n<p>\u00abla psicopatia se diferencia de otros trastornos de la personalidad por un patr\u00f3n caracteristico de sintomas interpersonales, afectivos y conductuales. bas\u00e1ndose en la hip\u00f3tesis de que el comportamiento de los psic\u00f3patas resulta de su incapacidad para apreciar el significado emocional de la estimulacion (cleckley, 1976;hare,1991;patrick,1994), el objetivo de esta tesis doctoral se centra en examinar el patr\u00f3n el procesamiento afectivo de los psic\u00f3patas, y la relaci\u00f3n de este funcionamiento emocional peculiar con el estilo de vida antisocial y violenta que les caracteriza. Esta investigaci\u00f3n se ha desarrollado sobre una muestra de 50 delincuentes encarcelados, clasificados como psic\u00f3patas, sujetos puramente antisociales,sujetos emocionalmente frios y sujetos no psic\u00f3patas a partir de sus puntuaciones en el hare psychopathy checklist-revised(pcl-r; hare,1991). Los resultados sobre el rendimiento de estos sujetos en una tarea experimental de discriminaci\u00f3n par\/impar, durante la presentaci\u00f3n concurrente de im\u00e1genes con distinto contenido afectivo extraidas del international affective picture system (iaps;csea-nimh,1999), y el analisis de diversos indicadores temperamentales, socio-demograficos,y de las conductas criminal y penitenciaria, permite concluir que los sujetos con las caracteristicas afectivas e interpersonales de la psicopatia (1) muestran una reacci\u00f3n emocional deficitaria en el analisis automatico de la informacion desagradable, y (2) presentan formas concretas de comportamiento criminal y violento, como la agresion armada durante los delitos, el asalto, el incumplimiento de las obligaciones de los permisos de salida o de la libertad condicional, y la reincidencia durante los mismos. Los datos aportados inducen a reflexionar sobre el vinculo entre emoci\u00f3n y criminalidad, e invitan a explorar los factores temperamentales y sociales de protecci\u00f3n y de riesgo tambien implicados en esta relacion\u00bb.<\/p>\n<p>&nbsp;<\/p>\n<h3>Datos acad\u00e9micos de la tesis doctoral \u00ab<strong>Procesamiento emocional de im\u00e1genes en poblacion penitenciaria evaluada mediante el hare psychopathy-revised (pcl-r)<\/strong>\u00ab<\/h3>\n<ul>\n<li><strong>T\u00edtulo de la tesis:<\/strong>\u00a0 Procesamiento emocional de im\u00e1genes en poblacion penitenciaria evaluada mediante el hare psychopathy-revised (pcl-r) <\/li>\n<li><strong>Autor:<\/strong>\u00a0 Rosario Poy Gil <\/li>\n<li><strong>Universidad:<\/strong>\u00a0 Jaume i de castell\u00f3n<\/li>\n<li><strong>Fecha de lectura de la tesis:<\/strong>\u00a0 21\/12\/1999<\/li>\n<\/ul>\n<p>&nbsp;<\/p>\n<h3>Direcci\u00f3n y tribunal<\/h3>\n<ul>\n<li><strong>Director de la tesis<\/strong>\n<ul>\n<li>Javier Molto Brotons<\/li>\n<\/ul>\n<\/li>\n<li><strong>Tribunal<\/strong>\n<ul>\n<li>Presidente del tribunal: heliodoro Carpintero capell <\/li>\n<li>pio Tudela garmendia (vocal)<\/li>\n<li>Jaime Vila castellar (vocal)<\/li>\n<li>Rafael Torrubia beltri (vocal)<\/li>\n<\/ul>\n<\/li>\n<\/ul>\n<p>&nbsp;<\/p>\n","protected":false},"excerpt":{"rendered":"<p>Tesis doctoral de Rosario Poy Gil \u00abla psicopatia se diferencia de otros trastornos de la personalidad por un patr\u00f3n caracteristico [&hellip;]<\/p>\n","protected":false},"author":1,"featured_media":0,"comment_status":"open","ping_status":"open","sticky":false,"template":"","format":"standard","meta":{"site-sidebar-layout":"default","site-content-layout":"","ast-site-content-layout":"","site-content-style":"default","site-sidebar-style":"default","ast-global-header-display":"","ast-banner-title-visibility":"","ast-main-header-display":"","ast-hfb-above-header-display":"","ast-hfb-below-header-display":"","ast-hfb-mobile-header-display":"","site-post-title":"","ast-breadcrumbs-content":"","ast-featured-img":"","footer-sml-layout":"","theme-transparent-header-meta":"","adv-header-id-meta":"","stick-header-meta":"","header-above-stick-meta":"","header-main-stick-meta":"","header-below-stick-meta":"","astra-migrate-meta-layouts":"default","ast-page-background-enabled":"default","ast-page-background-meta":{"desktop":{"background-color":"var(--ast-global-color-4)","background-image":"","background-repeat":"repeat","background-position":"center center","background-size":"auto","background-attachment":"scroll","background-type":"","background-media":"","overlay-type":"","overlay-color":"","overlay-gradient":""},"tablet":{"background-color":"","background-image":"","background-repeat":"repeat","background-position":"center center","background-size":"auto","background-attachment":"scroll","background-type":"","background-media":"","overlay-type":"","overlay-color":"","overlay-gradient":""},"mobile":{"background-color":"","background-image":"","background-repeat":"repeat","background-position":"center center","background-size":"auto","background-attachment":"scroll","background-type":"","background-media":"","overlay-type":"","overlay-color":"","overlay-gradient":""}},"ast-content-background-meta":{"desktop":{"background-color":"var(--ast-global-color-5)","background-image":"","background-repeat":"repeat","background-position":"center center","background-size":"auto","background-attachment":"scroll","background-type":"","background-media":"","overlay-type":"","overlay-color":"","overlay-gradient":""},"tablet":{"background-color":"var(--ast-global-color-5)","background-image":"","background-repeat":"repeat","background-position":"center center","background-size":"auto","background-attachment":"scroll","background-type":"","background-media":"","overlay-type":"","overlay-color":"","overlay-gradient":""},"mobile":{"background-color":"var(--ast-global-color-5)","background-image":"","background-repeat":"repeat","background-position":"center center","background-size":"auto","background-attachment":"scroll","background-type":"","background-media":"","overlay-type":"","overlay-color":"","overlay-gradient":""}},"footnotes":""},"categories":[5263,18725,324,2462],"tags":[9338,4169,32719,35681,33042,174630],"class_list":["post-81971","post","type-post","status-publish","format-standard","hentry","category-emocion","category-jaume-i-de-castellon","category-psicologia","category-psicologia-experimental","tag-heliodoro-carpintero-capell","tag-jaime-vila-castellar","tag-javier-molto-brotons","tag-pio-tudela-garmendia","tag-rafael-torrubia-beltri","tag-rosario-poy-gil"],"_links":{"self":[{"href":"https:\/\/www.deberes.net\/tesis\/wp-json\/wp\/v2\/posts\/81971","targetHints":{"allow":["GET"]}}],"collection":[{"href":"https:\/\/www.deberes.net\/tesis\/wp-json\/wp\/v2\/posts"}],"about":[{"href":"https:\/\/www.deberes.net\/tesis\/wp-json\/wp\/v2\/types\/post"}],"author":[{"embeddable":true,"href":"https:\/\/www.deberes.net\/tesis\/wp-json\/wp\/v2\/users\/1"}],"replies":[{"embeddable":true,"href":"https:\/\/www.deberes.net\/tesis\/wp-json\/wp\/v2\/comments?post=81971"}],"version-history":[{"count":0,"href":"https:\/\/www.deberes.net\/tesis\/wp-json\/wp\/v2\/posts\/81971\/revisions"}],"wp:attachment":[{"href":"https:\/\/www.deberes.net\/tesis\/wp-json\/wp\/v2\/media?parent=81971"}],"wp:term":[{"taxonomy":"category","embeddable":true,"href":"https:\/\/www.deberes.net\/tesis\/wp-json\/wp\/v2\/categories?post=81971"},{"taxonomy":"post_tag","embeddable":true,"href":"https:\/\/www.deberes.net\/tesis\/wp-json\/wp\/v2\/tags?post=81971"}],"curies":[{"name":"wp","href":"https:\/\/api.w.org\/{rel}","templated":true}]}}