{"id":81986,"date":"2018-03-10T00:05:55","date_gmt":"2018-03-10T00:05:55","guid":{"rendered":"https:\/\/www.deberes.net\/tesis\/sin-categoria\/prevalencia-de-bronquitis-cronica-asma-y-obstruccion-al-flujo-aereo-en-la-poblacion-general-del-valles-occidental\/"},"modified":"2018-03-10T00:05:55","modified_gmt":"2018-03-10T00:05:55","slug":"prevalencia-de-bronquitis-cronica-asma-y-obstruccion-al-flujo-aereo-en-la-poblacion-general-del-valles-occidental","status":"publish","type":"post","link":"https:\/\/www.deberes.net\/tesis\/ciencias-medicas\/prevalencia-de-bronquitis-cronica-asma-y-obstruccion-al-flujo-aereo-en-la-poblacion-general-del-valles-occidental\/","title":{"rendered":"PreValencia de bronquitis cronica, asma, y obstrucci\u00f3n al flujo aereo en la poblaci\u00f3n general del valles occidental"},"content":{"rendered":"<h2>Tesis doctoral de <strong> Angeles Jaen Manzanera <\/strong><\/h2>\n<p>Fundamento: las enfermedades respiratorias obstrutivas cr\u00f3nicas son una de las principales causas de morbilidad y mortalidad en los pa\u00edses desarrollados, por lo que el conocimiento de su preValencia es importante para una correcta planificaci\u00f3n sanitaria. En espa\u00f1a apenas existen estudios de preValencia de estas enfermedades. El objetivo de este estudio es determinar la preValencia de bronquitis cr\u00f3nica, asma, y obstrucci\u00f3n al flujo aereo (ofa) en la poblaci\u00f3n general de una zona urbano-industrial de catalu\u00f1a(sabadell y alrededores), y su grado de asociaci\u00f3n con el tabaquismo activo y pasivo, y la exposici\u00f3n laboral.  m\u00e9todos: estudio transversal sobre una muestra de 636 individuos entre 20-70 a\u00f1os de edad de ambos sexos obtenida a partir del censo poblacional. se entrevistaron 576 individuos (participaci\u00f3n, 90,6%) mediante el cuestionario estandarizado de la american thoracic society, y a 497 individuos (participaci\u00f3n, 79%) se les realiz\u00f3 una espirometr\u00eda forzada con prueba broncodilatadora.  resultados: la preValencia de bronquitis cr\u00f3nica fue de 11,6% (21% en hombres; 2,7% en mujeres) y la de asma previamente diagnosticada por su m\u00e9dico de 3,3%(2,1% en hombres; 4,4% en mujeres). La preValencia de diversos sintomas relacionados con el asma fue mas alta. As\u00ed, el 10,6% de la poblaci\u00f3n (11,4% en hombres, 9,8% en mujeres) refer\u00edan haber presentado crisis de disnea con sibilancias y el 38,2%(45,4% en hombres; 31,4% en mujeres) referian<\/p>\n<p>&nbsp;<\/p>\n<h3>Datos acad\u00e9micos de la tesis doctoral \u00ab<strong>PreValencia de bronquitis cronica, asma, y obstrucci\u00f3n al flujo aereo en la poblaci\u00f3n general del valles occidental<\/strong>\u00ab<\/h3>\n<ul>\n<li><strong>T\u00edtulo de la tesis:<\/strong>\u00a0 PreValencia de bronquitis cronica, asma, y obstrucci\u00f3n al flujo aereo en la poblaci\u00f3n general del valles occidental <\/li>\n<li><strong>Autor:<\/strong>\u00a0 Angeles Jaen Manzanera <\/li>\n<li><strong>Universidad:<\/strong>\u00a0 Aut\u00f3noma de barcelona<\/li>\n<li><strong>Fecha de lectura de la tesis:<\/strong>\u00a0 22\/12\/1999<\/li>\n<\/ul>\n<p>&nbsp;<\/p>\n<h3>Direcci\u00f3n y tribunal<\/h3>\n<ul>\n<li><strong>Director de la tesis<\/strong>\n<ul>\n<li>Albert Marin Perez<\/li>\n<\/ul>\n<\/li>\n<li><strong>Tribunal<\/strong>\n<ul>\n<li>Presidente del tribunal: Juan Castella riera <\/li>\n<li>jordi Sunyer deu (vocal)<\/li>\n<li>c\u00e9sar Picado vall\u00e9s (vocal)<\/li>\n<li>montse Rue monne (vocal)<\/li>\n<\/ul>\n<\/li>\n<\/ul>\n<p>&nbsp;<\/p>\n","protected":false},"excerpt":{"rendered":"<p>Tesis doctoral de Angeles Jaen Manzanera Fundamento: las enfermedades respiratorias obstrutivas cr\u00f3nicas son una de las principales causas de morbilidad [&hellip;]<\/p>\n","protected":false},"author":1,"featured_media":0,"comment_status":"open","ping_status":"open","sticky":false,"template":"","format":"standard","meta":{"site-sidebar-layout":"default","site-content-layout":"","ast-site-content-layout":"","site-content-style":"default","site-sidebar-style":"default","ast-global-header-display":"","ast-banner-title-visibility":"","ast-main-header-display":"","ast-hfb-above-header-display":"","ast-hfb-below-header-display":"","ast-hfb-mobile-header-display":"","site-post-title":"","ast-breadcrumbs-content":"","ast-featured-img":"","footer-sml-layout":"","theme-transparent-header-meta":"","adv-header-id-meta":"","stick-header-meta":"","header-above-stick-meta":"","header-main-stick-meta":"","header-below-stick-meta":"","astra-migrate-meta-layouts":"default","ast-page-background-enabled":"default","ast-page-background-meta":{"desktop":{"background-color":"var(--ast-global-color-4)","background-image":"","background-repeat":"repeat","background-position":"center center","background-size":"auto","background-attachment":"scroll","background-type":"","background-media":"","overlay-type":"","overlay-color":"","overlay-gradient":""},"tablet":{"background-color":"","background-image":"","background-repeat":"repeat","background-position":"center center","background-size":"auto","background-attachment":"scroll","background-type":"","background-media":"","overlay-type":"","overlay-color":"","overlay-gradient":""},"mobile":{"background-color":"","background-image":"","background-repeat":"repeat","background-position":"center center","background-size":"auto","background-attachment":"scroll","background-type":"","background-media":"","overlay-type":"","overlay-color":"","overlay-gradient":""}},"ast-content-background-meta":{"desktop":{"background-color":"var(--ast-global-color-5)","background-image":"","background-repeat":"repeat","background-position":"center center","background-size":"auto","background-attachment":"scroll","background-type":"","background-media":"","overlay-type":"","overlay-color":"","overlay-gradient":""},"tablet":{"background-color":"var(--ast-global-color-5)","background-image":"","background-repeat":"repeat","background-position":"center center","background-size":"auto","background-attachment":"scroll","background-type":"","background-media":"","overlay-type":"","overlay-color":"","overlay-gradient":""},"mobile":{"background-color":"var(--ast-global-color-5)","background-image":"","background-repeat":"repeat","background-position":"center center","background-size":"auto","background-attachment":"scroll","background-type":"","background-media":"","overlay-type":"","overlay-color":"","overlay-gradient":""}},"footnotes":""},"categories":[9,69,1086,139,967],"tags":[174656,174655,13826,64573,13972,174657],"class_list":["post-81986","post","type-post","status-publish","format-standard","hentry","category-ciencias-medicas","category-enfermedades-pulmonares","category-epidemiologia","category-medicina-interna","category-salud-publica","tag-albert-marin-perez","tag-angeles-jaen-manzanera","tag-cesar-picado-valles","tag-jordi-sunyer-deu","tag-juan-castella-riera","tag-montse-rue-monne"],"_links":{"self":[{"href":"https:\/\/www.deberes.net\/tesis\/wp-json\/wp\/v2\/posts\/81986","targetHints":{"allow":["GET"]}}],"collection":[{"href":"https:\/\/www.deberes.net\/tesis\/wp-json\/wp\/v2\/posts"}],"about":[{"href":"https:\/\/www.deberes.net\/tesis\/wp-json\/wp\/v2\/types\/post"}],"author":[{"embeddable":true,"href":"https:\/\/www.deberes.net\/tesis\/wp-json\/wp\/v2\/users\/1"}],"replies":[{"embeddable":true,"href":"https:\/\/www.deberes.net\/tesis\/wp-json\/wp\/v2\/comments?post=81986"}],"version-history":[{"count":0,"href":"https:\/\/www.deberes.net\/tesis\/wp-json\/wp\/v2\/posts\/81986\/revisions"}],"wp:attachment":[{"href":"https:\/\/www.deberes.net\/tesis\/wp-json\/wp\/v2\/media?parent=81986"}],"wp:term":[{"taxonomy":"category","embeddable":true,"href":"https:\/\/www.deberes.net\/tesis\/wp-json\/wp\/v2\/categories?post=81986"},{"taxonomy":"post_tag","embeddable":true,"href":"https:\/\/www.deberes.net\/tesis\/wp-json\/wp\/v2\/tags?post=81986"}],"curies":[{"name":"wp","href":"https:\/\/api.w.org\/{rel}","templated":true}]}}