{"id":81998,"date":"2018-03-10T00:05:59","date_gmt":"2018-03-10T00:05:59","guid":{"rendered":"https:\/\/www.deberes.net\/tesis\/sin-categoria\/el-trabajo-en-contratas-y-el-ejercicio-de-los-derechos-laborales-de-sus-trabajadores\/"},"modified":"2018-03-10T00:05:59","modified_gmt":"2018-03-10T00:05:59","slug":"el-trabajo-en-contratas-y-el-ejercicio-de-los-derechos-laborales-de-sus-trabajadores","status":"publish","type":"post","link":"https:\/\/www.deberes.net\/tesis\/ciencias-juridicas-y-derecho\/el-trabajo-en-contratas-y-el-ejercicio-de-los-derechos-laborales-de-sus-trabajadores\/","title":{"rendered":"\u00abel trabajo en contratas y el ejercicio de los derechos laborales de sus trabajadores\u00bb"},"content":{"rendered":"<h2>Tesis doctoral de <strong> Ana Marta Olmo Gascon <\/strong><\/h2>\n<p>El trabajo se divide en dos bloques diferenciados. En el primero se realiza la necesaria identificacion de los rasgos de la contrata normativamente trazados, trasladandose seguidamente la institucion de la contrata a la practica funcional, indagando en la operatividad de la figura puesta en conexi\u00f3n con ciertas modalidades de contratacion o utilizacion de otras formas de organizaci\u00f3n del trabajo, en suma, llevando el arido dise\u00f1o del art. 42 et a la dinamica de la realidad en lo que viene siendo conocido como un analisis transversal que se realiza en el capitulo ii.  la segunda parte de la tesis es bien distinta y se ocupa del estudio del ejercicio de los derechos laborales de los trabajadores subcontratados. para ello, ha sido necesario trasladar las categorias generales reconocidas en el estatuto de los trabajadores al concreto mundo de la subcontratacion, importacion que por las particularidades de la figura de la contrata tales como dualidad de sujetos empresariales involucrados habituales prestacion del trabajo en el ambito espacial del empresario principal, fragmentacion de las plantillas entre diferentes empresas principales, ha exigido adaptacion de los preceptos a las peculiaridades.<\/p>\n<p>&nbsp;<\/p>\n<h3>Datos acad\u00e9micos de la tesis doctoral \u00ab<strong>\u00abel trabajo en contratas y el ejercicio de los derechos laborales de sus trabajadores\u00bb<\/strong>\u00ab<\/h3>\n<ul>\n<li><strong>T\u00edtulo de la tesis:<\/strong>\u00a0 \u00abel trabajo en contratas y el ejercicio de los derechos laborales de sus trabajadores\u00bb <\/li>\n<li><strong>Autor:<\/strong>\u00a0 Ana Marta Olmo Gascon <\/li>\n<li><strong>Universidad:<\/strong>\u00a0 Castilla-la mancha<\/li>\n<li><strong>Fecha de lectura de la tesis:<\/strong>\u00a0 22\/12\/1999<\/li>\n<\/ul>\n<p>&nbsp;<\/p>\n<h3>Direcci\u00f3n y tribunal<\/h3>\n<ul>\n<li><strong>Director de la tesis<\/strong>\n<ul>\n<li>Joaquin Aparicio Tovar<\/li>\n<\/ul>\n<\/li>\n<li><strong>Tribunal<\/strong>\n<ul>\n<li>Presidente del tribunal:  Baylos grau Antonio  pedro <\/li>\n<li>Jes\u00fas Cruz villal\u00f3n (vocal)<\/li>\n<li>Jos\u00e9 Luis Monereo perez (vocal)<\/li>\n<li>Antonio Martin valverde (vocal)<\/li>\n<\/ul>\n<\/li>\n<\/ul>\n<p>&nbsp;<\/p>\n","protected":false},"excerpt":{"rendered":"<p>Tesis doctoral de Ana Marta Olmo Gascon El trabajo se divide en dos bloques diferenciados. En el primero se realiza [&hellip;]<\/p>\n","protected":false},"author":1,"featured_media":0,"comment_status":"open","ping_status":"open","sticky":false,"template":"","format":"standard","meta":{"site-sidebar-layout":"default","site-content-layout":"","ast-site-content-layout":"","site-content-style":"default","site-sidebar-style":"default","ast-global-header-display":"","ast-banner-title-visibility":"","ast-main-header-display":"","ast-hfb-above-header-display":"","ast-hfb-below-header-display":"","ast-hfb-mobile-header-display":"","site-post-title":"","ast-breadcrumbs-content":"","ast-featured-img":"","footer-sml-layout":"","theme-transparent-header-meta":"","adv-header-id-meta":"","stick-header-meta":"","header-above-stick-meta":"","header-main-stick-meta":"","header-below-stick-meta":"","astra-migrate-meta-layouts":"default","ast-page-background-enabled":"default","ast-page-background-meta":{"desktop":{"background-color":"var(--ast-global-color-4)","background-image":"","background-repeat":"repeat","background-position":"center center","background-size":"auto","background-attachment":"scroll","background-type":"","background-media":"","overlay-type":"","overlay-color":"","overlay-gradient":""},"tablet":{"background-color":"","background-image":"","background-repeat":"repeat","background-position":"center center","background-size":"auto","background-attachment":"scroll","background-type":"","background-media":"","overlay-type":"","overlay-color":"","overlay-gradient":""},"mobile":{"background-color":"","background-image":"","background-repeat":"repeat","background-position":"center center","background-size":"auto","background-attachment":"scroll","background-type":"","background-media":"","overlay-type":"","overlay-color":"","overlay-gradient":""}},"ast-content-background-meta":{"desktop":{"background-color":"var(--ast-global-color-5)","background-image":"","background-repeat":"repeat","background-position":"center center","background-size":"auto","background-attachment":"scroll","background-type":"","background-media":"","overlay-type":"","overlay-color":"","overlay-gradient":""},"tablet":{"background-color":"var(--ast-global-color-5)","background-image":"","background-repeat":"repeat","background-position":"center center","background-size":"auto","background-attachment":"scroll","background-type":"","background-media":"","overlay-type":"","overlay-color":"","overlay-gradient":""},"mobile":{"background-color":"var(--ast-global-color-5)","background-image":"","background-repeat":"repeat","background-position":"center center","background-size":"auto","background-attachment":"scroll","background-type":"","background-media":"","overlay-type":"","overlay-color":"","overlay-gradient":""}},"footnotes":""},"categories":[18451,612,2170,979],"tags":[148353,11489,32468,26865,39408,28783],"class_list":["post-81998","post","type-post","status-publish","format-standard","hentry","category-castilla-la-mancha","category-ciencias-juridicas-y-derecho","category-derecho-del-trabajo-y-de-la-seguridad-social","category-derecho-y-legislacion-nacionales","tag-ana-marta-olmo-gascon","tag-antonio-martin-valverde","tag-baylos-grau-antonio-pedro","tag-jesus-cruz-villalon","tag-joaquin-aparicio-tovar","tag-jose-luis-monereo-perez"],"_links":{"self":[{"href":"https:\/\/www.deberes.net\/tesis\/wp-json\/wp\/v2\/posts\/81998","targetHints":{"allow":["GET"]}}],"collection":[{"href":"https:\/\/www.deberes.net\/tesis\/wp-json\/wp\/v2\/posts"}],"about":[{"href":"https:\/\/www.deberes.net\/tesis\/wp-json\/wp\/v2\/types\/post"}],"author":[{"embeddable":true,"href":"https:\/\/www.deberes.net\/tesis\/wp-json\/wp\/v2\/users\/1"}],"replies":[{"embeddable":true,"href":"https:\/\/www.deberes.net\/tesis\/wp-json\/wp\/v2\/comments?post=81998"}],"version-history":[{"count":0,"href":"https:\/\/www.deberes.net\/tesis\/wp-json\/wp\/v2\/posts\/81998\/revisions"}],"wp:attachment":[{"href":"https:\/\/www.deberes.net\/tesis\/wp-json\/wp\/v2\/media?parent=81998"}],"wp:term":[{"taxonomy":"category","embeddable":true,"href":"https:\/\/www.deberes.net\/tesis\/wp-json\/wp\/v2\/categories?post=81998"},{"taxonomy":"post_tag","embeddable":true,"href":"https:\/\/www.deberes.net\/tesis\/wp-json\/wp\/v2\/tags?post=81998"}],"curies":[{"name":"wp","href":"https:\/\/api.w.org\/{rel}","templated":true}]}}