{"id":820,"date":"1994-01-01T00:00:00","date_gmt":"1994-01-01T00:00:00","guid":{"rendered":"https:\/\/www.deberes.net\/tesis\/1994\/01\/01\/el-cabildo-de-santiago-de-compostela-ss-xii-xiv-la-proyeccion-social-de-una-institucion-eclesiastica\/"},"modified":"1994-01-01T00:00:00","modified_gmt":"1994-01-01T00:00:00","slug":"el-cabildo-de-santiago-de-compostela-ss-xii-xiv-la-proyeccion-social-de-una-institucion-eclesiastica","status":"publish","type":"post","link":"https:\/\/www.deberes.net\/tesis\/historia\/el-cabildo-de-santiago-de-compostela-ss-xii-xiv-la-proyeccion-social-de-una-institucion-eclesiastica\/","title":{"rendered":"El cabildo de santiago de compostela (ss xii-xiv): la proyeccion social de una institucion eclesiastica."},"content":{"rendered":"<h2>Tesis doctoral de <strong>  Perez Rodriguez Francisco Javier <\/strong><\/h2>\n<p>En el trabajo se intenta dar una vision global de la actuacion historica del cabildo compostelano entre 1.100 y 1.400 a traves de cinco grandes apartados. En el primero de ellos se contempla el nacimiento del nuevo cabildo creado por gelmirez en 1.102 y su posterior evolucion, consolidacion y desarrollo. Una segunda parte se centra en el estudio de la congregacion en el templo jacobeo, sus derechos y deberes, asi como la relacion existente entre el cabildo y el arzobispo. A continuacion, se observa la estructura interna de la institucion para, posteriormente, centrarse el estudio en el analisis del dominio y de las rentas capitulares, destacando la importancia de una renta propia de la catedral compostelana, tal y como lo es el voto de santiago. Un quinto capitulo se acerca a la vida personal de los capitulares, atendiendo a su origen, sus relaciones sociales y familiares, su formacion cultural, lugar de habitacion y enterrameinto, etc.<\/p>\n<p>&nbsp;<\/p>\n<h3>Datos acad\u00e9micos de la tesis doctoral \u00ab<strong>El cabildo de santiago de compostela (ss xii-xiv): la proyeccion social de una institucion eclesiastica.<\/strong>\u00ab<\/h3>\n<ul>\n<li><strong>T\u00edtulo de la tesis:<\/strong>\u00a0 El cabildo de santiago de compostela (ss xii-xiv): la proyeccion social de una institucion eclesiastica. <\/li>\n<li><strong>Autor:<\/strong>\u00a0  Perez Rodriguez Francisco Javier <\/li>\n<li><strong>Universidad:<\/strong>\u00a0 Santiago de compostela<\/li>\n<li><strong>Fecha de lectura de la tesis:<\/strong>\u00a0 01\/01\/1994<\/li>\n<\/ul>\n<p>&nbsp;<\/p>\n<h3>Direcci\u00f3n y tribunal<\/h3>\n<ul>\n<li><strong>Director de la tesis<\/strong>\n<ul>\n<li>Ermelindo Portela Silva<\/li>\n<\/ul>\n<\/li>\n<li><strong>Tribunal<\/strong>\n<ul>\n<li>Presidente del tribunal: Jos\u00e9 Luis Mart\u00edn Rodr\u00edguez <\/li>\n<li> Pallares Mendez M. Carmen (vocal)<\/li>\n<li>Salvador Claramunt Rodriguez (vocal)<\/li>\n<li>Fernando L\u00f3pez Alsina (vocal)<\/li>\n<\/ul>\n<\/li>\n<\/ul>\n<p>&nbsp;<\/p>\n","protected":false},"excerpt":{"rendered":"<p>Tesis doctoral de Perez Rodriguez Francisco Javier En el trabajo se intenta dar una vision global de la actuacion historica [&hellip;]<\/p>\n","protected":false},"author":1,"featured_media":0,"comment_status":"open","ping_status":"open","sticky":false,"template":"","format":"standard","meta":{"site-sidebar-layout":"default","site-content-layout":"","ast-site-content-layout":"","site-content-style":"default","site-sidebar-style":"default","ast-global-header-display":"","ast-banner-title-visibility":"","ast-main-header-display":"","ast-hfb-above-header-display":"","ast-hfb-below-header-display":"","ast-hfb-mobile-header-display":"","site-post-title":"","ast-breadcrumbs-content":"","ast-featured-img":"","footer-sml-layout":"","theme-transparent-header-meta":"","adv-header-id-meta":"","stick-header-meta":"","header-above-stick-meta":"","header-main-stick-meta":"","header-below-stick-meta":"","astra-migrate-meta-layouts":"default","ast-page-background-enabled":"default","ast-page-background-meta":{"desktop":{"background-color":"var(--ast-global-color-4)","background-image":"","background-repeat":"repeat","background-position":"center center","background-size":"auto","background-attachment":"scroll","background-type":"","background-media":"","overlay-type":"","overlay-color":"","overlay-gradient":""},"tablet":{"background-color":"","background-image":"","background-repeat":"repeat","background-position":"center center","background-size":"auto","background-attachment":"scroll","background-type":"","background-media":"","overlay-type":"","overlay-color":"","overlay-gradient":""},"mobile":{"background-color":"","background-image":"","background-repeat":"repeat","background-position":"center center","background-size":"auto","background-attachment":"scroll","background-type":"","background-media":"","overlay-type":"","overlay-color":"","overlay-gradient":""}},"ast-content-background-meta":{"desktop":{"background-color":"var(--ast-global-color-5)","background-image":"","background-repeat":"repeat","background-position":"center center","background-size":"auto","background-attachment":"scroll","background-type":"","background-media":"","overlay-type":"","overlay-color":"","overlay-gradient":""},"tablet":{"background-color":"var(--ast-global-color-5)","background-image":"","background-repeat":"repeat","background-position":"center center","background-size":"auto","background-attachment":"scroll","background-type":"","background-media":"","overlay-type":"","overlay-color":"","overlay-gradient":""},"mobile":{"background-color":"var(--ast-global-color-5)","background-image":"","background-repeat":"repeat","background-position":"center center","background-size":"auto","background-attachment":"scroll","background-type":"","background-media":"","overlay-type":"","overlay-color":"","overlay-gradient":""}},"footnotes":""},"categories":[104,119,220,977],"tags":[2817,3089,422,641,3087,3088],"class_list":["post-820","post","type-post","status-publish","format-standard","hentry","category-historia","category-historia-medieval","category-historia-por-epocas","category-santiago-de-compostela","tag-ermelindo-portela-silva","tag-fernando-lopez-alsina","tag-jose-luis-martin-rodriguez","tag-pallares-mendez-m-carmen","tag-perez-rodriguez-francisco-javier","tag-salvador-claramunt-rodriguez"],"_links":{"self":[{"href":"https:\/\/www.deberes.net\/tesis\/wp-json\/wp\/v2\/posts\/820","targetHints":{"allow":["GET"]}}],"collection":[{"href":"https:\/\/www.deberes.net\/tesis\/wp-json\/wp\/v2\/posts"}],"about":[{"href":"https:\/\/www.deberes.net\/tesis\/wp-json\/wp\/v2\/types\/post"}],"author":[{"embeddable":true,"href":"https:\/\/www.deberes.net\/tesis\/wp-json\/wp\/v2\/users\/1"}],"replies":[{"embeddable":true,"href":"https:\/\/www.deberes.net\/tesis\/wp-json\/wp\/v2\/comments?post=820"}],"version-history":[{"count":0,"href":"https:\/\/www.deberes.net\/tesis\/wp-json\/wp\/v2\/posts\/820\/revisions"}],"wp:attachment":[{"href":"https:\/\/www.deberes.net\/tesis\/wp-json\/wp\/v2\/media?parent=820"}],"wp:term":[{"taxonomy":"category","embeddable":true,"href":"https:\/\/www.deberes.net\/tesis\/wp-json\/wp\/v2\/categories?post=820"},{"taxonomy":"post_tag","embeddable":true,"href":"https:\/\/www.deberes.net\/tesis\/wp-json\/wp\/v2\/tags?post=820"}],"curies":[{"name":"wp","href":"https:\/\/api.w.org\/{rel}","templated":true}]}}