{"id":82021,"date":"2000-01-01T00:00:00","date_gmt":"2000-01-01T00:00:00","guid":{"rendered":"https:\/\/www.deberes.net\/tesis\/sin-categoria\/problemas-de-frontera-para-ecuaciones-diferenciales-con-impulsos\/"},"modified":"2000-01-01T00:00:00","modified_gmt":"2000-01-01T00:00:00","slug":"problemas-de-frontera-para-ecuaciones-diferenciales-con-impulsos","status":"publish","type":"post","link":"https:\/\/www.deberes.net\/tesis\/matematicas\/problemas-de-frontera-para-ecuaciones-diferenciales-con-impulsos\/","title":{"rendered":"Problemas de frontera para ecuaciones diferenciales con impulsos."},"content":{"rendered":"<h2>Tesis doctoral de <strong> Daniel Franco Leis <\/strong><\/h2>\n<p>La tesis se centra en el estudio de problemas de frontera para ecuaciones diferenciales ordinarias con impulsos en tiempos fijos. La metodolog\u00eda fundamentalmente empleada es el m\u00e9todo de la sub y sobresoluciones junto con la t\u00e9cnica iterativa mon\u00f3tona. La memori se divide en cuatro cap\u00edtulos.  en el primero de ellos se introducen las definiciones y resultados preliminares.  el segundo est\u00e1 dedicado \u00edntegramente al estudio del problema peri\u00f3dico de primer y segundo orden desde diversas vertientes, que van desde la consideraci\u00f3n de sub y sobresoluciones m\u00e1s generales hasta el estudio del problema lineal no resonante, pasando por problemas con funciones de impulso discontinuas y con dependencia funcional.  en el tercer cap\u00edtulo se consideran condiciones de frontera no lineales que generalizan entre otras a las antiperi\u00f3dicas.  finalmente en el cuarto cap\u00edtulo se estudian ecuaciones integro-diferenciales de primer y segundo orden.  todos los cap\u00edtulos incluyen una introducci\u00f3n que muestra la situaci\u00f3n actual del problema y terminan con una secci\u00f3n en la que se proponen nuevas v\u00edas de estudio.<\/p>\n<p>&nbsp;<\/p>\n<h3>Datos acad\u00e9micos de la tesis doctoral \u00ab<strong>Problemas de frontera para ecuaciones diferenciales con impulsos.<\/strong>\u00ab<\/h3>\n<ul>\n<li><strong>T\u00edtulo de la tesis:<\/strong>\u00a0 Problemas de frontera para ecuaciones diferenciales con impulsos. <\/li>\n<li><strong>Autor:<\/strong>\u00a0 Daniel Franco Leis <\/li>\n<li><strong>Universidad:<\/strong>\u00a0 Santiago de compostela<\/li>\n<li><strong>Fecha de lectura de la tesis:<\/strong>\u00a0 01\/01\/2000<\/li>\n<\/ul>\n<p>&nbsp;<\/p>\n<h3>Direcci\u00f3n y tribunal<\/h3>\n<ul>\n<li><strong>Director de la tesis<\/strong>\n<ul>\n<li> Nieto Roig Juan  Jose<\/li>\n<\/ul>\n<\/li>\n<li><strong>Tribunal<\/strong>\n<ul>\n<li>Presidente del tribunal: Gerardo Rodriguez Lopez <\/li>\n<li>Tom\u00e1s Dom\u00ednguez Benavides (vocal)<\/li>\n<li>Luis Marino Santana Rodriguez (vocal)<\/li>\n<li>Eduardo Liz Marzan (vocal)<\/li>\n<\/ul>\n<\/li>\n<\/ul>\n<p>&nbsp;<\/p>\n","protected":false},"excerpt":{"rendered":"<p>Tesis doctoral de Daniel Franco Leis La tesis se centra en el estudio de problemas de frontera para ecuaciones diferenciales [&hellip;]<\/p>\n","protected":false},"author":1,"featured_media":0,"comment_status":"open","ping_status":"open","sticky":false,"template":"","format":"standard","meta":{"site-sidebar-layout":"default","site-content-layout":"","ast-site-content-layout":"","site-content-style":"default","site-sidebar-style":"default","ast-global-header-display":"","ast-banner-title-visibility":"","ast-main-header-display":"","ast-hfb-above-header-display":"","ast-hfb-below-header-display":"","ast-hfb-mobile-header-display":"","site-post-title":"","ast-breadcrumbs-content":"","ast-featured-img":"","footer-sml-layout":"","theme-transparent-header-meta":"","adv-header-id-meta":"","stick-header-meta":"","header-above-stick-meta":"","header-main-stick-meta":"","header-below-stick-meta":"","astra-migrate-meta-layouts":"default","ast-page-background-enabled":"default","ast-page-background-meta":{"desktop":{"background-color":"var(--ast-global-color-4)","background-image":"","background-repeat":"repeat","background-position":"center center","background-size":"auto","background-attachment":"scroll","background-type":"","background-media":"","overlay-type":"","overlay-color":"","overlay-gradient":""},"tablet":{"background-color":"","background-image":"","background-repeat":"repeat","background-position":"center center","background-size":"auto","background-attachment":"scroll","background-type":"","background-media":"","overlay-type":"","overlay-color":"","overlay-gradient":""},"mobile":{"background-color":"","background-image":"","background-repeat":"repeat","background-position":"center center","background-size":"auto","background-attachment":"scroll","background-type":"","background-media":"","overlay-type":"","overlay-color":"","overlay-gradient":""}},"ast-content-background-meta":{"desktop":{"background-color":"var(--ast-global-color-5)","background-image":"","background-repeat":"repeat","background-position":"center center","background-size":"auto","background-attachment":"scroll","background-type":"","background-media":"","overlay-type":"","overlay-color":"","overlay-gradient":""},"tablet":{"background-color":"var(--ast-global-color-5)","background-image":"","background-repeat":"repeat","background-position":"center center","background-size":"auto","background-attachment":"scroll","background-type":"","background-media":"","overlay-type":"","overlay-color":"","overlay-gradient":""},"mobile":{"background-color":"var(--ast-global-color-5)","background-image":"","background-repeat":"repeat","background-position":"center center","background-size":"auto","background-attachment":"scroll","background-type":"","background-media":"","overlay-type":"","overlay-color":"","overlay-gradient":""}},"footnotes":""},"categories":[3183,12585,126,977],"tags":[174702,32611,25417,31580,16892,33014],"class_list":["post-82021","post","type-post","status-publish","format-standard","hentry","category-analisis-y-analisis-funcional","category-ecuaciones-diferenciales-ordinarias","category-matematicas","category-santiago-de-compostela","tag-daniel-franco-leis","tag-eduardo-liz-marzan","tag-gerardo-rodriguez-lopez","tag-luis-marino-santana-rodriguez","tag-nieto-roig-juan-jose","tag-tomas-dominguez-benavides"],"_links":{"self":[{"href":"https:\/\/www.deberes.net\/tesis\/wp-json\/wp\/v2\/posts\/82021","targetHints":{"allow":["GET"]}}],"collection":[{"href":"https:\/\/www.deberes.net\/tesis\/wp-json\/wp\/v2\/posts"}],"about":[{"href":"https:\/\/www.deberes.net\/tesis\/wp-json\/wp\/v2\/types\/post"}],"author":[{"embeddable":true,"href":"https:\/\/www.deberes.net\/tesis\/wp-json\/wp\/v2\/users\/1"}],"replies":[{"embeddable":true,"href":"https:\/\/www.deberes.net\/tesis\/wp-json\/wp\/v2\/comments?post=82021"}],"version-history":[{"count":0,"href":"https:\/\/www.deberes.net\/tesis\/wp-json\/wp\/v2\/posts\/82021\/revisions"}],"wp:attachment":[{"href":"https:\/\/www.deberes.net\/tesis\/wp-json\/wp\/v2\/media?parent=82021"}],"wp:term":[{"taxonomy":"category","embeddable":true,"href":"https:\/\/www.deberes.net\/tesis\/wp-json\/wp\/v2\/categories?post=82021"},{"taxonomy":"post_tag","embeddable":true,"href":"https:\/\/www.deberes.net\/tesis\/wp-json\/wp\/v2\/tags?post=82021"}],"curies":[{"name":"wp","href":"https:\/\/api.w.org\/{rel}","templated":true}]}}