{"id":82109,"date":"2000-01-01T00:00:00","date_gmt":"2000-01-01T00:00:00","guid":{"rendered":"https:\/\/www.deberes.net\/tesis\/sin-categoria\/language-transfer-in-interlanguage-with-special-reference-to-adverbial-placement\/"},"modified":"2000-01-01T00:00:00","modified_gmt":"2000-01-01T00:00:00","slug":"language-transfer-in-interlanguage-with-special-reference-to-adverbial-placement","status":"publish","type":"post","link":"https:\/\/www.deberes.net\/tesis\/linguistica\/language-transfer-in-interlanguage-with-special-reference-to-adverbial-placement\/","title":{"rendered":"Language transfer in interlanguage with special reference to adverbial  placement."},"content":{"rendered":"<h2>Tesis doctoral de <strong>  Alonso Alonso M. Rosa <\/strong><\/h2>\n<p>La tesis consta de tres cap\u00edtulos te\u00f3ricos en los que se analiza la transferencia lingu\u00edstica; en primer lugar se presta atenci\u00f3n a sus manifestaciones y los impedimentos a los que se enfrenta, posteriormente se ofrece una revisi\u00f3n de la bibliograf\u00eda en la que se observa la evoluci\u00f3n de este fen\u00f3meno lingu\u00edstico, desde la hip\u00f3tesis del an\u00e1lisis contrastivo hasta la hip\u00f3tesis de la interlengua; en tercer lugar, se ofrece una visi\u00f3n panor\u00e1mica de las corrientes actuales de investigaci\u00f3n sobre este fen\u00f3meno.  finalmente, se presta atenci\u00f3n a la relaci\u00f3n entre la transferencia y la posici\u00f3n adverbial. La parte emp\u00edrica del estudio se divide en cinco estudios: preliminar, piloto, longitudinal, transversal y diario, realizados entre 127 sujetos.  los resultados obtenidos permiten clarificar la posici\u00f3n adverbial en la interlengua, as\u00ed como la relaci\u00f3n entre la transferencia y el nivel lingu\u00edstico, la gram\u00e1tica universal y los principios de la interlengua.<\/p>\n<p>&nbsp;<\/p>\n<h3>Datos acad\u00e9micos de la tesis doctoral \u00ab<strong>Language transfer in interlanguage with special reference to adverbial  placement.<\/strong>\u00ab<\/h3>\n<ul>\n<li><strong>T\u00edtulo de la tesis:<\/strong>\u00a0 Language transfer in interlanguage with special reference to adverbial  placement. <\/li>\n<li><strong>Autor:<\/strong>\u00a0  Alonso Alonso M. Rosa <\/li>\n<li><strong>Universidad:<\/strong>\u00a0 Santiago de compostela<\/li>\n<li><strong>Fecha de lectura de la tesis:<\/strong>\u00a0 01\/01\/2000<\/li>\n<\/ul>\n<p>&nbsp;<\/p>\n<h3>Direcci\u00f3n y tribunal<\/h3>\n<ul>\n<li><strong>Director de la tesis<\/strong>\n<ul>\n<li>Teresa Fanego Lema<\/li>\n<\/ul>\n<\/li>\n<li><strong>Tribunal<\/strong>\n<ul>\n<li>Presidente del tribunal: enrique Alcar\u00e1z var\u00f3 <\/li>\n<li>Francisco Garrudo carabias (vocal)<\/li>\n<li> Acu\u00f1a fari\u00f1a Juan  Carlos (vocal)<\/li>\n<li>  (vocal)<\/li>\n<\/ul>\n<\/li>\n<\/ul>\n<p>&nbsp;<\/p>\n","protected":false},"excerpt":{"rendered":"<p>Tesis doctoral de Alonso Alonso M. Rosa La tesis consta de tres cap\u00edtulos te\u00f3ricos en los que se analiza la [&hellip;]<\/p>\n","protected":false},"author":1,"featured_media":0,"comment_status":"open","ping_status":"open","sticky":false,"template":"","format":"standard","meta":{"site-sidebar-layout":"default","site-content-layout":"","ast-site-content-layout":"","site-content-style":"default","site-sidebar-style":"default","ast-global-header-display":"","ast-banner-title-visibility":"","ast-main-header-display":"","ast-hfb-above-header-display":"","ast-hfb-below-header-display":"","ast-hfb-mobile-header-display":"","site-post-title":"","ast-breadcrumbs-content":"","ast-featured-img":"","footer-sml-layout":"","theme-transparent-header-meta":"","adv-header-id-meta":"","stick-header-meta":"","header-above-stick-meta":"","header-main-stick-meta":"","header-below-stick-meta":"","astra-migrate-meta-layouts":"default","ast-page-background-enabled":"default","ast-page-background-meta":{"desktop":{"background-color":"var(--ast-global-color-4)","background-image":"","background-repeat":"repeat","background-position":"center center","background-size":"auto","background-attachment":"scroll","background-type":"","background-media":"","overlay-type":"","overlay-color":"","overlay-gradient":""},"tablet":{"background-color":"","background-image":"","background-repeat":"repeat","background-position":"center center","background-size":"auto","background-attachment":"scroll","background-type":"","background-media":"","overlay-type":"","overlay-color":"","overlay-gradient":""},"mobile":{"background-color":"","background-image":"","background-repeat":"repeat","background-position":"center center","background-size":"auto","background-attachment":"scroll","background-type":"","background-media":"","overlay-type":"","overlay-color":"","overlay-gradient":""}},"ast-content-background-meta":{"desktop":{"background-color":"var(--ast-global-color-5)","background-image":"","background-repeat":"repeat","background-position":"center center","background-size":"auto","background-attachment":"scroll","background-type":"","background-media":"","overlay-type":"","overlay-color":"","overlay-gradient":""},"tablet":{"background-color":"var(--ast-global-color-5)","background-image":"","background-repeat":"repeat","background-position":"center center","background-size":"auto","background-attachment":"scroll","background-type":"","background-media":"","overlay-type":"","overlay-color":"","overlay-gradient":""},"mobile":{"background-color":"var(--ast-global-color-5)","background-image":"","background-repeat":"repeat","background-position":"center center","background-size":"auto","background-attachment":"scroll","background-type":"","background-media":"","overlay-type":"","overlay-color":"","overlay-gradient":""}},"footnotes":""},"categories":[59,60,977],"tags":[2439,174851,11745,3844,2440],"class_list":["post-82109","post","type-post","status-publish","format-standard","hentry","category-linguistica","category-linguistica-aplicada","category-santiago-de-compostela","tag-acuna-farina-juan-carlos","tag-alonso-alonso-m-rosa","tag-enrique-alcaraz-varo","tag-francisco-garrudo-carabias","tag-teresa-fanego-lema"],"_links":{"self":[{"href":"https:\/\/www.deberes.net\/tesis\/wp-json\/wp\/v2\/posts\/82109","targetHints":{"allow":["GET"]}}],"collection":[{"href":"https:\/\/www.deberes.net\/tesis\/wp-json\/wp\/v2\/posts"}],"about":[{"href":"https:\/\/www.deberes.net\/tesis\/wp-json\/wp\/v2\/types\/post"}],"author":[{"embeddable":true,"href":"https:\/\/www.deberes.net\/tesis\/wp-json\/wp\/v2\/users\/1"}],"replies":[{"embeddable":true,"href":"https:\/\/www.deberes.net\/tesis\/wp-json\/wp\/v2\/comments?post=82109"}],"version-history":[{"count":0,"href":"https:\/\/www.deberes.net\/tesis\/wp-json\/wp\/v2\/posts\/82109\/revisions"}],"wp:attachment":[{"href":"https:\/\/www.deberes.net\/tesis\/wp-json\/wp\/v2\/media?parent=82109"}],"wp:term":[{"taxonomy":"category","embeddable":true,"href":"https:\/\/www.deberes.net\/tesis\/wp-json\/wp\/v2\/categories?post=82109"},{"taxonomy":"post_tag","embeddable":true,"href":"https:\/\/www.deberes.net\/tesis\/wp-json\/wp\/v2\/tags?post=82109"}],"curies":[{"name":"wp","href":"https:\/\/api.w.org\/{rel}","templated":true}]}}