{"id":82110,"date":"2000-01-01T00:00:00","date_gmt":"2000-01-01T00:00:00","guid":{"rendered":"https:\/\/www.deberes.net\/tesis\/sin-categoria\/hechos-de-variacion-en-el-empleo-de-algunas-formas-verbales-en-gallego-y-castellano-de-galicia\/"},"modified":"2000-01-01T00:00:00","modified_gmt":"2000-01-01T00:00:00","slug":"hechos-de-variacion-en-el-empleo-de-algunas-formas-verbales-en-gallego-y-castellano-de-galicia","status":"publish","type":"post","link":"https:\/\/www.deberes.net\/tesis\/linguistica\/hechos-de-variacion-en-el-empleo-de-algunas-formas-verbales-en-gallego-y-castellano-de-galicia\/","title":{"rendered":"Hechos de variacion en el empleo de algunas formas verbales en gallego  y castellano de galicia."},"content":{"rendered":"<h2>Tesis doctoral de <strong>  Pollan Vali\u00f1a M. Celia <\/strong><\/h2>\n<p>Esta memoria contiene dos partes claramente diferenciadas pero interconectadas:  en la primera se han evaluado dos modelos te\u00f3ricos de descripci\u00f3n del sistema verbal y se ha valorado su propiedad tanto por la variedad de castellano hablada en galicia como para el gallego. Esto se ha hecho a trav\u00e9s del an\u00e1lisis de tres corpus (gallego oral, escrito y castellano de galicia). Identificados los valores que llevan asociados en esta variedad las formas verbales cante, he cantado, cantara y habia cantado, as\u00ed como cantei y cantara en la lengua gallega, se ha identificado un fen\u00f3meno de variaci\u00f3n en el empleo de cantei-cantara en gallego, cante-cantara-habia cantado en castellano de galicia, con id\u00e9ntico valor gramatical: pret\u00e9rito aoristo de indicativo.  en la segunda parte se ha comprobado la hip\u00f3tesis de que la preferencia por una u otra variante en la elecci\u00f3n de estas formas est\u00e9 condicionada por factores pragm\u00e1ticos, en concreto por el mayor o menor grado de focalizaci\u00f3n del enunciado. dicha comprobaci\u00f3n se ha efectuado mediante la metodolog\u00eda variacionista, siendo utilizado para ello el modelo de regresi\u00f3n log\u00edstica m\u00faltiple incorporado al paquete varbrul 2s, versi\u00f3n de susan pintzuk, 1988. Los resultados han satisfecho ampliamente nuestra hip\u00f3tesis tanto para el gallego como para el castellano de galicia: muchos hablantes optan por expresar contenidos pragm\u00e1ticos mediante la flexi\u00f3n verbal en su discurso; as\u00ed, incorporan cantara o habia cantado con valor de pret\u00e9rito aoristo en contextos de muy escaso grado de focalizaci\u00f3n, pero no lo hacen cuando el nivel de focalizaci\u00f3n es alto.<\/p>\n<p>&nbsp;<\/p>\n<h3>Datos acad\u00e9micos de la tesis doctoral \u00ab<strong>Hechos de variacion en el empleo de algunas formas verbales en gallego  y castellano de galicia.<\/strong>\u00ab<\/h3>\n<ul>\n<li><strong>T\u00edtulo de la tesis:<\/strong>\u00a0 Hechos de variacion en el empleo de algunas formas verbales en gallego  y castellano de galicia. <\/li>\n<li><strong>Autor:<\/strong>\u00a0  Pollan Vali\u00f1a M. Celia <\/li>\n<li><strong>Universidad:<\/strong>\u00a0 Santiago de compostela<\/li>\n<li><strong>Fecha de lectura de la tesis:<\/strong>\u00a0 01\/01\/2000<\/li>\n<\/ul>\n<p>&nbsp;<\/p>\n<h3>Direcci\u00f3n y tribunal<\/h3>\n<ul>\n<li><strong>Director de la tesis<\/strong>\n<ul>\n<li>Guillermo Rojo S\u00e1nchez<\/li>\n<\/ul>\n<\/li>\n<li><strong>Tribunal<\/strong>\n<ul>\n<li>Presidente del tribunal: Francisco Moreno fern\u00e1ndez <\/li>\n<li>ram\u00f3n Mari\u00f1o paz (vocal)<\/li>\n<li>Jos\u00e9 Antonio Samper padilla (vocal)<\/li>\n<li>Luis Garcia fernandez (vocal)<\/li>\n<\/ul>\n<\/li>\n<\/ul>\n<p>&nbsp;<\/p>\n","protected":false},"excerpt":{"rendered":"<p>Tesis doctoral de Pollan Vali\u00f1a M. Celia Esta memoria contiene dos partes claramente diferenciadas pero interconectadas: en la primera se [&hellip;]<\/p>\n","protected":false},"author":1,"featured_media":0,"comment_status":"open","ping_status":"open","sticky":false,"template":"","format":"standard","meta":{"site-sidebar-layout":"default","site-content-layout":"","ast-site-content-layout":"","site-content-style":"default","site-sidebar-style":"default","ast-global-header-display":"","ast-banner-title-visibility":"","ast-main-header-display":"","ast-hfb-above-header-display":"","ast-hfb-below-header-display":"","ast-hfb-mobile-header-display":"","site-post-title":"","ast-breadcrumbs-content":"","ast-featured-img":"","footer-sml-layout":"","theme-transparent-header-meta":"","adv-header-id-meta":"","stick-header-meta":"","header-above-stick-meta":"","header-main-stick-meta":"","header-below-stick-meta":"","astra-migrate-meta-layouts":"default","ast-page-background-enabled":"default","ast-page-background-meta":{"desktop":{"background-color":"var(--ast-global-color-4)","background-image":"","background-repeat":"repeat","background-position":"center center","background-size":"auto","background-attachment":"scroll","background-type":"","background-media":"","overlay-type":"","overlay-color":"","overlay-gradient":""},"tablet":{"background-color":"","background-image":"","background-repeat":"repeat","background-position":"center center","background-size":"auto","background-attachment":"scroll","background-type":"","background-media":"","overlay-type":"","overlay-color":"","overlay-gradient":""},"mobile":{"background-color":"","background-image":"","background-repeat":"repeat","background-position":"center center","background-size":"auto","background-attachment":"scroll","background-type":"","background-media":"","overlay-type":"","overlay-color":"","overlay-gradient":""}},"ast-content-background-meta":{"desktop":{"background-color":"var(--ast-global-color-5)","background-image":"","background-repeat":"repeat","background-position":"center center","background-size":"auto","background-attachment":"scroll","background-type":"","background-media":"","overlay-type":"","overlay-color":"","overlay-gradient":""},"tablet":{"background-color":"var(--ast-global-color-5)","background-image":"","background-repeat":"repeat","background-position":"center center","background-size":"auto","background-attachment":"scroll","background-type":"","background-media":"","overlay-type":"","overlay-color":"","overlay-gradient":""},"mobile":{"background-color":"var(--ast-global-color-5)","background-image":"","background-repeat":"repeat","background-position":"center center","background-size":"auto","background-attachment":"scroll","background-type":"","background-media":"","overlay-type":"","overlay-color":"","overlay-gradient":""}},"footnotes":""},"categories":[59,62,977,409,3676],"tags":[5370,632,26104,118213,174852,37164],"class_list":["post-82110","post","type-post","status-publish","format-standard","hentry","category-linguistica","category-linguistica-sincronica","category-santiago-de-compostela","category-sintaxis-y-analisis-sintactico","category-sociolinguistica","tag-francisco-moreno-fernandez","tag-guillermo-rojo-sanchez","tag-jose-antonio-samper-padilla","tag-luis-garcia-fernandez","tag-pollan-valina-m-celia","tag-ramon-marino-paz"],"_links":{"self":[{"href":"https:\/\/www.deberes.net\/tesis\/wp-json\/wp\/v2\/posts\/82110","targetHints":{"allow":["GET"]}}],"collection":[{"href":"https:\/\/www.deberes.net\/tesis\/wp-json\/wp\/v2\/posts"}],"about":[{"href":"https:\/\/www.deberes.net\/tesis\/wp-json\/wp\/v2\/types\/post"}],"author":[{"embeddable":true,"href":"https:\/\/www.deberes.net\/tesis\/wp-json\/wp\/v2\/users\/1"}],"replies":[{"embeddable":true,"href":"https:\/\/www.deberes.net\/tesis\/wp-json\/wp\/v2\/comments?post=82110"}],"version-history":[{"count":0,"href":"https:\/\/www.deberes.net\/tesis\/wp-json\/wp\/v2\/posts\/82110\/revisions"}],"wp:attachment":[{"href":"https:\/\/www.deberes.net\/tesis\/wp-json\/wp\/v2\/media?parent=82110"}],"wp:term":[{"taxonomy":"category","embeddable":true,"href":"https:\/\/www.deberes.net\/tesis\/wp-json\/wp\/v2\/categories?post=82110"},{"taxonomy":"post_tag","embeddable":true,"href":"https:\/\/www.deberes.net\/tesis\/wp-json\/wp\/v2\/tags?post=82110"}],"curies":[{"name":"wp","href":"https:\/\/api.w.org\/{rel}","templated":true}]}}