{"id":82119,"date":"2000-01-01T00:00:00","date_gmt":"2000-01-01T00:00:00","guid":{"rendered":"https:\/\/www.deberes.net\/tesis\/sin-categoria\/crecimiento-economico-y-capacidad-tecnologica-regional-en-el-marco-de-la-union-europea-1980-1995\/"},"modified":"2000-01-01T00:00:00","modified_gmt":"2000-01-01T00:00:00","slug":"crecimiento-economico-y-capacidad-tecnologica-regional-en-el-marco-de-la-union-europea-1980-1995","status":"publish","type":"post","link":"https:\/\/www.deberes.net\/tesis\/ciencias-economicas\/crecimiento-economico-y-capacidad-tecnologica-regional-en-el-marco-de-la-union-europea-1980-1995\/","title":{"rendered":"Crecimiento economico y capacidad tecnologica regional en el marco de la  union europea (1980-1995)."},"content":{"rendered":"<h2>Tesis doctoral de <strong> Oscar Rodil Marzabal <\/strong><\/h2>\n<p>Esta tesis doctoral se centra en el estudio de los principales rasgos que caracterizan tanto a la evoluci\u00f3n econ\u00f3mica como a la capacidad tecnol\u00f3gica de las regiones europeas en las \u00faltimas d\u00e9cadas, tratando en \u00faltima instancia de capturar el papel que la variable tecnol\u00f3gica desempe\u00f1a en la din\u00e1mica regional europea.  en la primera parte de la tesis se realiza un acercamiento al marco te\u00f3rico en el que se desenvuelve la teor\u00eda moderna del crecimiento, prestando especial atenci\u00f3n al diferente tratamiento que recibe la variable tecnol\u00f3gica en los diversos modelos inerpretativos. Esta parte finaliza con un cap\u00edtulo que nos introduce en la problem\u00e1tica de las disparidades regionales en europa desde la \u00f3ptica de la integraci\u00f3n econ\u00f3mica, sirviendo como nexo de uni\u00f3n con la segunda parte del trabajo.  la segunda parte, de contenido eminentemente emp\u00edrico, trata de ofrecer un cuadro explicativo de las disparidades econ\u00f3micas y tecnol\u00f3gicas existentes en las regiones europeas, as\u00ed como de su evoluci\u00f3n en el tiempo. De este modo se analizan las pautas en el crecimiento econ\u00f3mico de las regiones europeas a lo largo de las \u00faltimas d\u00e9cadas, teniendo como punto de referencia el debate sobre la convergencia\/divergencia econ\u00f3mica. As\u00ed mismo, se examinan las disparidades en la capacidad tecnol\u00f3gica regional, al tiempo que se analiza la desigual incidencia espacial de la pol\u00edtica tecnol\u00f3gica comunitaria instrumentalizada a trav\u00e9s de los programas marco de i+d.  como derivaci\u00f3n l\u00f3gica de la sistematizaci\u00f3n de todas las ideas que se desenvuelven a lo largo de toda la investigaci\u00f3n, se propone un modelo econom\u00e9trico en el que la variable tecnol\u00f3gica ocupa un papel clave en la explicaci\u00f3n de las disparidades en el crecimiento econ\u00f3mico de las regiones europeas.  los resultados apuntan a la existencia de una relaci\u00f3n muy robusta entre crecimiento y capacidad tecnol\u00f3gica, si bien esta relaci\u00f3n<\/p>\n<p>&nbsp;<\/p>\n<h3>Datos acad\u00e9micos de la tesis doctoral \u00ab<strong>Crecimiento economico y capacidad tecnologica regional en el marco de la  union europea (1980-1995).<\/strong>\u00ab<\/h3>\n<ul>\n<li><strong>T\u00edtulo de la tesis:<\/strong>\u00a0 Crecimiento economico y capacidad tecnologica regional en el marco de la  union europea (1980-1995). <\/li>\n<li><strong>Autor:<\/strong>\u00a0 Oscar Rodil Marzabal <\/li>\n<li><strong>Universidad:<\/strong>\u00a0 Santiago de compostela<\/li>\n<li><strong>Fecha de lectura de la tesis:<\/strong>\u00a0 01\/01\/2000<\/li>\n<\/ul>\n<p>&nbsp;<\/p>\n<h3>Direcci\u00f3n y tribunal<\/h3>\n<ul>\n<li><strong>Director de la tesis<\/strong>\n<ul>\n<li>Xavier Vence Deza<\/li>\n<\/ul>\n<\/li>\n<li><strong>Tribunal<\/strong>\n<ul>\n<li>Presidente del tribunal:  Beiras torrado xos\u00e9 manuel <\/li>\n<li>Jos\u00e9 Molero zayas (vocal)<\/li>\n<li>Manuel Delgado cabeza (vocal)<\/li>\n<li>ram\u00f3n Y\u00e1\u00f1ez brage (vocal)<\/li>\n<\/ul>\n<\/li>\n<\/ul>\n<p>&nbsp;<\/p>\n","protected":false},"excerpt":{"rendered":"<p>Tesis doctoral de Oscar Rodil Marzabal Esta tesis doctoral se centra en el estudio de los principales rasgos que caracterizan [&hellip;]<\/p>\n","protected":false},"author":1,"featured_media":0,"comment_status":"open","ping_status":"open","sticky":false,"template":"","format":"standard","meta":{"site-sidebar-layout":"default","site-content-layout":"","ast-site-content-layout":"","site-content-style":"default","site-sidebar-style":"default","ast-global-header-display":"","ast-banner-title-visibility":"","ast-main-header-display":"","ast-hfb-above-header-display":"","ast-hfb-below-header-display":"","ast-hfb-mobile-header-display":"","site-post-title":"","ast-breadcrumbs-content":"","ast-featured-img":"","footer-sml-layout":"","theme-transparent-header-meta":"","adv-header-id-meta":"","stick-header-meta":"","header-above-stick-meta":"","header-main-stick-meta":"","header-below-stick-meta":"","astra-migrate-meta-layouts":"default","ast-page-background-enabled":"default","ast-page-background-meta":{"desktop":{"background-color":"var(--ast-global-color-4)","background-image":"","background-repeat":"repeat","background-position":"center center","background-size":"auto","background-attachment":"scroll","background-type":"","background-media":"","overlay-type":"","overlay-color":"","overlay-gradient":""},"tablet":{"background-color":"","background-image":"","background-repeat":"repeat","background-position":"center center","background-size":"auto","background-attachment":"scroll","background-type":"","background-media":"","overlay-type":"","overlay-color":"","overlay-gradient":""},"mobile":{"background-color":"","background-image":"","background-repeat":"repeat","background-position":"center center","background-size":"auto","background-attachment":"scroll","background-type":"","background-media":"","overlay-type":"","overlay-color":"","overlay-gradient":""}},"ast-content-background-meta":{"desktop":{"background-color":"var(--ast-global-color-5)","background-image":"","background-repeat":"repeat","background-position":"center center","background-size":"auto","background-attachment":"scroll","background-type":"","background-media":"","overlay-type":"","overlay-color":"","overlay-gradient":""},"tablet":{"background-color":"var(--ast-global-color-5)","background-image":"","background-repeat":"repeat","background-position":"center center","background-size":"auto","background-attachment":"scroll","background-type":"","background-media":"","overlay-type":"","overlay-color":"","overlay-gradient":""},"mobile":{"background-color":"var(--ast-global-color-5)","background-image":"","background-repeat":"repeat","background-position":"center center","background-size":"auto","background-attachment":"scroll","background-type":"","background-media":"","overlay-type":"","overlay-color":"","overlay-gradient":""}},"footnotes":""},"categories":[82,836,891,991,977,737],"tags":[21392,6489,23493,122664,107487,53806],"class_list":["post-82119","post","type-post","status-publish","format-standard","hentry","category-ciencias-economicas","category-economia-del-cambio-tecnologico","category-estudios-de-desarrollo-economico","category-innovacion-tecnologica","category-santiago-de-compostela","category-teoria-economica","tag-beiras-torrado-xose-manuel","tag-jose-molero-zayas","tag-manuel-delgado-cabeza","tag-oscar-rodil-marzabal","tag-ramon-yanez-brage","tag-xavier-vence-deza"],"_links":{"self":[{"href":"https:\/\/www.deberes.net\/tesis\/wp-json\/wp\/v2\/posts\/82119","targetHints":{"allow":["GET"]}}],"collection":[{"href":"https:\/\/www.deberes.net\/tesis\/wp-json\/wp\/v2\/posts"}],"about":[{"href":"https:\/\/www.deberes.net\/tesis\/wp-json\/wp\/v2\/types\/post"}],"author":[{"embeddable":true,"href":"https:\/\/www.deberes.net\/tesis\/wp-json\/wp\/v2\/users\/1"}],"replies":[{"embeddable":true,"href":"https:\/\/www.deberes.net\/tesis\/wp-json\/wp\/v2\/comments?post=82119"}],"version-history":[{"count":0,"href":"https:\/\/www.deberes.net\/tesis\/wp-json\/wp\/v2\/posts\/82119\/revisions"}],"wp:attachment":[{"href":"https:\/\/www.deberes.net\/tesis\/wp-json\/wp\/v2\/media?parent=82119"}],"wp:term":[{"taxonomy":"category","embeddable":true,"href":"https:\/\/www.deberes.net\/tesis\/wp-json\/wp\/v2\/categories?post=82119"},{"taxonomy":"post_tag","embeddable":true,"href":"https:\/\/www.deberes.net\/tesis\/wp-json\/wp\/v2\/tags?post=82119"}],"curies":[{"name":"wp","href":"https:\/\/api.w.org\/{rel}","templated":true}]}}