{"id":82192,"date":"2000-01-01T00:00:00","date_gmt":"2000-01-01T00:00:00","guid":{"rendered":"https:\/\/www.deberes.net\/tesis\/sin-categoria\/caracteristicas-espectrales-y-colorimetricas-de-la-luz-dia-y-luz-cielo-en-granada\/"},"modified":"2000-01-01T00:00:00","modified_gmt":"2000-01-01T00:00:00","slug":"caracteristicas-espectrales-y-colorimetricas-de-la-luz-dia-y-luz-cielo-en-granada","status":"publish","type":"post","link":"https:\/\/www.deberes.net\/tesis\/ciencias-de-la-tierra-y-del-espacio\/caracteristicas-espectrales-y-colorimetricas-de-la-luz-dia-y-luz-cielo-en-granada\/","title":{"rendered":"Caracteristicas espectrales y colorimetricas de la luz-dia y luz-cielo en granada."},"content":{"rendered":"<h2>Tesis doctoral de <strong> Javier Hernandez Andres <\/strong><\/h2>\n<p>Es esencial poseer, por sus diversas y extensas aplicaciones, un extenso y detallado conocimiento de las distribuciones espectrales (y sus caracter\u00edsticas colorim\u00e9tricas) de la luz natural recibida sobre la superficie terrestre. La evidencia constatada de la falta de campa\u00f1as de medidas espectrorradiom\u00e9tricas sistem\u00e1ticas, en un largo periodo de tiempo, de la luz natural, tanto en espa\u00f1a como en el resto del mundo, ha provocado que hayamos llevado a cabo tres campa\u00f1as de medidas (luz-d\u00eda, luz-cielo y luz-d\u00eda durante crep\u00fasculos) utilizando un espectrorradi\u00f3metro port\u00e1til li-1800 de li-cor, constituyendo \u00e9stas una util\u00edsima base de datos con aplicaciones en distintas \u00e1reas de la ciencia, industria y t\u00e9cnica.  en la primera campa\u00f1a de medidas, desarrollada durante dos a\u00f1os completos, se midieron irradiancias espectrales de luz-d\u00eda recibida sobre una superficie horizontal y procedente de toda la b\u00f3veda celeste, en el rango espectral comprendido entre 300 y 1100 nm. Esta campa\u00f1a fue dise\u00f1ada como respuesta a las deficiencias presentadas por otras campa\u00f1as publicadas en la literatura y llevadas a cabo principalmente en los a\u00f1os 60. con un total de 2600 medidas esta campa\u00f1a se ha convertido en la m\u00e1s extensa temporalmente y en la que posee un mayor n\u00famero de curvas espectrales, de todas las existentes en la literatura.  el principal prop\u00f3sito de la segunda campa\u00f1a, llevada a cabo durante siete meses, fue medir distribuciones espectrales de radiancia (con campos de visi\u00f3n de 3 grados), procedente de un n\u00famero extenso y bien repartido de puntos sobre la b\u00f3veda celeste, en d\u00edas con cielos despejados para distintas elevaciones solares y analizar la dependencia de las caracter\u00edsticas colorim\u00e9tricas de la luz-cielo con ciertas variables (elevaci\u00f3n solar, posici\u00f3n sobre la b\u00f3veda y \u00e1ngulo de esparcimiento).  en la tercera y \u00faltima campa\u00f1a hemos medido irradiancias espectrales sobre una superficie<\/p>\n<p>&nbsp;<\/p>\n<h3>Datos acad\u00e9micos de la tesis doctoral \u00ab<strong>Caracteristicas espectrales y colorimetricas de la luz-dia y luz-cielo en granada.<\/strong>\u00ab<\/h3>\n<ul>\n<li><strong>T\u00edtulo de la tesis:<\/strong>\u00a0 Caracteristicas espectrales y colorimetricas de la luz-dia y luz-cielo en granada. <\/li>\n<li><strong>Autor:<\/strong>\u00a0 Javier Hernandez Andres <\/li>\n<li><strong>Universidad:<\/strong>\u00a0 Granada<\/li>\n<li><strong>Fecha de lectura de la tesis:<\/strong>\u00a0 01\/01\/2000<\/li>\n<\/ul>\n<p>&nbsp;<\/p>\n<h3>Direcci\u00f3n y tribunal<\/h3>\n<ul>\n<li><strong>Director de la tesis<\/strong>\n<ul>\n<li>Javier Romero Mora<\/li>\n<\/ul>\n<\/li>\n<li><strong>Tribunal<\/strong>\n<ul>\n<li>Presidente del tribunal: enrique Hita villaverde <\/li>\n<li>Antonio Corrons rodriguez (vocal)<\/li>\n<li>Mar\u00eda  josefa Yzuel gimenez (vocal)<\/li>\n<li>Luis Miguel Jim\u00e9nez del barco jaldo (vocal)<\/li>\n<\/ul>\n<\/li>\n<\/ul>\n<p>&nbsp;<\/p>\n","protected":false},"excerpt":{"rendered":"<p>Tesis doctoral de Javier Hernandez Andres Es esencial poseer, por sus diversas y extensas aplicaciones, un extenso y detallado conocimiento [&hellip;]<\/p>\n","protected":false},"author":1,"featured_media":0,"comment_status":"open","ping_status":"open","sticky":false,"template":"","format":"standard","meta":{"site-sidebar-layout":"default","site-content-layout":"","ast-site-content-layout":"","site-content-style":"default","site-sidebar-style":"default","ast-global-header-display":"","ast-banner-title-visibility":"","ast-main-header-display":"","ast-hfb-above-header-display":"","ast-hfb-below-header-display":"","ast-hfb-mobile-header-display":"","site-post-title":"","ast-breadcrumbs-content":"","ast-featured-img":"","footer-sml-layout":"","theme-transparent-header-meta":"","adv-header-id-meta":"","stick-header-meta":"","header-above-stick-meta":"","header-main-stick-meta":"","header-below-stick-meta":"","astra-migrate-meta-layouts":"default","ast-page-background-enabled":"default","ast-page-background-meta":{"desktop":{"background-color":"var(--ast-global-color-4)","background-image":"","background-repeat":"repeat","background-position":"center center","background-size":"auto","background-attachment":"scroll","background-type":"","background-media":"","overlay-type":"","overlay-color":"","overlay-gradient":""},"tablet":{"background-color":"","background-image":"","background-repeat":"repeat","background-position":"center center","background-size":"auto","background-attachment":"scroll","background-type":"","background-media":"","overlay-type":"","overlay-color":"","overlay-gradient":""},"mobile":{"background-color":"","background-image":"","background-repeat":"repeat","background-position":"center center","background-size":"auto","background-attachment":"scroll","background-type":"","background-media":"","overlay-type":"","overlay-color":"","overlay-gradient":""}},"ast-content-background-meta":{"desktop":{"background-color":"var(--ast-global-color-5)","background-image":"","background-repeat":"repeat","background-position":"center center","background-size":"auto","background-attachment":"scroll","background-type":"","background-media":"","overlay-type":"","overlay-color":"","overlay-gradient":""},"tablet":{"background-color":"var(--ast-global-color-5)","background-image":"","background-repeat":"repeat","background-position":"center center","background-size":"auto","background-attachment":"scroll","background-type":"","background-media":"","overlay-type":"","overlay-color":"","overlay-gradient":""},"mobile":{"background-color":"var(--ast-global-color-5)","background-image":"","background-repeat":"repeat","background-position":"center center","background-size":"auto","background-attachment":"scroll","background-type":"","background-media":"","overlay-type":"","overlay-color":"","overlay-gradient":""}},"footnotes":""},"categories":[950,27,1526,199,1525,27612,50168],"tags":[14879,3848,174989,21878,22053,7183],"class_list":["post-82192","post","type-post","status-publish","format-standard","hentry","category-ciencias-de-la-atmosfera","category-ciencias-de-la-tierra-y-del-espacio","category-colorimetria","category-fisica","category-optica","category-optica-atmosferica","category-radiacion-visible","tag-antonio-corrons-rodriguez","tag-enrique-hita-villaverde","tag-javier-hernandez-andres","tag-javier-romero-mora","tag-luis-miguel-jimenez-del-barco-jaldo","tag-maria-josefa-yzuel-gimenez"],"_links":{"self":[{"href":"https:\/\/www.deberes.net\/tesis\/wp-json\/wp\/v2\/posts\/82192","targetHints":{"allow":["GET"]}}],"collection":[{"href":"https:\/\/www.deberes.net\/tesis\/wp-json\/wp\/v2\/posts"}],"about":[{"href":"https:\/\/www.deberes.net\/tesis\/wp-json\/wp\/v2\/types\/post"}],"author":[{"embeddable":true,"href":"https:\/\/www.deberes.net\/tesis\/wp-json\/wp\/v2\/users\/1"}],"replies":[{"embeddable":true,"href":"https:\/\/www.deberes.net\/tesis\/wp-json\/wp\/v2\/comments?post=82192"}],"version-history":[{"count":0,"href":"https:\/\/www.deberes.net\/tesis\/wp-json\/wp\/v2\/posts\/82192\/revisions"}],"wp:attachment":[{"href":"https:\/\/www.deberes.net\/tesis\/wp-json\/wp\/v2\/media?parent=82192"}],"wp:term":[{"taxonomy":"category","embeddable":true,"href":"https:\/\/www.deberes.net\/tesis\/wp-json\/wp\/v2\/categories?post=82192"},{"taxonomy":"post_tag","embeddable":true,"href":"https:\/\/www.deberes.net\/tesis\/wp-json\/wp\/v2\/tags?post=82192"}],"curies":[{"name":"wp","href":"https:\/\/api.w.org\/{rel}","templated":true}]}}