{"id":82281,"date":"2000-01-01T00:00:00","date_gmt":"2000-01-01T00:00:00","guid":{"rendered":"https:\/\/www.deberes.net\/tesis\/sin-categoria\/espana-en-la-ue-nuevas-tendencias-regionales-y-comerciales\/"},"modified":"2000-01-01T00:00:00","modified_gmt":"2000-01-01T00:00:00","slug":"espana-en-la-ue-nuevas-tendencias-regionales-y-comerciales","status":"publish","type":"post","link":"https:\/\/www.deberes.net\/tesis\/ciencias-economicas\/espana-en-la-ue-nuevas-tendencias-regionales-y-comerciales\/","title":{"rendered":"Espa\u00f1a en la ue: nuevas tendencias regionales y comerciales."},"content":{"rendered":"<h2>Tesis doctoral de <strong>  Garcia Casado M. Teresa <\/strong><\/h2>\n<p>Esta tesis estudia espa\u00f1a y sus comunidades aut\u00f3nomas dentro de la ue. Teniendo en cuenta las nuevas tendencias regionales y comerciales. para mejor comprensi\u00f3n se ha realizado previamente un estudio geogr\u00e1fico e institucional actualizado de la ue y de las peculiaridades de cada uno de los estados miembros. sigue un ex\u00e1men de la forma en que la ue ordena su territorio en regiones, lo que es indispensable para lograr un desarrollo arm\u00f3nico y equilibrado. Se destaca especialmente la pertenencia de las comunidades aut\u00f3nomas espa\u00f1olas a los grandes grupos regionales transnacionales. Se estudian a continuaci\u00f3n las caracter\u00edsticas de dichas regiones espa\u00f1olas dentro del marco de la ue. El aspecto comercial se desarrolla a nivel regional y nacional para poder observar la evoluci\u00f3n del mismo dentro de cada regi\u00f3n con la ue y con el resto del mundo, destacando la importancia del mismo dentro de la comunidad, y teniendo en cuenta las 10 partidas de productos m\u00e1s significativas. este trabajo geogr\u00e1fico de investigaci\u00f3n sobre espa\u00f1a en la ue desde el punto de vista regional y comercial se considera de gran importancia al observar las disparidades regionales de la econom\u00eda espa\u00f1ola en la ue.#<\/p>\n<p>&nbsp;<\/p>\n<h3>Datos acad\u00e9micos de la tesis doctoral \u00ab<strong>Espa\u00f1a en la ue: nuevas tendencias regionales y comerciales.<\/strong>\u00ab<\/h3>\n<ul>\n<li><strong>T\u00edtulo de la tesis:<\/strong>\u00a0 Espa\u00f1a en la ue: nuevas tendencias regionales y comerciales. <\/li>\n<li><strong>Autor:<\/strong>\u00a0  Garcia Casado M. Teresa <\/li>\n<li><strong>Universidad:<\/strong>\u00a0 Complutense de Madrid<\/li>\n<li><strong>Fecha de lectura de la tesis:<\/strong>\u00a0 01\/01\/2000<\/li>\n<\/ul>\n<p>&nbsp;<\/p>\n<h3>Direcci\u00f3n y tribunal<\/h3>\n<ul>\n<li><strong>Director de la tesis<\/strong>\n<ul>\n<li>Adelaida Checa Sanchez<\/li>\n<\/ul>\n<\/li>\n<li><strong>Tribunal<\/strong>\n<ul>\n<li>Presidente del tribunal: Juan  Antonio C\u00f3rdoba y ord\u00f3\u00f1ez <\/li>\n<li>pedro Armas dieguez (vocal)<\/li>\n<li>Mar\u00eda isabel Bodega fern\u00e1ndez (vocal)<\/li>\n<li>Mar\u00eda victoria Azcarate luxan (vocal)<\/li>\n<\/ul>\n<\/li>\n<\/ul>\n<p>&nbsp;<\/p>\n","protected":false},"excerpt":{"rendered":"<p>Tesis doctoral de Garcia Casado M. Teresa Esta tesis estudia espa\u00f1a y sus comunidades aut\u00f3nomas dentro de la ue. Teniendo [&hellip;]<\/p>\n","protected":false},"author":1,"featured_media":0,"comment_status":"open","ping_status":"open","sticky":false,"template":"","format":"standard","meta":{"site-sidebar-layout":"default","site-content-layout":"","ast-site-content-layout":"","site-content-style":"default","site-sidebar-style":"default","ast-global-header-display":"","ast-banner-title-visibility":"","ast-main-header-display":"","ast-hfb-above-header-display":"","ast-hfb-below-header-display":"","ast-hfb-mobile-header-display":"","site-post-title":"","ast-breadcrumbs-content":"","ast-featured-img":"","footer-sml-layout":"","theme-transparent-header-meta":"","adv-header-id-meta":"","stick-header-meta":"","header-above-stick-meta":"","header-main-stick-meta":"","header-below-stick-meta":"","astra-migrate-meta-layouts":"default","ast-page-background-enabled":"default","ast-page-background-meta":{"desktop":{"background-color":"var(--ast-global-color-4)","background-image":"","background-repeat":"repeat","background-position":"center center","background-size":"auto","background-attachment":"scroll","background-type":"","background-media":"","overlay-type":"","overlay-color":"","overlay-gradient":""},"tablet":{"background-color":"","background-image":"","background-repeat":"repeat","background-position":"center center","background-size":"auto","background-attachment":"scroll","background-type":"","background-media":"","overlay-type":"","overlay-color":"","overlay-gradient":""},"mobile":{"background-color":"","background-image":"","background-repeat":"repeat","background-position":"center center","background-size":"auto","background-attachment":"scroll","background-type":"","background-media":"","overlay-type":"","overlay-color":"","overlay-gradient":""}},"ast-content-background-meta":{"desktop":{"background-color":"var(--ast-global-color-5)","background-image":"","background-repeat":"repeat","background-position":"center center","background-size":"auto","background-attachment":"scroll","background-type":"","background-media":"","overlay-type":"","overlay-color":"","overlay-gradient":""},"tablet":{"background-color":"var(--ast-global-color-5)","background-image":"","background-repeat":"repeat","background-position":"center center","background-size":"auto","background-attachment":"scroll","background-type":"","background-media":"","overlay-type":"","overlay-color":"","overlay-gradient":""},"mobile":{"background-color":"var(--ast-global-color-5)","background-image":"","background-repeat":"repeat","background-position":"center center","background-size":"auto","background-attachment":"scroll","background-type":"","background-media":"","overlay-type":"","overlay-color":"","overlay-gradient":""}},"footnotes":""},"categories":[82,14991,963,1399,3091],"tags":[175111,175110,37726,6131,175112,3097],"class_list":["post-82281","post","type-post","status-publish","format-standard","hentry","category-ciencias-economicas","category-desarrollo-regional","category-economia-sectorial","category-geografia","category-geografia-economica","tag-adelaida-checa-sanchez","tag-garcia-casado-m-teresa","tag-juan-antonio-cordoba-y-ordonez","tag-maria-isabel-bodega-fernandez","tag-maria-victoria-azcarate-luxan","tag-pedro-armas-dieguez"],"_links":{"self":[{"href":"https:\/\/www.deberes.net\/tesis\/wp-json\/wp\/v2\/posts\/82281","targetHints":{"allow":["GET"]}}],"collection":[{"href":"https:\/\/www.deberes.net\/tesis\/wp-json\/wp\/v2\/posts"}],"about":[{"href":"https:\/\/www.deberes.net\/tesis\/wp-json\/wp\/v2\/types\/post"}],"author":[{"embeddable":true,"href":"https:\/\/www.deberes.net\/tesis\/wp-json\/wp\/v2\/users\/1"}],"replies":[{"embeddable":true,"href":"https:\/\/www.deberes.net\/tesis\/wp-json\/wp\/v2\/comments?post=82281"}],"version-history":[{"count":0,"href":"https:\/\/www.deberes.net\/tesis\/wp-json\/wp\/v2\/posts\/82281\/revisions"}],"wp:attachment":[{"href":"https:\/\/www.deberes.net\/tesis\/wp-json\/wp\/v2\/media?parent=82281"}],"wp:term":[{"taxonomy":"category","embeddable":true,"href":"https:\/\/www.deberes.net\/tesis\/wp-json\/wp\/v2\/categories?post=82281"},{"taxonomy":"post_tag","embeddable":true,"href":"https:\/\/www.deberes.net\/tesis\/wp-json\/wp\/v2\/tags?post=82281"}],"curies":[{"name":"wp","href":"https:\/\/api.w.org\/{rel}","templated":true}]}}