{"id":82290,"date":"2000-01-01T00:00:00","date_gmt":"2000-01-01T00:00:00","guid":{"rendered":"https:\/\/www.deberes.net\/tesis\/sin-categoria\/hacia-la-mayoria-de-edad-de-un-periodico-obrero-el-socialista-1899-1913\/"},"modified":"2000-01-01T00:00:00","modified_gmt":"2000-01-01T00:00:00","slug":"hacia-la-mayoria-de-edad-de-un-periodico-obrero-el-socialista-1899-1913","status":"publish","type":"post","link":"https:\/\/www.deberes.net\/tesis\/historia\/hacia-la-mayoria-de-edad-de-un-periodico-obrero-el-socialista-1899-1913\/","title":{"rendered":"Hacia la mayoria de edad de un periodico obrero: el socialista, 1899-1913."},"content":{"rendered":"<h2>Tesis doctoral de <strong>  Sierra Cortes M. Luisa <\/strong><\/h2>\n<p>Esta tesis estudia el socialismo entre 1900-1913 primordialmente a trav\u00e9s de su \u00f3rgano central, el socialista. el per\u00edodo obedece al acuerdo del v congreso (sept. 1899) de transformar el socialista en diario, lo que se hizo el 1 de abril de 1913. En los diversos cap\u00edtulos se sistematizan las siguientes tem\u00e1ticas: &#8211; la estructura-forma y contenido- del semanario, su difusi\u00f3n por localidades, provincias y extranjero.  &#8211; las campa\u00f1as de compra de acciones y de entrega de donativos para el lanzamiento del diario por localidades, provincias, agrupaciones&#8230;  &#8211; el conjunto de \u00f3rganos de prensa socialista en el per\u00edodo.  &#8211; la organizaci\u00f3n del psoe y su actividad en per\u00edodos intercongresuales, con un breve an\u00e1lisis de las juventudes socialistas.  &#8211; la acci\u00f3n socialista en las instituciones pol\u00edticas radicadas en Madrid: ayuntamiento, diputaci\u00f3n y congreso de los diputados.  &#8211; las relaciones con los republicanos y anarquistas y el devenir de aquellos movimientos.#<\/p>\n<p>&nbsp;<\/p>\n<h3>Datos acad\u00e9micos de la tesis doctoral \u00ab<strong>Hacia la mayoria de edad de un periodico obrero: el socialista, 1899-1913.<\/strong>\u00ab<\/h3>\n<ul>\n<li><strong>T\u00edtulo de la tesis:<\/strong>\u00a0 Hacia la mayoria de edad de un periodico obrero: el socialista, 1899-1913. <\/li>\n<li><strong>Autor:<\/strong>\u00a0  Sierra Cortes M. Luisa <\/li>\n<li><strong>Universidad:<\/strong>\u00a0 Complutense de Madrid<\/li>\n<li><strong>Fecha de lectura de la tesis:<\/strong>\u00a0 01\/01\/2000<\/li>\n<\/ul>\n<p>&nbsp;<\/p>\n<h3>Direcci\u00f3n y tribunal<\/h3>\n<ul>\n<li><strong>Director de la tesis<\/strong>\n<ul>\n<li>Santiago Castillo Alonso<\/li>\n<\/ul>\n<\/li>\n<li><strong>Tribunal<\/strong>\n<ul>\n<li>Presidente del tribunal: Antonio Fernandez garcia <\/li>\n<li>abdon Mateos lopez (vocal)<\/li>\n<li>Jos\u00e9 Sanchez jimenez (vocal)<\/li>\n<li>Jos\u00e9 Luis Martinez ramos (vocal)<\/li>\n<\/ul>\n<\/li>\n<\/ul>\n<p>&nbsp;<\/p>\n","protected":false},"excerpt":{"rendered":"<p>Tesis doctoral de Sierra Cortes M. Luisa Esta tesis estudia el socialismo entre 1900-1913 primordialmente a trav\u00e9s de su \u00f3rgano [&hellip;]<\/p>\n","protected":false},"author":1,"featured_media":0,"comment_status":"open","ping_status":"open","sticky":false,"template":"","format":"standard","meta":{"site-sidebar-layout":"default","site-content-layout":"","ast-site-content-layout":"","site-content-style":"default","site-sidebar-style":"default","ast-global-header-display":"","ast-banner-title-visibility":"","ast-main-header-display":"","ast-hfb-above-header-display":"","ast-hfb-below-header-display":"","ast-hfb-mobile-header-display":"","site-post-title":"","ast-breadcrumbs-content":"","ast-featured-img":"","footer-sml-layout":"","theme-transparent-header-meta":"","adv-header-id-meta":"","stick-header-meta":"","header-above-stick-meta":"","header-main-stick-meta":"","header-below-stick-meta":"","astra-migrate-meta-layouts":"default","ast-page-background-enabled":"default","ast-page-background-meta":{"desktop":{"background-color":"var(--ast-global-color-4)","background-image":"","background-repeat":"repeat","background-position":"center center","background-size":"auto","background-attachment":"scroll","background-type":"","background-media":"","overlay-type":"","overlay-color":"","overlay-gradient":""},"tablet":{"background-color":"","background-image":"","background-repeat":"repeat","background-position":"center center","background-size":"auto","background-attachment":"scroll","background-type":"","background-media":"","overlay-type":"","overlay-color":"","overlay-gradient":""},"mobile":{"background-color":"","background-image":"","background-repeat":"repeat","background-position":"center center","background-size":"auto","background-attachment":"scroll","background-type":"","background-media":"","overlay-type":"","overlay-color":"","overlay-gradient":""}},"ast-content-background-meta":{"desktop":{"background-color":"var(--ast-global-color-5)","background-image":"","background-repeat":"repeat","background-position":"center center","background-size":"auto","background-attachment":"scroll","background-type":"","background-media":"","overlay-type":"","overlay-color":"","overlay-gradient":""},"tablet":{"background-color":"var(--ast-global-color-5)","background-image":"","background-repeat":"repeat","background-position":"center center","background-size":"auto","background-attachment":"scroll","background-type":"","background-media":"","overlay-type":"","overlay-color":"","overlay-gradient":""},"mobile":{"background-color":"var(--ast-global-color-5)","background-image":"","background-repeat":"repeat","background-position":"center center","background-size":"auto","background-attachment":"scroll","background-type":"","background-media":"","overlay-type":"","overlay-color":"","overlay-gradient":""}},"footnotes":""},"categories":[104,1816,3538,5812,220,222],"tags":[59365,5185,67746,6391,21626,175125],"class_list":["post-82290","post","type-post","status-publish","format-standard","hentry","category-historia","category-historia-contemporanea","category-historia-de-las-ideas-politicas","category-historia-del-periodismo","category-historia-por-epocas","category-historias-especializadas","tag-abdon-mateos-lopez","tag-antonio-fernandez-garcia","tag-jose-luis-Martinez-ramos","tag-jose-sanchez-jimenez","tag-santiago-castillo-alonso","tag-sierra-cortes-m-luisa"],"_links":{"self":[{"href":"https:\/\/www.deberes.net\/tesis\/wp-json\/wp\/v2\/posts\/82290","targetHints":{"allow":["GET"]}}],"collection":[{"href":"https:\/\/www.deberes.net\/tesis\/wp-json\/wp\/v2\/posts"}],"about":[{"href":"https:\/\/www.deberes.net\/tesis\/wp-json\/wp\/v2\/types\/post"}],"author":[{"embeddable":true,"href":"https:\/\/www.deberes.net\/tesis\/wp-json\/wp\/v2\/users\/1"}],"replies":[{"embeddable":true,"href":"https:\/\/www.deberes.net\/tesis\/wp-json\/wp\/v2\/comments?post=82290"}],"version-history":[{"count":0,"href":"https:\/\/www.deberes.net\/tesis\/wp-json\/wp\/v2\/posts\/82290\/revisions"}],"wp:attachment":[{"href":"https:\/\/www.deberes.net\/tesis\/wp-json\/wp\/v2\/media?parent=82290"}],"wp:term":[{"taxonomy":"category","embeddable":true,"href":"https:\/\/www.deberes.net\/tesis\/wp-json\/wp\/v2\/categories?post=82290"},{"taxonomy":"post_tag","embeddable":true,"href":"https:\/\/www.deberes.net\/tesis\/wp-json\/wp\/v2\/tags?post=82290"}],"curies":[{"name":"wp","href":"https:\/\/api.w.org\/{rel}","templated":true}]}}