{"id":82319,"date":"2000-01-01T00:00:00","date_gmt":"2000-01-01T00:00:00","guid":{"rendered":"https:\/\/www.deberes.net\/tesis\/sin-categoria\/cuerpo-y-arte-percepciones-corporales-en-el-arte-occidental-1970-1995\/"},"modified":"2000-01-01T00:00:00","modified_gmt":"2000-01-01T00:00:00","slug":"cuerpo-y-arte-percepciones-corporales-en-el-arte-occidental-1970-1995","status":"publish","type":"post","link":"https:\/\/www.deberes.net\/tesis\/historia\/cuerpo-y-arte-percepciones-corporales-en-el-arte-occidental-1970-1995\/","title":{"rendered":"Cuerpo y arte. percepciones corporales en el arte occidental 1970-1995."},"content":{"rendered":"<h2>Tesis doctoral de <strong> Mar\u00eda  Pilar Montero Vilar <\/strong><\/h2>\n<p>La presente investigaci\u00f3n abarca el estudio de aquellos problemas art\u00edsticos que en relaci\u00f3n con lo corporal han proliferado en el arte occidental en el \u00e1mbito cronol\u00f3gico elegido. La investigaci\u00f3n se articula en dos partes. La primera, que nos sirve de introducci\u00f3n, propone un recorrido que empieza en grecia y que termina en 1970 y con el que se ha pretendido recuperar las principales relaciones que se han establecido entre el arte y el cuerpo y que nos ayudan a contextualizar los problemas actuales.  en la segunda parte se estudian las manifestaciones de lo corporal en el arte contempor\u00e1neo desde seis perspectivas diferentes: la de los primeros artistas que a inicios de los 70 experimentaron con su cuerpo como un lugar art\u00edstico m\u00e1s, la de las mujeres que lo han reivindicado para defender sus derechos y su propia visibilidad. en \u00abel cuerpo en peligro\u00bb se estudian aquellas manifestaciones en las que los artistas expusieron su cuerpo a situaciones l\u00edmite. Los problemas del g\u00e9nero, de la tecnolog\u00eda aplicada al cuerpo o del interior del mismo constituyen las tres perspectivas restantes.#<\/p>\n<p>&nbsp;<\/p>\n<h3>Datos acad\u00e9micos de la tesis doctoral \u00ab<strong>Cuerpo y arte. percepciones corporales en el arte occidental 1970-1995.<\/strong>\u00ab<\/h3>\n<ul>\n<li><strong>T\u00edtulo de la tesis:<\/strong>\u00a0 Cuerpo y arte. percepciones corporales en el arte occidental 1970-1995. <\/li>\n<li><strong>Autor:<\/strong>\u00a0 Mar\u00eda  Pilar Montero Vilar <\/li>\n<li><strong>Universidad:<\/strong>\u00a0 Complutense de Madrid<\/li>\n<li><strong>Fecha de lectura de la tesis:<\/strong>\u00a0 01\/01\/2000<\/li>\n<\/ul>\n<p>&nbsp;<\/p>\n<h3>Direcci\u00f3n y tribunal<\/h3>\n<ul>\n<li><strong>Director de la tesis<\/strong>\n<ul>\n<li>Javier Pereda Piquer<\/li>\n<\/ul>\n<\/li>\n<li><strong>Tribunal<\/strong>\n<ul>\n<li>Presidente del tribunal: manuel Parralo dorado <\/li>\n<li>Juan  Luis Martin prada (vocal)<\/li>\n<li> Fernandez mu\u00f1oz angel Luis (vocal)<\/li>\n<li>simon Marchan fiz (vocal)<\/li>\n<\/ul>\n<\/li>\n<\/ul>\n<p>&nbsp;<\/p>\n","protected":false},"excerpt":{"rendered":"<p>Tesis doctoral de Mar\u00eda Pilar Montero Vilar La presente investigaci\u00f3n abarca el estudio de aquellos problemas art\u00edsticos que en relaci\u00f3n [&hellip;]<\/p>\n","protected":false},"author":1,"featured_media":0,"comment_status":"open","ping_status":"open","sticky":false,"template":"","format":"standard","meta":{"site-sidebar-layout":"default","site-content-layout":"","ast-site-content-layout":"","site-content-style":"default","site-sidebar-style":"default","ast-global-header-display":"","ast-banner-title-visibility":"","ast-main-header-display":"","ast-hfb-above-header-display":"","ast-hfb-below-header-display":"","ast-hfb-mobile-header-display":"","site-post-title":"","ast-breadcrumbs-content":"","ast-featured-img":"","footer-sml-layout":"","theme-transparent-header-meta":"","adv-header-id-meta":"","stick-header-meta":"","header-above-stick-meta":"","header-main-stick-meta":"","header-below-stick-meta":"","astra-migrate-meta-layouts":"default","ast-page-background-enabled":"default","ast-page-background-meta":{"desktop":{"background-color":"var(--ast-global-color-4)","background-image":"","background-repeat":"repeat","background-position":"center center","background-size":"auto","background-attachment":"scroll","background-type":"","background-media":"","overlay-type":"","overlay-color":"","overlay-gradient":""},"tablet":{"background-color":"","background-image":"","background-repeat":"repeat","background-position":"center center","background-size":"auto","background-attachment":"scroll","background-type":"","background-media":"","overlay-type":"","overlay-color":"","overlay-gradient":""},"mobile":{"background-color":"","background-image":"","background-repeat":"repeat","background-position":"center center","background-size":"auto","background-attachment":"scroll","background-type":"","background-media":"","overlay-type":"","overlay-color":"","overlay-gradient":""}},"ast-content-background-meta":{"desktop":{"background-color":"var(--ast-global-color-5)","background-image":"","background-repeat":"repeat","background-position":"center center","background-size":"auto","background-attachment":"scroll","background-type":"","background-media":"","overlay-type":"","overlay-color":"","overlay-gradient":""},"tablet":{"background-color":"var(--ast-global-color-5)","background-image":"","background-repeat":"repeat","background-position":"center center","background-size":"auto","background-attachment":"scroll","background-type":"","background-media":"","overlay-type":"","overlay-color":"","overlay-gradient":""},"mobile":{"background-color":"var(--ast-global-color-5)","background-image":"","background-repeat":"repeat","background-position":"center center","background-size":"auto","background-attachment":"scroll","background-type":"","background-media":"","overlay-type":"","overlay-color":"","overlay-gradient":""}},"footnotes":""},"categories":[147,104,1014,2563,222,3806,1111],"tags":[44801,18457,36691,6562,175164,5790],"class_list":["post-82319","post","type-post","status-publish","format-standard","hentry","category-ciencias-de-las-artes-y-las-letras","category-historia","category-historia-del-arte","category-historia-del-arte-de-los-siglos-xix-y-xx","category-historias-especializadas","category-pintura","category-teoria-analisis-y-critica-de-las-bellas-artes","tag-fernandez-munoz-angel-luis","tag-javier-pereda-piquer","tag-juan-luis-martin-prada","tag-manuel-parralo-dorado","tag-maria-pilar-montero-vilar","tag-simon-marchan-fiz"],"_links":{"self":[{"href":"https:\/\/www.deberes.net\/tesis\/wp-json\/wp\/v2\/posts\/82319","targetHints":{"allow":["GET"]}}],"collection":[{"href":"https:\/\/www.deberes.net\/tesis\/wp-json\/wp\/v2\/posts"}],"about":[{"href":"https:\/\/www.deberes.net\/tesis\/wp-json\/wp\/v2\/types\/post"}],"author":[{"embeddable":true,"href":"https:\/\/www.deberes.net\/tesis\/wp-json\/wp\/v2\/users\/1"}],"replies":[{"embeddable":true,"href":"https:\/\/www.deberes.net\/tesis\/wp-json\/wp\/v2\/comments?post=82319"}],"version-history":[{"count":0,"href":"https:\/\/www.deberes.net\/tesis\/wp-json\/wp\/v2\/posts\/82319\/revisions"}],"wp:attachment":[{"href":"https:\/\/www.deberes.net\/tesis\/wp-json\/wp\/v2\/media?parent=82319"}],"wp:term":[{"taxonomy":"category","embeddable":true,"href":"https:\/\/www.deberes.net\/tesis\/wp-json\/wp\/v2\/categories?post=82319"},{"taxonomy":"post_tag","embeddable":true,"href":"https:\/\/www.deberes.net\/tesis\/wp-json\/wp\/v2\/tags?post=82319"}],"curies":[{"name":"wp","href":"https:\/\/api.w.org\/{rel}","templated":true}]}}