{"id":82321,"date":"2000-01-01T00:00:00","date_gmt":"2000-01-01T00:00:00","guid":{"rendered":"https:\/\/www.deberes.net\/tesis\/sin-categoria\/el-paisaje-castellano-leones-en-la-pintura-1900-1950\/"},"modified":"2000-01-01T00:00:00","modified_gmt":"2000-01-01T00:00:00","slug":"el-paisaje-castellano-leones-en-la-pintura-1900-1950","status":"publish","type":"post","link":"https:\/\/www.deberes.net\/tesis\/historia\/el-paisaje-castellano-leones-en-la-pintura-1900-1950\/","title":{"rendered":"El paisaje castellano-leones en la pintura. 1900-1950."},"content":{"rendered":"<h2>Tesis doctoral de <strong> Natividad Santillana Sanchez <\/strong><\/h2>\n<p>El tema de estudio es el paisaje castellano-leon\u00e9s en la pintura, de 1900 a 1950. se ha estructurado en tres cap\u00edtulos. el primero es una breve historia del or\u00edgen y desarrollo de la pintura de paisaje en europa. En el segundo cap\u00edtulo, se realiza un estudio del origen y descubrimiento del paisaje de castilla en espa\u00f1a, a trav\u00e9s del descubrimiento de un nuevo lenguaje literario, que aporta la llamada generaci\u00f3n del 98. Es castilla para ellos, clave y fuente de un lenguaje literario: liberaci\u00f3n de las sensaciones, sentido de sobriedad, sentido l\u00edrico y emotivo del paisaje. Es tambi\u00e9n el estudio de los cl\u00e1sicos espa\u00f1oles. Goya, el greco y vel\u00e1zquez, as\u00ed como la visi\u00f3n de los pintores vascos de principios del siglo xx, descubridores de castilla. En el tercer cap\u00edtulo, nos adentramos en las claves pict\u00f3ricas de los pintores nacidos y vinculados a castilla, aportando una visi\u00f3n y expresi\u00f3n pict\u00f3rica de \u00e9sta. Los hemos englobado en las siguientes visiones: \u00abel color y la luz en castilla\u00bb,  \u00abs\u00edntesis formal en castlla\u00bb, \u00abel color en el cubismo de castilla\u00bb, \u00abexpresionismo favusita castellano\u00bb, \u00abexpresionismo\u00bb, \u00abcastilla de la enso\u00f1aci\u00f3n\u00bb y \u00abs\u00edntesis formal y abstracci\u00f3n\u00bb, terminando con unas conclusiones sobre el lenguaje pl\u00e1stico en castilla.#<\/p>\n<p>&nbsp;<\/p>\n<h3>Datos acad\u00e9micos de la tesis doctoral \u00ab<strong>El paisaje castellano-leones en la pintura. 1900-1950.<\/strong>\u00ab<\/h3>\n<ul>\n<li><strong>T\u00edtulo de la tesis:<\/strong>\u00a0 El paisaje castellano-leones en la pintura. 1900-1950. <\/li>\n<li><strong>Autor:<\/strong>\u00a0 Natividad Santillana Sanchez <\/li>\n<li><strong>Universidad:<\/strong>\u00a0 Complutense de Madrid<\/li>\n<li><strong>Fecha de lectura de la tesis:<\/strong>\u00a0 01\/01\/2000<\/li>\n<\/ul>\n<p>&nbsp;<\/p>\n<h3>Direcci\u00f3n y tribunal<\/h3>\n<ul>\n<li><strong>Director de la tesis<\/strong>\n<ul>\n<li>Alberto Datas Panero<\/li>\n<\/ul>\n<\/li>\n<li><strong>Tribunal<\/strong>\n<ul>\n<li>Presidente del tribunal: javier Pereda piquer <\/li>\n<li>Fernando Sanchez calderon (vocal)<\/li>\n<li>simon Marchan fiz (vocal)<\/li>\n<li>angel Huete valez (vocal)<\/li>\n<\/ul>\n<\/li>\n<\/ul>\n<p>&nbsp;<\/p>\n","protected":false},"excerpt":{"rendered":"<p>Tesis doctoral de Natividad Santillana Sanchez El tema de estudio es el paisaje castellano-leon\u00e9s en la pintura, de 1900 a [&hellip;]<\/p>\n","protected":false},"author":1,"featured_media":0,"comment_status":"open","ping_status":"open","sticky":false,"template":"","format":"standard","meta":{"site-sidebar-layout":"default","site-content-layout":"","ast-site-content-layout":"","site-content-style":"default","site-sidebar-style":"default","ast-global-header-display":"","ast-banner-title-visibility":"","ast-main-header-display":"","ast-hfb-above-header-display":"","ast-hfb-below-header-display":"","ast-hfb-mobile-header-display":"","site-post-title":"","ast-breadcrumbs-content":"","ast-featured-img":"","footer-sml-layout":"","theme-transparent-header-meta":"","adv-header-id-meta":"","stick-header-meta":"","header-above-stick-meta":"","header-main-stick-meta":"","header-below-stick-meta":"","astra-migrate-meta-layouts":"default","ast-page-background-enabled":"default","ast-page-background-meta":{"desktop":{"background-color":"var(--ast-global-color-4)","background-image":"","background-repeat":"repeat","background-position":"center center","background-size":"auto","background-attachment":"scroll","background-type":"","background-media":"","overlay-type":"","overlay-color":"","overlay-gradient":""},"tablet":{"background-color":"","background-image":"","background-repeat":"repeat","background-position":"center center","background-size":"auto","background-attachment":"scroll","background-type":"","background-media":"","overlay-type":"","overlay-color":"","overlay-gradient":""},"mobile":{"background-color":"","background-image":"","background-repeat":"repeat","background-position":"center center","background-size":"auto","background-attachment":"scroll","background-type":"","background-media":"","overlay-type":"","overlay-color":"","overlay-gradient":""}},"ast-content-background-meta":{"desktop":{"background-color":"var(--ast-global-color-5)","background-image":"","background-repeat":"repeat","background-position":"center center","background-size":"auto","background-attachment":"scroll","background-type":"","background-media":"","overlay-type":"","overlay-color":"","overlay-gradient":""},"tablet":{"background-color":"var(--ast-global-color-5)","background-image":"","background-repeat":"repeat","background-position":"center center","background-size":"auto","background-attachment":"scroll","background-type":"","background-media":"","overlay-type":"","overlay-color":"","overlay-gradient":""},"mobile":{"background-color":"var(--ast-global-color-5)","background-image":"","background-repeat":"repeat","background-position":"center center","background-size":"auto","background-attachment":"scroll","background-type":"","background-media":"","overlay-type":"","overlay-color":"","overlay-gradient":""}},"footnotes":""},"categories":[147,104,1014,2563,222,3806,1111],"tags":[32618,175167,24503,18457,175166,5790],"class_list":["post-82321","post","type-post","status-publish","format-standard","hentry","category-ciencias-de-las-artes-y-las-letras","category-historia","category-historia-del-arte","category-historia-del-arte-de-los-siglos-xix-y-xx","category-historias-especializadas","category-pintura","category-teoria-analisis-y-critica-de-las-bellas-artes","tag-alberto-datas-panero","tag-angel-huete-valez","tag-fernando-sanchez-calderon","tag-javier-pereda-piquer","tag-natividad-santillana-sanchez","tag-simon-marchan-fiz"],"_links":{"self":[{"href":"https:\/\/www.deberes.net\/tesis\/wp-json\/wp\/v2\/posts\/82321","targetHints":{"allow":["GET"]}}],"collection":[{"href":"https:\/\/www.deberes.net\/tesis\/wp-json\/wp\/v2\/posts"}],"about":[{"href":"https:\/\/www.deberes.net\/tesis\/wp-json\/wp\/v2\/types\/post"}],"author":[{"embeddable":true,"href":"https:\/\/www.deberes.net\/tesis\/wp-json\/wp\/v2\/users\/1"}],"replies":[{"embeddable":true,"href":"https:\/\/www.deberes.net\/tesis\/wp-json\/wp\/v2\/comments?post=82321"}],"version-history":[{"count":0,"href":"https:\/\/www.deberes.net\/tesis\/wp-json\/wp\/v2\/posts\/82321\/revisions"}],"wp:attachment":[{"href":"https:\/\/www.deberes.net\/tesis\/wp-json\/wp\/v2\/media?parent=82321"}],"wp:term":[{"taxonomy":"category","embeddable":true,"href":"https:\/\/www.deberes.net\/tesis\/wp-json\/wp\/v2\/categories?post=82321"},{"taxonomy":"post_tag","embeddable":true,"href":"https:\/\/www.deberes.net\/tesis\/wp-json\/wp\/v2\/tags?post=82321"}],"curies":[{"name":"wp","href":"https:\/\/api.w.org\/{rel}","templated":true}]}}