{"id":82338,"date":"2000-01-01T00:00:00","date_gmt":"2000-01-01T00:00:00","guid":{"rendered":"https:\/\/www.deberes.net\/tesis\/sin-categoria\/la-aplicacion-de-la-justicia-criminal-ordinaria-en-el-valle-de-toluca-la-transicion-del-antiguo-regimen-a-los-primeros-anos-de-la-epoca-independiente-1800-1829\/"},"modified":"2000-01-01T00:00:00","modified_gmt":"2000-01-01T00:00:00","slug":"la-aplicacion-de-la-justicia-criminal-ordinaria-en-el-valle-de-toluca-la-transicion-del-antiguo-regimen-a-los-primeros-anos-de-la-epoca-independiente-1800-1829","status":"publish","type":"post","link":"https:\/\/www.deberes.net\/tesis\/historia\/la-aplicacion-de-la-justicia-criminal-ordinaria-en-el-valle-de-toluca-la-transicion-del-antiguo-regimen-a-los-primeros-anos-de-la-epoca-independiente-1800-1829\/","title":{"rendered":"La aplicacion de la justicia criminal ordinaria en el valle de toluca: la transicion del antiguo regimen a los primeros a\u00f1os de la epoca independiente (1800-1829)."},"content":{"rendered":"<h2>Tesis doctoral de <strong>  Tellez Gonzalez Mario Armando <\/strong><\/h2>\n<p>Este trabajo de investigaci\u00f3n tiene tres ejes de investigaci\u00f3n que lo articulan: uno temporal y dos tem\u00e1ticos. el primero enlaza dos etapas fundamentales en la historia hispanoamericana, al cual tradicionalmente, no se le ha dedicado la atenci\u00f3n debida: el final del per\u00edodo colonial y el inicio de la \u00e9poca independiente. por lo que se refiere a los ejes tem\u00e1ticos, uno se conforma, por la descripci\u00f3n org\u00e1nica y dogm\u00e1tica del sistema penal vigente en la \u00e9poca (1800-1829) y el otro por un an\u00e1lisis cuantitativo de la criminalidad en la regi\u00f3n del valle de toluca para el mismo per\u00edodo.#<\/p>\n<p>&nbsp;<\/p>\n<h3>Datos acad\u00e9micos de la tesis doctoral \u00ab<strong>La aplicacion de la justicia criminal ordinaria en el valle de toluca: la transicion del antiguo regimen a los primeros a\u00f1os de la epoca independiente (1800-1829).<\/strong>\u00ab<\/h3>\n<ul>\n<li><strong>T\u00edtulo de la tesis:<\/strong>\u00a0 La aplicacion de la justicia criminal ordinaria en el valle de toluca: la transicion del antiguo regimen a los primeros a\u00f1os de la epoca independiente (1800-1829). <\/li>\n<li><strong>Autor:<\/strong>\u00a0  Tellez Gonzalez Mario Armando <\/li>\n<li><strong>Universidad:<\/strong>\u00a0 Complutense de Madrid<\/li>\n<li><strong>Fecha de lectura de la tesis:<\/strong>\u00a0 01\/01\/2000<\/li>\n<\/ul>\n<p>&nbsp;<\/p>\n<h3>Direcci\u00f3n y tribunal<\/h3>\n<ul>\n<li><strong>Director de la tesis<\/strong>\n<ul>\n<li>Jose Sanchez Arcilla Bernal<\/li>\n<\/ul>\n<\/li>\n<li><strong>Tribunal<\/strong>\n<ul>\n<li>Presidente del tribunal: secundino jose Gutierrez  alvarez <\/li>\n<li>agustin Bermudez aznar (vocal)<\/li>\n<li>pedro Andr\u00e9s Porras arboledas (vocal)<\/li>\n<li>pedro Ortego gil (vocal)<\/li>\n<\/ul>\n<\/li>\n<\/ul>\n<p>&nbsp;<\/p>\n","protected":false},"excerpt":{"rendered":"<p>Tesis doctoral de Tellez Gonzalez Mario Armando Este trabajo de investigaci\u00f3n tiene tres ejes de investigaci\u00f3n que lo articulan: uno [&hellip;]<\/p>\n","protected":false},"author":1,"featured_media":0,"comment_status":"open","ping_status":"open","sticky":false,"template":"","format":"standard","meta":{"site-sidebar-layout":"default","site-content-layout":"","ast-site-content-layout":"","site-content-style":"default","site-sidebar-style":"default","ast-global-header-display":"","ast-banner-title-visibility":"","ast-main-header-display":"","ast-hfb-above-header-display":"","ast-hfb-below-header-display":"","ast-hfb-mobile-header-display":"","site-post-title":"","ast-breadcrumbs-content":"","ast-featured-img":"","footer-sml-layout":"","theme-transparent-header-meta":"","adv-header-id-meta":"","stick-header-meta":"","header-above-stick-meta":"","header-main-stick-meta":"","header-below-stick-meta":"","astra-migrate-meta-layouts":"default","ast-page-background-enabled":"default","ast-page-background-meta":{"desktop":{"background-color":"var(--ast-global-color-4)","background-image":"","background-repeat":"repeat","background-position":"center center","background-size":"auto","background-attachment":"scroll","background-type":"","background-media":"","overlay-type":"","overlay-color":"","overlay-gradient":""},"tablet":{"background-color":"","background-image":"","background-repeat":"repeat","background-position":"center center","background-size":"auto","background-attachment":"scroll","background-type":"","background-media":"","overlay-type":"","overlay-color":"","overlay-gradient":""},"mobile":{"background-color":"","background-image":"","background-repeat":"repeat","background-position":"center center","background-size":"auto","background-attachment":"scroll","background-type":"","background-media":"","overlay-type":"","overlay-color":"","overlay-gradient":""}},"ast-content-background-meta":{"desktop":{"background-color":"var(--ast-global-color-5)","background-image":"","background-repeat":"repeat","background-position":"center center","background-size":"auto","background-attachment":"scroll","background-type":"","background-media":"","overlay-type":"","overlay-color":"","overlay-gradient":""},"tablet":{"background-color":"var(--ast-global-color-5)","background-image":"","background-repeat":"repeat","background-position":"center center","background-size":"auto","background-attachment":"scroll","background-type":"","background-media":"","overlay-type":"","overlay-color":"","overlay-gradient":""},"mobile":{"background-color":"var(--ast-global-color-5)","background-image":"","background-repeat":"repeat","background-position":"center center","background-size":"auto","background-attachment":"scroll","background-type":"","background-media":"","overlay-type":"","overlay-color":"","overlay-gradient":""}},"footnotes":""},"categories":[104,1816,6049,758,220,222],"tags":[19367,37342,113754,33455,7059,175189],"class_list":["post-82338","post","type-post","status-publish","format-standard","hentry","category-historia","category-historia-contemporanea","category-historia-contemporanea-del-area-americana","category-historia-del-derecho-y-de-las-instituciones-juridicas","category-historia-por-epocas","category-historias-especializadas","tag-agustin-bermudez-aznar","tag-jose-sanchez-arcilla-bernal","tag-pedro-andres-porras-arboledas","tag-pedro-ortego-gil","tag-secundino-jose-gutierrez-alvarez","tag-tellez-gonzalez-mario-armando"],"_links":{"self":[{"href":"https:\/\/www.deberes.net\/tesis\/wp-json\/wp\/v2\/posts\/82338","targetHints":{"allow":["GET"]}}],"collection":[{"href":"https:\/\/www.deberes.net\/tesis\/wp-json\/wp\/v2\/posts"}],"about":[{"href":"https:\/\/www.deberes.net\/tesis\/wp-json\/wp\/v2\/types\/post"}],"author":[{"embeddable":true,"href":"https:\/\/www.deberes.net\/tesis\/wp-json\/wp\/v2\/users\/1"}],"replies":[{"embeddable":true,"href":"https:\/\/www.deberes.net\/tesis\/wp-json\/wp\/v2\/comments?post=82338"}],"version-history":[{"count":0,"href":"https:\/\/www.deberes.net\/tesis\/wp-json\/wp\/v2\/posts\/82338\/revisions"}],"wp:attachment":[{"href":"https:\/\/www.deberes.net\/tesis\/wp-json\/wp\/v2\/media?parent=82338"}],"wp:term":[{"taxonomy":"category","embeddable":true,"href":"https:\/\/www.deberes.net\/tesis\/wp-json\/wp\/v2\/categories?post=82338"},{"taxonomy":"post_tag","embeddable":true,"href":"https:\/\/www.deberes.net\/tesis\/wp-json\/wp\/v2\/tags?post=82338"}],"curies":[{"name":"wp","href":"https:\/\/api.w.org\/{rel}","templated":true}]}}