{"id":82344,"date":"2000-01-01T00:00:00","date_gmt":"2000-01-01T00:00:00","guid":{"rendered":"https:\/\/www.deberes.net\/tesis\/sin-categoria\/etnografia-de-la-ciudad-y-puerto-de-veracruz-mexico\/"},"modified":"2000-01-01T00:00:00","modified_gmt":"2000-01-01T00:00:00","slug":"etnografia-de-la-ciudad-y-puerto-de-veracruz-mexico","status":"publish","type":"post","link":"https:\/\/www.deberes.net\/tesis\/historia\/etnografia-de-la-ciudad-y-puerto-de-veracruz-mexico\/","title":{"rendered":"Etnografia de la ciudad y puerto de veracruz (mexico)."},"content":{"rendered":"<h2>Tesis doctoral de <strong> Juan  Antonio Flores Martos <\/strong><\/h2>\n<p>La tesis constituye la primera etnograf\u00eda sobre la ciudad y puerto de veracruz (m\u00e9xico), ubicada geogr\u00e1ficamente en el golfo de m\u00e9xico, y culturalmente bajo la influencia de las sociedades cariba\u00f1as. Explora la singularidad de la cultura urbana veracruzana, de car\u00e1cter portuaria, postcolonial y perif\u00e9rica, y signada por su carnaval. El texto evidencia el enorme esfuerzo po\u00e9tico, imaginario y pl\u00e1stico que muestra esta sociedad; empe\u00f1ada en construir e incorporar unos rasgos y hebras identitarias de algo que no son. en esta manufactura identitaria, destaca la importancia del proceso de carnavalizaci\u00f3n vigente entre los habitantes y ambientes ciudadanos. En un puerto donde hist\u00f3ricamente las colonias extranjeras han tenido un peso cuantitativo y cualitativo importante, se investiga el proceso de encarnaci\u00f3n de motivos e im\u00e1genes extranjeras y ex\u00f3ticas en el tejido social veracruzano, y su posici\u00f3n y relevancia en la composici\u00f3n identitaria de la ciudad y sus habitantes. Asimismo, se sostiene la existencia de un pante\u00f3n de esp\u00edritus carnavalizado entre los agentes y participantes en creencias y rituales de la ciencia espiritual, y los cultos de sanaci\u00f3n, de gran arraigo popular en la ciudad. Se puede hablar de la veracruzana como una sociedad \u00abmcara\u00bb por su car\u00e1cter poroso.<\/p>\n<p>&nbsp;<\/p>\n<h3>Datos acad\u00e9micos de la tesis doctoral \u00ab<strong>Etnografia de la ciudad y puerto de veracruz (mexico).<\/strong>\u00ab<\/h3>\n<ul>\n<li><strong>T\u00edtulo de la tesis:<\/strong>\u00a0 Etnografia de la ciudad y puerto de veracruz (mexico). <\/li>\n<li><strong>Autor:<\/strong>\u00a0 Juan  Antonio Flores Martos <\/li>\n<li><strong>Universidad:<\/strong>\u00a0 Complutense de Madrid<\/li>\n<li><strong>Fecha de lectura de la tesis:<\/strong>\u00a0 01\/01\/2000<\/li>\n<\/ul>\n<p>&nbsp;<\/p>\n<h3>Direcci\u00f3n y tribunal<\/h3>\n<ul>\n<li><strong>Director de la tesis<\/strong>\n<ul>\n<li>Manuel Guti\u00e9rrez Est\u00e9vez<\/li>\n<\/ul>\n<\/li>\n<li><strong>Tribunal<\/strong>\n<ul>\n<li>Presidente del tribunal: Mar\u00eda Catedra tomas <\/li>\n<li> Diaz de viana Luis n. (vocal)<\/li>\n<li>gonzalo Abril curto (vocal)<\/li>\n<li>Fernando Giobellina brumana (vocal)<\/li>\n<\/ul>\n<\/li>\n<\/ul>\n<p>&nbsp;<\/p>\n","protected":false},"excerpt":{"rendered":"<p>Tesis doctoral de Juan Antonio Flores Martos La tesis constituye la primera etnograf\u00eda sobre la ciudad y puerto de veracruz [&hellip;]<\/p>\n","protected":false},"author":1,"featured_media":0,"comment_status":"open","ping_status":"open","sticky":false,"template":"","format":"standard","meta":{"site-sidebar-layout":"default","site-content-layout":"","ast-site-content-layout":"","site-content-style":"default","site-sidebar-style":"default","ast-global-header-display":"","ast-banner-title-visibility":"","ast-main-header-display":"","ast-hfb-above-header-display":"","ast-hfb-below-header-display":"","ast-hfb-mobile-header-display":"","site-post-title":"","ast-breadcrumbs-content":"","ast-featured-img":"","footer-sml-layout":"","theme-transparent-header-meta":"","adv-header-id-meta":"","stick-header-meta":"","header-above-stick-meta":"","header-main-stick-meta":"","header-below-stick-meta":"","astra-migrate-meta-layouts":"default","ast-page-background-enabled":"default","ast-page-background-meta":{"desktop":{"background-color":"var(--ast-global-color-4)","background-image":"","background-repeat":"repeat","background-position":"center center","background-size":"auto","background-attachment":"scroll","background-type":"","background-media":"","overlay-type":"","overlay-color":"","overlay-gradient":""},"tablet":{"background-color":"","background-image":"","background-repeat":"repeat","background-position":"center center","background-size":"auto","background-attachment":"scroll","background-type":"","background-media":"","overlay-type":"","overlay-color":"","overlay-gradient":""},"mobile":{"background-color":"","background-image":"","background-repeat":"repeat","background-position":"center center","background-size":"auto","background-attachment":"scroll","background-type":"","background-media":"","overlay-type":"","overlay-color":"","overlay-gradient":""}},"ast-content-background-meta":{"desktop":{"background-color":"var(--ast-global-color-5)","background-image":"","background-repeat":"repeat","background-position":"center center","background-size":"auto","background-attachment":"scroll","background-type":"","background-media":"","overlay-type":"","overlay-color":"","overlay-gradient":""},"tablet":{"background-color":"var(--ast-global-color-5)","background-image":"","background-repeat":"repeat","background-position":"center center","background-size":"auto","background-attachment":"scroll","background-type":"","background-media":"","overlay-type":"","overlay-color":"","overlay-gradient":""},"mobile":{"background-color":"var(--ast-global-color-5)","background-image":"","background-repeat":"repeat","background-position":"center center","background-size":"auto","background-attachment":"scroll","background-type":"","background-media":"","overlay-type":"","overlay-color":"","overlay-gradient":""}},"footnotes":""},"categories":[681,983,104,6480,222],"tags":[175197,175198,5355,62183,5151,6028],"class_list":["post-82344","post","type-post","status-publish","format-standard","hentry","category-antropologia","category-antropologia-cultural","category-historia","category-historia-social-y-cultural-de-america","category-historias-especializadas","tag-diaz-de-viana-luis-n","tag-fernando-giobellina-brumana","tag-gonzalo-abril-curto","tag-juan-antonio-flores-martos","tag-manuel-gutierrez-estevez","tag-maria-catedra-tomas"],"_links":{"self":[{"href":"https:\/\/www.deberes.net\/tesis\/wp-json\/wp\/v2\/posts\/82344","targetHints":{"allow":["GET"]}}],"collection":[{"href":"https:\/\/www.deberes.net\/tesis\/wp-json\/wp\/v2\/posts"}],"about":[{"href":"https:\/\/www.deberes.net\/tesis\/wp-json\/wp\/v2\/types\/post"}],"author":[{"embeddable":true,"href":"https:\/\/www.deberes.net\/tesis\/wp-json\/wp\/v2\/users\/1"}],"replies":[{"embeddable":true,"href":"https:\/\/www.deberes.net\/tesis\/wp-json\/wp\/v2\/comments?post=82344"}],"version-history":[{"count":0,"href":"https:\/\/www.deberes.net\/tesis\/wp-json\/wp\/v2\/posts\/82344\/revisions"}],"wp:attachment":[{"href":"https:\/\/www.deberes.net\/tesis\/wp-json\/wp\/v2\/media?parent=82344"}],"wp:term":[{"taxonomy":"category","embeddable":true,"href":"https:\/\/www.deberes.net\/tesis\/wp-json\/wp\/v2\/categories?post=82344"},{"taxonomy":"post_tag","embeddable":true,"href":"https:\/\/www.deberes.net\/tesis\/wp-json\/wp\/v2\/tags?post=82344"}],"curies":[{"name":"wp","href":"https:\/\/api.w.org\/{rel}","templated":true}]}}