{"id":82347,"date":"2000-01-01T00:00:00","date_gmt":"2000-01-01T00:00:00","guid":{"rendered":"https:\/\/www.deberes.net\/tesis\/sin-categoria\/mascaras-de-hatillo-un-estudio-de-antropologia-visual-a-traves-de-la-antropologia-social\/"},"modified":"2000-01-01T00:00:00","modified_gmt":"2000-01-01T00:00:00","slug":"mascaras-de-hatillo-un-estudio-de-antropologia-visual-a-traves-de-la-antropologia-social","status":"publish","type":"post","link":"https:\/\/www.deberes.net\/tesis\/antropologia\/mascaras-de-hatillo-un-estudio-de-antropologia-visual-a-traves-de-la-antropologia-social\/","title":{"rendered":"Mascaras de hatillo: un estudio de antropolog\u00eda visual a traves de la antropolog\u00eda social."},"content":{"rendered":"<h2>Tesis doctoral de <strong>  Santiago Alvarez Luis Francisco <\/strong><\/h2>\n<p>Es el estudio antropol\u00f3gico sobre una celebraci\u00f3n anual en un pueblo al norte de la isla de puerto arico, todos los 28 de diciembre. las manifestaciones de este evento lo identifican como un potlatch caracter\u00edstico de las sociedades agr\u00edcolas pre-industriales y se produce dentro del marco de la modernidad, en una sociedad industrializada y bajo el control colonial de estados unidos.  el estudio  demuestra c\u00f3mo la cultura popular acent\u00faa la identidad comunal de un \u00e1rea agr\u00edcola: ganadera que se presenta como un foco de resistencia ante la \u00e9lite dominante impregnada por los valores de la sociedad de consumo corporativa y su cultura de masas en un contexto de crisis de identidad nacional.  la perspectiva es completamente hol\u00edstica, remitiendose a los marcos te\u00f3ricos relevantes sin adscripciones a escuelas de pensamiento antropol\u00f3gico definidas. La metodolog\u00eda emplea la atnograf\u00eda intensa, la germen\u00e9utica para el estudio socio:hist\u00f3rico y las dimensiones de significado en un evento ritualista comunal, integr\u00e1ndose todo con el uso de la imagen; veh\u00edculo privilegiado<\/p>\n<p>&nbsp;<\/p>\n<h3>Datos acad\u00e9micos de la tesis doctoral \u00ab<strong>Mascaras de hatillo: un estudio de antropolog\u00eda visual a traves de la antropolog\u00eda social.<\/strong>\u00ab<\/h3>\n<ul>\n<li><strong>T\u00edtulo de la tesis:<\/strong>\u00a0 Mascaras de hatillo: un estudio de antropolog\u00eda visual a traves de la antropolog\u00eda social. <\/li>\n<li><strong>Autor:<\/strong>\u00a0  Santiago Alvarez Luis Francisco <\/li>\n<li><strong>Universidad:<\/strong>\u00a0 Complutense de Madrid<\/li>\n<li><strong>Fecha de lectura de la tesis:<\/strong>\u00a0 01\/01\/2000<\/li>\n<\/ul>\n<p>&nbsp;<\/p>\n<h3>Direcci\u00f3n y tribunal<\/h3>\n<ul>\n<li><strong>Director de la tesis<\/strong>\n<ul>\n<li>Jos\u00e9 Antonio Gonz\u00e1lez Alcantud<\/li>\n<\/ul>\n<\/li>\n<li><strong>Tribunal<\/strong>\n<ul>\n<li>Presidente del tribunal: ricardo Sanmartin arce <\/li>\n<li>Antonio Manoly robles (vocal)<\/li>\n<li> Garcia de leon alvarez m. antonia (vocal)<\/li>\n<li>Manuel Delgado ruiz (vocal)<\/li>\n<\/ul>\n<\/li>\n<\/ul>\n<p>&nbsp;<\/p>\n","protected":false},"excerpt":{"rendered":"<p>Tesis doctoral de Santiago Alvarez Luis Francisco Es el estudio antropol\u00f3gico sobre una celebraci\u00f3n anual en un pueblo al norte [&hellip;]<\/p>\n","protected":false},"author":1,"featured_media":0,"comment_status":"open","ping_status":"open","sticky":false,"template":"","format":"standard","meta":{"site-sidebar-layout":"default","site-content-layout":"","ast-site-content-layout":"","site-content-style":"default","site-sidebar-style":"default","ast-global-header-display":"","ast-banner-title-visibility":"","ast-main-header-display":"","ast-hfb-above-header-display":"","ast-hfb-below-header-display":"","ast-hfb-mobile-header-display":"","site-post-title":"","ast-breadcrumbs-content":"","ast-featured-img":"","footer-sml-layout":"","theme-transparent-header-meta":"","adv-header-id-meta":"","stick-header-meta":"","header-above-stick-meta":"","header-main-stick-meta":"","header-below-stick-meta":"","astra-migrate-meta-layouts":"default","ast-page-background-enabled":"default","ast-page-background-meta":{"desktop":{"background-color":"var(--ast-global-color-4)","background-image":"","background-repeat":"repeat","background-position":"center center","background-size":"auto","background-attachment":"scroll","background-type":"","background-media":"","overlay-type":"","overlay-color":"","overlay-gradient":""},"tablet":{"background-color":"","background-image":"","background-repeat":"repeat","background-position":"center center","background-size":"auto","background-attachment":"scroll","background-type":"","background-media":"","overlay-type":"","overlay-color":"","overlay-gradient":""},"mobile":{"background-color":"","background-image":"","background-repeat":"repeat","background-position":"center center","background-size":"auto","background-attachment":"scroll","background-type":"","background-media":"","overlay-type":"","overlay-color":"","overlay-gradient":""}},"ast-content-background-meta":{"desktop":{"background-color":"var(--ast-global-color-5)","background-image":"","background-repeat":"repeat","background-position":"center center","background-size":"auto","background-attachment":"scroll","background-type":"","background-media":"","overlay-type":"","overlay-color":"","overlay-gradient":""},"tablet":{"background-color":"var(--ast-global-color-5)","background-image":"","background-repeat":"repeat","background-position":"center center","background-size":"auto","background-attachment":"scroll","background-type":"","background-media":"","overlay-type":"","overlay-color":"","overlay-gradient":""},"mobile":{"background-color":"var(--ast-global-color-5)","background-image":"","background-repeat":"repeat","background-position":"center center","background-size":"auto","background-attachment":"scroll","background-type":"","background-media":"","overlay-type":"","overlay-color":"","overlay-gradient":""}},"footnotes":""},"categories":[681,983,4592],"tags":[175204,175205,3997,19674,6758,175203],"class_list":["post-82347","post","type-post","status-publish","format-standard","hentry","category-antropologia","category-antropologia-cultural","category-danzas-y-fiestas","tag-antonio-manoly-robles","tag-garcia-de-leon-alvarez-m-antonia","tag-jose-antonio-gonzalez-alcantud","tag-manuel-delgado-ruiz","tag-ricardo-sanmartin-arce","tag-santiago-alvarez-luis-francisco"],"_links":{"self":[{"href":"https:\/\/www.deberes.net\/tesis\/wp-json\/wp\/v2\/posts\/82347","targetHints":{"allow":["GET"]}}],"collection":[{"href":"https:\/\/www.deberes.net\/tesis\/wp-json\/wp\/v2\/posts"}],"about":[{"href":"https:\/\/www.deberes.net\/tesis\/wp-json\/wp\/v2\/types\/post"}],"author":[{"embeddable":true,"href":"https:\/\/www.deberes.net\/tesis\/wp-json\/wp\/v2\/users\/1"}],"replies":[{"embeddable":true,"href":"https:\/\/www.deberes.net\/tesis\/wp-json\/wp\/v2\/comments?post=82347"}],"version-history":[{"count":0,"href":"https:\/\/www.deberes.net\/tesis\/wp-json\/wp\/v2\/posts\/82347\/revisions"}],"wp:attachment":[{"href":"https:\/\/www.deberes.net\/tesis\/wp-json\/wp\/v2\/media?parent=82347"}],"wp:term":[{"taxonomy":"category","embeddable":true,"href":"https:\/\/www.deberes.net\/tesis\/wp-json\/wp\/v2\/categories?post=82347"},{"taxonomy":"post_tag","embeddable":true,"href":"https:\/\/www.deberes.net\/tesis\/wp-json\/wp\/v2\/tags?post=82347"}],"curies":[{"name":"wp","href":"https:\/\/api.w.org\/{rel}","templated":true}]}}